{"id":91134,"date":"2025-06-26T08:34:04","date_gmt":"2025-06-26T11:34:04","guid":{"rendered":"https:\/\/noticiasbahia360.com.br\/?p=91134"},"modified":"2025-06-26T08:34:04","modified_gmt":"2025-06-26T11:34:04","slug":"policia-militar-resgata-criancas-em-camacari","status":"publish","type":"post","link":"https:\/\/noticiasbahia360.com.br\/?p=91134","title":{"rendered":"Pol\u00edcia Militar resgata crian\u00e7as em Cama\u00e7ari"},"content":{"rendered":"<div>\n<div>\n<figure><img decoding=\"async\" src=\"http:\/\/noticiasbahia360.com.br\/wp-content\/uploads\/2025\/06\/resgatedecriancas_policiamilitar-2.jpg\" alt=\"Crian\u00e7as Resgatadas\"><figcaption>Foto: Pol\u00edcia Militar<\/figcaption><\/figure>\n<\/div>\n<p>Na tarde de quarta-feira (25), uma guarni\u00e7\u00e3o do 12\u00ba BPM resgatou quatro crian\u00e7as que viviam em condi\u00e7\u00f5es insalubres no bairro Limoeiro, em <a href=\"https:\/\/www.acordacidade.com.br\/tag\/camacari\/\">Cama\u00e7ari<\/a>.<\/p>\n<p>Os policiais militares atenderam a uma den\u00fancia de viol\u00eancia contra menores. No local, os agentes encontraram quatro crian\u00e7as, com idades entre um e sete anos, em condi\u00e7\u00f5es insalubres e sem alimenta\u00e7\u00e3o b\u00e1sica, junto \u00e0 m\u00e3e, que se encontrava em situa\u00e7\u00e3o de aparente descontrole emocional.<\/p>\n<figure class=\"wp-block-image size-large is-resized\"><img fetchpriority=\"high\" data-dominant-color=\"736759\" data-has-transparency=\"false\" fetchpriority=\"high\" decoding=\"async\" width=\"652\" height=\"768\" sizes=\"(max-width: 652px) 100vw, 652px\" src=\"http:\/\/noticiasbahia360.com.br\/wp-content\/uploads\/2025\/06\/yoTEI341-resgatedecriancas_policiamilitar-1-652x768-1.webp\" alt=\"Crian\u00e7as Resgatadas\" class=\"wp-image-569269 not-transparent\" style=\"--dominant-color: #736759; width:840px;height:auto\" srcset=\"https:\/\/uploads.acordacidade.com.br\/2025\/06\/yoTEI341-resgatedecriancas_policiamilitar-1-310x365.webp 310w, http:\/\/noticiasbahia360.com.br\/wp-content\/uploads\/2025\/06\/yoTEI341-resgatedecriancas_policiamilitar-1-652x768-1.webp 652w, https:\/\/uploads.acordacidade.com.br\/2025\/06\/yoTEI341-resgatedecriancas_policiamilitar-1-469x553.webp 469w, https:\/\/uploads.acordacidade.com.br\/2025\/06\/yoTEI341-resgatedecriancas_policiamilitar-1-150x177.webp 150w, https:\/\/uploads.acordacidade.com.br\/2025\/06\/yoTEI341-resgatedecriancas_policiamilitar-1.webp 1200w\"><figcaption class=\"wp-element-caption\">Foto: Pol\u00edcia Militar<\/figcaption><\/figure>\n<p>Os policiais prestaram apoio inicial e acionaram o Conselho Tutelar, que, com suporte da PM, encaminhou a solicita\u00e7\u00e3o de acolhimento. Mediante ordem judicial, as crian\u00e7as foram levadas para o Centro de Acolhimento 03, em Cama\u00e7ari, para receberem atendimento e cuidados especializados.<\/p>\n<p><em>Siga o Acorda Cidade no<\/em><a href=\"https:\/\/news.google.com\/search?q=acorda%20cidade&amp;hl=pt-BR&amp;gl=BR&amp;ceid=BR%3Apt-419\"><strong><em> Google Not\u00edcias<\/em><\/strong><\/a><em> e receba os principais destaques do dia. Participe tamb\u00e9m dos nossos canais no <\/em><a href=\"https:\/\/whatsapp.com\/channel\/0029Va6Rb4v3WHTNnsh8WI3N\"><strong><em>WhatsApp<\/em><\/strong><\/a><em> e <\/em><a href=\"https:\/\/www.youtube.com\/@acordacidadenoticias\/videos\"><strong>Youtube<\/strong><\/a><em> e grupo de <\/em><a href=\"https:\/\/t.me\/+sSz0khrgARA0ZmRh\"><strong><em>Telegram<\/em><\/strong><\/a><em>.<\/em><\/p>\n<\/div>\n","protected":false},"excerpt":{"rendered":"<div>\n<div>\n<figure><img decoding=\"async\" src=\"https:\/\/uploads.acordacidade.com.br\/2025\/06\/resgatedecriancas_policiamilitar-2.jpg\" alt=\"Crian\u00e7as Resgatadas\"><figcaption>Foto: Pol\u00edcia Militar<\/figcaption><\/figure>\n<\/div>\n<p>As crian\u00e7as, que viviam em condi\u00e7\u00f5es insalubres, foram amparados e encaminhados a centro de acolhimento ap\u00f3s den\u00fancia de viol\u00eancia familiar.<\/p><\/div>\n","protected":false},"author":1,"featured_media":91135,"comment_status":"closed","ping_status":"closed","sticky":false,"template":"","format":"gallery","meta":{"footnotes":""},"categories":[8,9,6,57,56,10],"tags":[],"class_list":["post-91134","post","type-post","status-publish","format-gallery","has-post-thumbnail","hentry","category-bahia","category-brasil","category-feira-de-santana","category-mundo","category-policia","category-politica","post_format-post-format-gallery"],"featured_image_urls":{"full":["https:\/\/noticiasbahia360.com.br\/wp-content\/uploads\/2025\/06\/resgatedecriancas_policiamilitar-2.jpg",900,670,false],"thumbnail":["https:\/\/noticiasbahia360.com.br\/wp-content\/uploads\/2025\/06\/resgatedecriancas_policiamilitar-2-150x150.jpg",150,150,true],"medium":["https:\/\/noticiasbahia360.com.br\/wp-content\/uploads\/2025\/06\/resgatedecriancas_policiamilitar-2-300x223.jpg",300,223,true],"medium_large":["https:\/\/noticiasbahia360.com.br\/wp-content\/uploads\/2025\/06\/resgatedecriancas_policiamilitar-2-768x572.jpg",640,477,true],"large":["https:\/\/noticiasbahia360.com.br\/wp-content\/uploads\/2025\/06\/resgatedecriancas_policiamilitar-2.jpg",640,476,false],"1536x1536":["https:\/\/noticiasbahia360.com.br\/wp-content\/uploads\/2025\/06\/resgatedecriancas_policiamilitar-2.jpg",900,670,false],"2048x2048":["https:\/\/noticiasbahia360.com.br\/wp-content\/uploads\/2025\/06\/resgatedecriancas_policiamilitar-2.jpg",900,670,false],"chromenews-featured":["https:\/\/noticiasbahia360.com.br\/wp-content\/uploads\/2025\/06\/resgatedecriancas_policiamilitar-2.jpg",900,670,false],"chromenews-large":["https:\/\/noticiasbahia360.com.br\/wp-content\/uploads\/2025\/06\/resgatedecriancas_policiamilitar-2-825x575.jpg",825,575,true],"chromenews-medium":["https:\/\/noticiasbahia360.com.br\/wp-content\/uploads\/2025\/06\/resgatedecriancas_policiamilitar-2-590x410.jpg",590,410,true]},"author_info":{"display_name":"noticiasbahia360.com.br","author_link":"https:\/\/noticiasbahia360.com.br\/?author=1"},"category_info":"<a href=\"https:\/\/noticiasbahia360.com.br\/?cat=8\" rel=\"category\">Bahia<\/a> <a href=\"https:\/\/noticiasbahia360.com.br\/?cat=9\" rel=\"category\">Brasil<\/a> <a href=\"https:\/\/noticiasbahia360.com.br\/?cat=6\" rel=\"category\">Feira de Santana<\/a> <a href=\"https:\/\/noticiasbahia360.com.br\/?cat=57\" rel=\"category\">Mundo<\/a> <a href=\"https:\/\/noticiasbahia360.com.br\/?cat=56\" rel=\"category\">Pol\u00edcia<\/a> <a href=\"https:\/\/noticiasbahia360.com.br\/?cat=10\" rel=\"category\">Pol\u00edtica<\/a>","tag_info":"Pol\u00edtica","comment_count":"0","_links":{"self":[{"href":"https:\/\/noticiasbahia360.com.br\/index.php?rest_route=\/wp\/v2\/posts\/91134","targetHints":{"allow":["GET"]}}],"collection":[{"href":"https:\/\/noticiasbahia360.com.br\/index.php?rest_route=\/wp\/v2\/posts"}],"about":[{"href":"https:\/\/noticiasbahia360.com.br\/index.php?rest_route=\/wp\/v2\/types\/post"}],"author":[{"embeddable":true,"href":"https:\/\/noticiasbahia360.com.br\/index.php?rest_route=\/wp\/v2\/users\/1"}],"replies":[{"embeddable":true,"href":"https:\/\/noticiasbahia360.com.br\/index.php?rest_route=%2Fwp%2Fv2%2Fcomments&post=91134"}],"version-history":[{"count":0,"href":"https:\/\/noticiasbahia360.com.br\/index.php?rest_route=\/wp\/v2\/posts\/91134\/revisions"}],"wp:featuredmedia":[{"embeddable":true,"href":"https:\/\/noticiasbahia360.com.br\/index.php?rest_route=\/wp\/v2\/media\/91135"}],"wp:attachment":[{"href":"https:\/\/noticiasbahia360.com.br\/index.php?rest_route=%2Fwp%2Fv2%2Fmedia&parent=91134"}],"wp:term":[{"taxonomy":"category","embeddable":true,"href":"https:\/\/noticiasbahia360.com.br\/index.php?rest_route=%2Fwp%2Fv2%2Fcategories&post=91134"},{"taxonomy":"post_tag","embeddable":true,"href":"https:\/\/noticiasbahia360.com.br\/index.php?rest_route=%2Fwp%2Fv2%2Ftags&post=91134"}],"curies":[{"name":"wp","href":"https:\/\/api.w.org\/{rel}","templated":true}]}}