{"id":91137,"date":"2025-06-26T08:37:58","date_gmt":"2025-06-26T11:37:58","guid":{"rendered":"https:\/\/noticiasbahia360.com.br\/?p=91137"},"modified":"2025-06-26T08:37:58","modified_gmt":"2025-06-26T11:37:58","slug":"novo-prazo-entidades-tem-ate-sexta-para-se-inscrever-na-eleicao-do-condema","status":"publish","type":"post","link":"https:\/\/noticiasbahia360.com.br\/?p=91137","title":{"rendered":"Novo prazo: entidades t\u00eam at\u00e9 sexta para se inscrever na elei\u00e7\u00e3o do Condema"},"content":{"rendered":"<div>\n<div>\n<figure><img decoding=\"async\" src=\"http:\/\/noticiasbahia360.com.br\/wp-content\/uploads\/2025\/06\/Prefeitura-de-Feira-de-Santana-1-2.jpg\" alt=\"Prefeitura de Feira de Santana nomeados\"><figcaption>Foto: Kaio Vinicius\/ Acorda Cidade <\/figcaption><\/figure>\n<\/div>\n<p>A Prefeitura de <a href=\"https:\/\/www.acordacidade.com.br\/tag\/feira-de-santana\/\">Feira de Santana<\/a>, por meio da Comiss\u00e3o Eleitoral da Elei\u00e7\u00e3o de Representantes da Sociedade Civil para o Conselho Municipal de Desenvolvimento Sustent\u00e1vel e Meio Ambiente (2025-2028), publicou a Resolu\u00e7\u00e3o n\u00ba 04\/2025, que prorroga o prazo para inscri\u00e7\u00e3o das entidades interessadas e altera a data da elei\u00e7\u00e3o.<\/p>\n<p>Conforme a resolu\u00e7\u00e3o, as entidades n\u00e3o-governamentais ter\u00e3o at\u00e9 a pr\u00f3xima sexta-feira, 27 de junho de 2025 para apresentar o of\u00edcio de inscri\u00e7\u00e3o, em papel timbrado e assinado pelo representante legal da entidade, acompanhado da ata de funda\u00e7\u00e3o e da \u00faltima elei\u00e7\u00e3o da diretoria, ambas registradas em cart\u00f3rio, al\u00e9m do comprovante de endere\u00e7o.<\/p>\n<p>A entrega da documenta\u00e7\u00e3o dever\u00e1 ser feita na Secretaria Executiva do Conselho Municipal de Desenvolvimento Sustent\u00e1vel e Meio Ambiente, situada na Rua Pilar do Sul, n\u00ba 840, Bras\u00edlia, em dias \u00fateis. A inscri\u00e7\u00e3o da entidade ser\u00e1 analisada pela Comiss\u00e3o Eleitoral e publicada no mural do Conselho at\u00e9 27 de junho, \u00e0s 15h.<\/p>\n<p>A elei\u00e7\u00e3o, que originalmente aconteceria em data que coincidia com ponto facultativo municipal, foi remarcada para o dia 7 de julho de 2025, das 14h \u00e0s 17h, na sede da Secretaria Municipal de Meio Ambiente e Recursos Naturais.<\/p>\n<p><em>As informa\u00e7\u00f5es s\u00e3o da Secretaria de Comunica\u00e7\u00e3o Social<\/em><\/p>\n<p><em>Siga o Acorda Cidade no<\/em><a href=\"https:\/\/news.google.com\/search?q=acorda%20cidade&amp;hl=pt-BR&amp;gl=BR&amp;ceid=BR%3Apt-419\"><strong><em> Google Not\u00edcias<\/em><\/strong><\/a><em> e receba os principais destaques do dia. Participe tamb\u00e9m dos nossos canais no <\/em><a href=\"https:\/\/whatsapp.com\/channel\/0029Va6Rb4v3WHTNnsh8WI3N\"><strong><em>WhatsApp<\/em><\/strong><\/a><em> e <\/em><a href=\"https:\/\/www.youtube.com\/@acordacidadenoticias\/videos\"><strong>Youtube<\/strong><\/a><em> e grupo de <\/em><a href=\"https:\/\/t.me\/+sSz0khrgARA0ZmRh\"><strong><em>Telegram<\/em><\/strong><\/a><em>.<\/em><\/p>\n<\/div>\n","protected":false},"excerpt":{"rendered":"<div>\n<div>\n<figure><img decoding=\"async\" src=\"https:\/\/uploads.acordacidade.com.br\/2025\/05\/Prefeitura-de-Feira-de-Santana-.jpg\" alt=\"Prefeitura de Feira de Santana nomeados\"><figcaption>Foto: Kaio Vinicius\/ Acorda Cidade <\/figcaption><\/figure>\n<\/div>\n<p>A entrega da documenta\u00e7\u00e3o dever\u00e1 ser feita na Secretaria Executiva do Condema.<\/p><\/div>\n","protected":false},"author":1,"featured_media":91138,"comment_status":"closed","ping_status":"closed","sticky":false,"template":"","format":"gallery","meta":{"footnotes":""},"categories":[8,9,6,57,56,10],"tags":[],"class_list":["post-91137","post","type-post","status-publish","format-gallery","has-post-thumbnail","hentry","category-bahia","category-brasil","category-feira-de-santana","category-mundo","category-policia","category-politica","post_format-post-format-gallery"],"featured_image_urls":{"full":["https:\/\/noticiasbahia360.com.br\/wp-content\/uploads\/2025\/06\/Prefeitura-de-Feira-de-Santana-1-2.jpg",1422,844,false],"thumbnail":["https:\/\/noticiasbahia360.com.br\/wp-content\/uploads\/2025\/06\/Prefeitura-de-Feira-de-Santana-1-2-150x150.jpg",150,150,true],"medium":["https:\/\/noticiasbahia360.com.br\/wp-content\/uploads\/2025\/06\/Prefeitura-de-Feira-de-Santana-1-2-300x178.jpg",300,178,true],"medium_large":["https:\/\/noticiasbahia360.com.br\/wp-content\/uploads\/2025\/06\/Prefeitura-de-Feira-de-Santana-1-2-768x456.jpg",640,380,true],"large":["https:\/\/noticiasbahia360.com.br\/wp-content\/uploads\/2025\/06\/Prefeitura-de-Feira-de-Santana-1-2-1024x608.jpg",640,380,true],"1536x1536":["https:\/\/noticiasbahia360.com.br\/wp-content\/uploads\/2025\/06\/Prefeitura-de-Feira-de-Santana-1-2.jpg",1422,844,false],"2048x2048":["https:\/\/noticiasbahia360.com.br\/wp-content\/uploads\/2025\/06\/Prefeitura-de-Feira-de-Santana-1-2.jpg",1422,844,false],"chromenews-featured":["https:\/\/noticiasbahia360.com.br\/wp-content\/uploads\/2025\/06\/Prefeitura-de-Feira-de-Santana-1-2-1024x608.jpg",1024,608,true],"chromenews-large":["https:\/\/noticiasbahia360.com.br\/wp-content\/uploads\/2025\/06\/Prefeitura-de-Feira-de-Santana-1-2-825x575.jpg",825,575,true],"chromenews-medium":["https:\/\/noticiasbahia360.com.br\/wp-content\/uploads\/2025\/06\/Prefeitura-de-Feira-de-Santana-1-2-590x410.jpg",590,410,true]},"author_info":{"display_name":"noticiasbahia360.com.br","author_link":"https:\/\/noticiasbahia360.com.br\/?author=1"},"category_info":"<a href=\"https:\/\/noticiasbahia360.com.br\/?cat=8\" rel=\"category\">Bahia<\/a> <a href=\"https:\/\/noticiasbahia360.com.br\/?cat=9\" rel=\"category\">Brasil<\/a> <a href=\"https:\/\/noticiasbahia360.com.br\/?cat=6\" rel=\"category\">Feira de Santana<\/a> <a href=\"https:\/\/noticiasbahia360.com.br\/?cat=57\" rel=\"category\">Mundo<\/a> <a href=\"https:\/\/noticiasbahia360.com.br\/?cat=56\" rel=\"category\">Pol\u00edcia<\/a> <a href=\"https:\/\/noticiasbahia360.com.br\/?cat=10\" rel=\"category\">Pol\u00edtica<\/a>","tag_info":"Pol\u00edtica","comment_count":"0","_links":{"self":[{"href":"https:\/\/noticiasbahia360.com.br\/index.php?rest_route=\/wp\/v2\/posts\/91137","targetHints":{"allow":["GET"]}}],"collection":[{"href":"https:\/\/noticiasbahia360.com.br\/index.php?rest_route=\/wp\/v2\/posts"}],"about":[{"href":"https:\/\/noticiasbahia360.com.br\/index.php?rest_route=\/wp\/v2\/types\/post"}],"author":[{"embeddable":true,"href":"https:\/\/noticiasbahia360.com.br\/index.php?rest_route=\/wp\/v2\/users\/1"}],"replies":[{"embeddable":true,"href":"https:\/\/noticiasbahia360.com.br\/index.php?rest_route=%2Fwp%2Fv2%2Fcomments&post=91137"}],"version-history":[{"count":0,"href":"https:\/\/noticiasbahia360.com.br\/index.php?rest_route=\/wp\/v2\/posts\/91137\/revisions"}],"wp:featuredmedia":[{"embeddable":true,"href":"https:\/\/noticiasbahia360.com.br\/index.php?rest_route=\/wp\/v2\/media\/91138"}],"wp:attachment":[{"href":"https:\/\/noticiasbahia360.com.br\/index.php?rest_route=%2Fwp%2Fv2%2Fmedia&parent=91137"}],"wp:term":[{"taxonomy":"category","embeddable":true,"href":"https:\/\/noticiasbahia360.com.br\/index.php?rest_route=%2Fwp%2Fv2%2Fcategories&post=91137"},{"taxonomy":"post_tag","embeddable":true,"href":"https:\/\/noticiasbahia360.com.br\/index.php?rest_route=%2Fwp%2Fv2%2Ftags&post=91137"}],"curies":[{"name":"wp","href":"https:\/\/api.w.org\/{rel}","templated":true}]}}