{"id":91142,"date":"2025-06-26T09:41:17","date_gmt":"2025-06-26T12:41:17","guid":{"rendered":"https:\/\/noticiasbahia360.com.br\/?p=91142"},"modified":"2025-06-26T09:41:17","modified_gmt":"2025-06-26T12:41:17","slug":"capuchinha-vale-por-3-decora-atrai-polinizadores-e-ainda-pode-ser-consumida","status":"publish","type":"post","link":"https:\/\/noticiasbahia360.com.br\/?p=91142","title":{"rendered":"Capuchinha vale por 3: decora, atrai polinizadores e ainda pode ser consumida"},"content":{"rendered":"<div>\n<div>\n<figure><img decoding=\"async\" src=\"http:\/\/noticiasbahia360.com.br\/wp-content\/uploads\/2025\/06\/hHDcOzFC-Capuchinha-decora-atrai-polinizadores-e-pode-ser-consumida.webp\" alt=\"Capuchinha decora, atrai polinizadores e pode ser consumida\"><figcaption>Capuchinha decora, atrai polinizadores e pode ser consumida<\/figcaption><\/figure>\n<\/div>\n<p>Ela surge t\u00edmida no canto do jardim, mas logo rouba a cena. A capuchinha, com suas <a href=\"https:\/\/www.acordacidade.com.br\/tag\/plantas\/\">flores <\/a>vibrantes que lembram pequenas lanternas coloridas, n\u00e3o \u00e9 apenas uma planta ornamental: \u00e9 tamb\u00e9m um convite para abelhas e borboletas e, pasme, uma del\u00edcia que pode ir direto para o prato.<\/p>\n<h2 class=\"wp-block-heading\" id=\"h-por-que-a-capuchinha-merece-destaque-no-jardim\">Por que a capuchinha merece destaque no jardim<\/h2>\n<p>A <strong>capuchinha<\/strong> (Tropaeolum majus) \u00e9 uma planta vers\u00e1til, de origem sul-americana, que conquistou jardineiros do mundo inteiro. E n\u00e3o \u00e9 para menos: al\u00e9m de florescer generosamente, ela se adapta bem a diferentes tipos de solo, exige poucos cuidados e ainda possui propriedades alimentares e medicinais.<\/p>\n<p>No paisagismo, a capuchinha funciona como um verdadeiro coringa. Pode ser cultivada em canteiros, vasos suspensos, jardineiras ou at\u00e9 como forra\u00e7\u00e3o em \u00e1reas ensolaradas. Suas folhas arredondadas e verdes contrastam com flores que v\u00e3o do amarelo intenso ao vermelho queimado, criando um espet\u00e1culo visual constante.<\/p>\n<h2 class=\"wp-block-heading\" id=\"h-atraente-para-polinizadores-e-util-na-horta\">Atraente para polinizadores e \u00fatil na horta<\/h2>\n<p>Um dos grandes trunfos da capuchinha \u00e9 sua capacidade de atrair <strong>polinizadores<\/strong>. Abelhas, beija-flores e borboletas s\u00e3o frequentadores ass\u00edduos das flores, contribuindo com a poliniza\u00e7\u00e3o de outras esp\u00e9cies no entorno. Para quem cultiva hortas urbanas ou caseiras, isso representa um ganho enorme em produtividade e sa\u00fade das plantas.<\/p>\n<p>Mas ela vai al\u00e9m: age como planta armadilha contra pragas. Pulg\u00f5es e outros insetos indesejados preferem atacar a capuchinha a outras esp\u00e9cies, o que a torna uma aliada natural no controle biol\u00f3gico de pragas \u2014 especialmente em hortas org\u00e2nicas.<\/p>\n<h2 class=\"wp-block-heading\" id=\"h-capuchinha-na-cozinha-flor-folha-e-semente\">Capuchinha na cozinha: flor, folha e semente<\/h2>\n<p>Pouca gente sabe, mas a <strong>capuchinha \u00e9 comest\u00edvel<\/strong> da raiz \u00e0 flor. E mais: seu sabor lembra levemente o do agri\u00e3o, com um toque picante e refrescante, o que faz dela um ingrediente interessante para saladas, pestos, recheios e at\u00e9 drinques.<\/p>\n<p>As flores s\u00e3o as queridinhas da alta gastronomia por sua beleza e cor vibrante. Elas d\u00e3o um charme especial a pratos simples, elevando visualmente qualquer receita. J\u00e1 as folhas, al\u00e9m de decorativas, t\u00eam alto teor de vitamina C e propriedades anti-inflamat\u00f3rias.<\/p>\n<p>As sementes, por sua vez, podem ser conservadas em vinagre e usadas como substitutas de alcaparras \u2014 uma dica pouco conhecida, mas valiosa para quem gosta de experimentar novos sabores.<\/p>\n<h2 class=\"wp-block-heading\" id=\"h-cuidados-basicos-para-cultivar-capuchinha-em-casa\">Cuidados b\u00e1sicos para cultivar capuchinha em casa<\/h2>\n<p>Apesar de resistente, a capuchinha tem algumas prefer\u00eancias que fazem diferen\u00e7a no seu cultivo. O ideal \u00e9 que receba ao menos <strong>4 a 6 horas de sol direto<\/strong> por dia, principalmente em regi\u00f5es mais amenas. Em locais de clima muito quente, o sol da manh\u00e3 \u00e9 o mais indicado.<\/p>\n<p>O solo deve ser leve, bem drenado e com pouca aduba\u00e7\u00e3o nitrogenada \u2014 fertilizantes ricos em nitrog\u00eanio fazem a planta crescer demais em folhas, mas com poucas flores. A irriga\u00e7\u00e3o deve ser regular, sem encharcar. Regue sempre que o solo estiver seco ao toque.<\/p>\n<p>Ela pode ser cultivada tanto por sementes quanto por mudas. A germina\u00e7\u00e3o costuma ser r\u00e1pida, em torno de 7 a 10 dias. Em cerca de dois meses, j\u00e1 \u00e9 poss\u00edvel ver as primeiras flores despontando.<\/p>\n<h2 class=\"wp-block-heading\" id=\"h-vai-bem-no-jardim-na-varanda-ou-na-horta-vertical\">Vai bem no jardim, na varanda ou na horta vertical<\/h2>\n<p>Por seu crescimento rasteiro ou pendente, a capuchinha \u00e9 \u00f3tima para <strong>varandas pequenas<\/strong>, jardineiras suspensas e projetos de horta vertical. Al\u00e9m disso, como \u00e9 uma planta anual (ou seja, cumpre seu ciclo em um ano), voc\u00ea pode renovar o plantio a cada esta\u00e7\u00e3o e experimentar novas combina\u00e7\u00f5es com outras esp\u00e9cies.<\/p>\n<p>Uma dica interessante \u00e9 cultiv\u00e1-la junto a hortali\u00e7as como alface, cenoura e rabanete. Al\u00e9m de proteger essas plantas de pragas, a capuchinha ajuda a manter o solo \u00famido e sombreado, o que favorece o crescimento das hortali\u00e7as.<\/p>\n<h2 class=\"wp-block-heading\" id=\"h-uma-aliada-para-um-estilo-de-vida-mais-natural\">Uma aliada para um estilo de vida mais natural<\/h2>\n<p>Em tempos de alimentos processados e excesso de defensivos agr\u00edcolas, cultivar uma planta que \u00e9 <strong>bonita, \u00fatil e comest\u00edvel<\/strong> \u00e9 um ato de cuidado com o corpo e com o ambiente. A capuchinha re\u00fane est\u00e9tica, sabor e fun\u00e7\u00e3o em um s\u00f3 ser vivo, e sua presen\u00e7a no cotidiano refor\u00e7a a conex\u00e3o com a natureza.<\/p>\n<p>Ter uma jardineira de capuchinhas na varanda pode ser o primeiro passo para montar uma horta urbana ou repensar o modo como nos alimentamos. Mais que uma flor, ela \u00e9 uma lembran\u00e7a viva de que o simples ainda tem poder.<\/p>\n<\/p>\n<\/div>\n","protected":false},"excerpt":{"rendered":"<div>\n<div>\n<figure><img decoding=\"async\" src=\"https:\/\/uploads.acordacidade.com.br\/2025\/06\/hHDcOzFC-Capuchinha-decora-atrai-polinizadores-e-pode-ser-consumida.webp\" alt=\"Capuchinha decora, atrai polinizadores e pode ser consumida\"><figcaption>Capuchinha decora, atrai polinizadores e pode ser consumida<\/figcaption><\/figure>\n<\/div>\n<p>Capuchinha: flor comest\u00edvel que decora, atrai polinizadores e ainda ajuda na horta. Veja como cultivar e usar em casa.<\/p><\/div>\n","protected":false},"author":1,"featured_media":91143,"comment_status":"closed","ping_status":"closed","sticky":false,"template":"","format":"gallery","meta":{"footnotes":""},"categories":[8,9,6,57,56,10],"tags":[],"class_list":["post-91142","post","type-post","status-publish","format-gallery","has-post-thumbnail","hentry","category-bahia","category-brasil","category-feira-de-santana","category-mundo","category-policia","category-politica","post_format-post-format-gallery"],"featured_image_urls":{"full":["https:\/\/noticiasbahia360.com.br\/wp-content\/uploads\/2025\/06\/hHDcOzFC-Capuchinha-decora-atrai-polinizadores-e-pode-ser-consumida.webp",1536,1024,false],"thumbnail":["https:\/\/noticiasbahia360.com.br\/wp-content\/uploads\/2025\/06\/hHDcOzFC-Capuchinha-decora-atrai-polinizadores-e-pode-ser-consumida-150x150.webp",150,150,true],"medium":["https:\/\/noticiasbahia360.com.br\/wp-content\/uploads\/2025\/06\/hHDcOzFC-Capuchinha-decora-atrai-polinizadores-e-pode-ser-consumida-300x200.webp",300,200,true],"medium_large":["https:\/\/noticiasbahia360.com.br\/wp-content\/uploads\/2025\/06\/hHDcOzFC-Capuchinha-decora-atrai-polinizadores-e-pode-ser-consumida-768x512.webp",640,427,true],"large":["https:\/\/noticiasbahia360.com.br\/wp-content\/uploads\/2025\/06\/hHDcOzFC-Capuchinha-decora-atrai-polinizadores-e-pode-ser-consumida-1024x683.webp",640,427,true],"1536x1536":["https:\/\/noticiasbahia360.com.br\/wp-content\/uploads\/2025\/06\/hHDcOzFC-Capuchinha-decora-atrai-polinizadores-e-pode-ser-consumida.webp",1536,1024,false],"2048x2048":["https:\/\/noticiasbahia360.com.br\/wp-content\/uploads\/2025\/06\/hHDcOzFC-Capuchinha-decora-atrai-polinizadores-e-pode-ser-consumida.webp",1536,1024,false],"chromenews-featured":["https:\/\/noticiasbahia360.com.br\/wp-content\/uploads\/2025\/06\/hHDcOzFC-Capuchinha-decora-atrai-polinizadores-e-pode-ser-consumida-1024x683.webp",1024,683,true],"chromenews-large":["https:\/\/noticiasbahia360.com.br\/wp-content\/uploads\/2025\/06\/hHDcOzFC-Capuchinha-decora-atrai-polinizadores-e-pode-ser-consumida-825x575.webp",825,575,true],"chromenews-medium":["https:\/\/noticiasbahia360.com.br\/wp-content\/uploads\/2025\/06\/hHDcOzFC-Capuchinha-decora-atrai-polinizadores-e-pode-ser-consumida-590x410.webp",590,410,true]},"author_info":{"display_name":"noticiasbahia360.com.br","author_link":"https:\/\/noticiasbahia360.com.br\/?author=1"},"category_info":"<a href=\"https:\/\/noticiasbahia360.com.br\/?cat=8\" rel=\"category\">Bahia<\/a> <a href=\"https:\/\/noticiasbahia360.com.br\/?cat=9\" rel=\"category\">Brasil<\/a> <a href=\"https:\/\/noticiasbahia360.com.br\/?cat=6\" rel=\"category\">Feira de Santana<\/a> <a href=\"https:\/\/noticiasbahia360.com.br\/?cat=57\" rel=\"category\">Mundo<\/a> <a href=\"https:\/\/noticiasbahia360.com.br\/?cat=56\" rel=\"category\">Pol\u00edcia<\/a> <a href=\"https:\/\/noticiasbahia360.com.br\/?cat=10\" rel=\"category\">Pol\u00edtica<\/a>","tag_info":"Pol\u00edtica","comment_count":"0","_links":{"self":[{"href":"https:\/\/noticiasbahia360.com.br\/index.php?rest_route=\/wp\/v2\/posts\/91142","targetHints":{"allow":["GET"]}}],"collection":[{"href":"https:\/\/noticiasbahia360.com.br\/index.php?rest_route=\/wp\/v2\/posts"}],"about":[{"href":"https:\/\/noticiasbahia360.com.br\/index.php?rest_route=\/wp\/v2\/types\/post"}],"author":[{"embeddable":true,"href":"https:\/\/noticiasbahia360.com.br\/index.php?rest_route=\/wp\/v2\/users\/1"}],"replies":[{"embeddable":true,"href":"https:\/\/noticiasbahia360.com.br\/index.php?rest_route=%2Fwp%2Fv2%2Fcomments&post=91142"}],"version-history":[{"count":0,"href":"https:\/\/noticiasbahia360.com.br\/index.php?rest_route=\/wp\/v2\/posts\/91142\/revisions"}],"wp:featuredmedia":[{"embeddable":true,"href":"https:\/\/noticiasbahia360.com.br\/index.php?rest_route=\/wp\/v2\/media\/91143"}],"wp:attachment":[{"href":"https:\/\/noticiasbahia360.com.br\/index.php?rest_route=%2Fwp%2Fv2%2Fmedia&parent=91142"}],"wp:term":[{"taxonomy":"category","embeddable":true,"href":"https:\/\/noticiasbahia360.com.br\/index.php?rest_route=%2Fwp%2Fv2%2Fcategories&post=91142"},{"taxonomy":"post_tag","embeddable":true,"href":"https:\/\/noticiasbahia360.com.br\/index.php?rest_route=%2Fwp%2Fv2%2Ftags&post=91142"}],"curies":[{"name":"wp","href":"https:\/\/api.w.org\/{rel}","templated":true}]}}