{"id":91144,"date":"2025-06-26T09:41:22","date_gmt":"2025-06-26T12:41:22","guid":{"rendered":"https:\/\/noticiasbahia360.com.br\/?p=91144"},"modified":"2025-06-26T09:41:22","modified_gmt":"2025-06-26T12:41:22","slug":"essas-3-plantas-sao-escudos-naturais-contra-inveja-e-mau-olhado","status":"publish","type":"post","link":"https:\/\/noticiasbahia360.com.br\/?p=91144","title":{"rendered":"Essas 3 plantas s\u00e3o escudos naturais contra inveja e mau-olhado"},"content":{"rendered":"<div>\n<div>\n<figure><img decoding=\"async\" src=\"http:\/\/noticiasbahia360.com.br\/wp-content\/uploads\/2025\/06\/WLVQCXtk-Essas-3-plantas-sao-escudos-naturais-contra-inveja-e-mau-olhado.webp\" alt=\"Essas 3 plantas s\u00e3o escudos naturais contra inveja e mau-olhado\"><figcaption>Essas 3 plantas s\u00e3o escudos naturais contra inveja e mau-olhado<\/figcaption><\/figure>\n<\/div>\n<p>N\u00e3o precisa acreditar em tudo, mas basta conviver com uma dessas plantas por um tempo para perceber: tem coisa que muda no ar. A sensa\u00e7\u00e3o de leveza, prote\u00e7\u00e3o e limpeza \u00e9 quase palp\u00e1vel. No mundo das <a href=\"https:\/\/www.acordacidade.com.br\/tag\/feng-shui\/\">energias<\/a> sutis \u2014 e tamb\u00e9m no das casas bem cuidadas \u2014 algumas plantas funcionam como escudos naturais contra inveja e mau-olhado. E n\u00e3o estamos falando de cren\u00e7as apenas: existe uma sabedoria popular acumulada h\u00e1 s\u00e9culos por tr\u00e1s dessas escolhas.<\/p>\n<h2 class=\"wp-block-heading\" id=\"h-as-3-melhores-plantas-contra-inveja-e-mau-olhado\">As 3 melhores plantas contra inveja e mau-olhado<\/h2>\n<p>A seguir, veja tr\u00eas plantas que combinam f\u00e1cil manuten\u00e7\u00e3o, simbolismo protetor e poder est\u00e9tico. Com elas por perto, o clima muda \u2014 e para melhor.<\/p>\n<h3 class=\"wp-block-heading\" id=\"h-1-espada-de-sao-jorge-a-guardia-das-entradas\">1. Espada-de-s\u00e3o-jorge: a guardi\u00e3 das entradas<\/h3>\n<p>De folhas r\u00edgidas, verticais e pontiagudas, a espada-de-s\u00e3o-jorge n\u00e3o leva esse nome por acaso. Ela \u00e9 tradicionalmente usada como barreira energ\u00e9tica contra m\u00e1s inten\u00e7\u00f5es, sendo recomendada para proteger portas de entrada e corredores de passagem. No Feng Shui, a planta \u00e9 classificada como uma fonte de energia yang, capaz de cortar vibra\u00e7\u00f5es densas e abrir caminhos.<\/p>\n<p>Seu uso \u00e9 popular em casas e com\u00e9rcios, especialmente quando h\u00e1 movimenta\u00e7\u00e3o de pessoas desconhecidas. H\u00e1 quem a coloque logo \u00e0 frente da porta principal, virada para fora, como um \u201cseguran\u00e7a invis\u00edvel\u201d.<\/p>\n<p>Al\u00e9m da fun\u00e7\u00e3o espiritual, a espada-de-s\u00e3o-jorge \u00e9 resistente a ambientes internos, precisa de pouca \u00e1gua e sobrevive bem com meia-sombra. Um escudo protetor que exige pouco e oferece muito.<\/p>\n<h3 class=\"wp-block-heading\" id=\"h-2-arruda-o-sensor-de-mas-vibracoes\">2. Arruda: o sensor de m\u00e1s vibra\u00e7\u00f5es<\/h3>\n<p>Poucas plantas s\u00e3o t\u00e3o cercadas de mist\u00e9rio e rever\u00eancia quanto a arruda. Com cheiro forte e apar\u00eancia discreta, ela \u00e9 tradicionalmente usada em benzimentos e simpatias, especialmente para cortar olho gordo. Dizem que, quando ela seca ou adoece repentinamente, \u00e9 porque absorveu alguma carga negativa do ambiente.<\/p>\n<p>Essa cren\u00e7a atravessa culturas: da umbanda ao catolicismo popular, passando por tradi\u00e7\u00f5es mediterr\u00e2neas, a arruda \u00e9 sin\u00f4nimo de prote\u00e7\u00e3o e purifica\u00e7\u00e3o. Algumas pessoas carregam um galhinho na bolsa ou atr\u00e1s da orelha, mas o uso mais comum ainda \u00e9 no vaso, em locais de circula\u00e7\u00e3o.<\/p>\n<p>Se voc\u00ea sente o ambiente carregado ou acorda cansado mesmo dormindo bem, talvez seja hora de testar um p\u00e9 de arruda na janela ou na varanda. Ela gosta de sol direto, solo bem drenado e \u00e1gua moderada. E como dizem os antigos: onde tem arruda, o mal n\u00e3o prospera.<\/p>\n<h3 class=\"wp-block-heading\" id=\"h-3-comigo-ninguem-pode-o-nome-ja-diz-tudo\">3. Comigo-ningu\u00e9m-pode: o nome j\u00e1 diz tudo<\/h3>\n<p>Mais do que um nome curioso, essa planta tem uma hist\u00f3ria forte. A comigo-ningu\u00e9m-pode \u00e9 usada h\u00e1 s\u00e9culos como prote\u00e7\u00e3o contra inveja, m\u00e1s inten\u00e7\u00f5es e ataques espirituais. Sua beleza intensa e folhas verdes com manchas claras contrastam com o aviso: apesar de linda, \u00e9 t\u00f3xica se ingerida, o que aumenta ainda mais seu simbolismo de defesa.<\/p>\n<p>Muitos a posicionam em pontos estrat\u00e9gicos da casa, como escrit\u00f3rios, salas de estar ou perto da porta principal \u2014 mas sempre fora do alcance de crian\u00e7as e pets. O ideal \u00e9 coloc\u00e1-la em local de meia-sombra e regar apenas quando o solo estiver seco, pois o excesso de \u00e1gua pode prejudicar suas ra\u00edzes.<\/p>\n<p>No simbolismo popular, ela atua como escudo e alerta: se algo est\u00e1 errado, a planta \u201csente\u201d e muda. Mesmo quem n\u00e3o acredita em energia costuma reconhecer que a atmosfera fica mais equilibrada quando ela est\u00e1 por perto.<\/p>\n<h2 class=\"wp-block-heading\" id=\"h-por-que-usar-plantas-contra-inveja-e-mau-olhado\">Por que usar plantas contra inveja e mau-olhado?<\/h2>\n<p>A l\u00f3gica pode parecer esot\u00e9rica, mas tem base psicol\u00f3gica e pr\u00e1tica. Quando cuidamos de uma planta que simboliza prote\u00e7\u00e3o, ativamos em n\u00f3s mesmos um campo de aten\u00e7\u00e3o e inten\u00e7\u00e3o. Isso gera um efeito mental de vigil\u00e2ncia, organiza\u00e7\u00e3o emocional e at\u00e9 mais disciplina no cuidado com o lar. N\u00e3o \u00e0 toa, muitos terapeutas hol\u00edsticos recomendam essas esp\u00e9cies em processos de reestrutura\u00e7\u00e3o emocional.<\/p>\n<p>Al\u00e9m disso, essas plantas t\u00eam caracter\u00edsticas f\u00edsicas que contribuem para o bem-estar: purificam o ar, deixam o ambiente mais \u00famido e bonito, e criam uma rotina de cuidado que pode ser terap\u00eautica.<\/p>\n<h2 class=\"wp-block-heading\" id=\"h-dicas-para-potencializar-a-protecao-das-plantas\">Dicas para potencializar a prote\u00e7\u00e3o das plantas<\/h2>\n<ul class=\"wp-block-list\">\n<li><strong>Localiza\u00e7\u00e3o importa<\/strong>: coloque a espada-de-s\u00e3o-jorge perto da entrada, a arruda em janelas com sol direto e a comigo-ningu\u00e9m-pode em locais de conviv\u00eancia, mas fora do alcance de animais e crian\u00e7as.<\/li>\n<li><strong>Evite excessos<\/strong>: ter muitas plantas protetoras em um mesmo c\u00f4modo pode causar desequil\u00edbrio energ\u00e9tico. Uma de cada j\u00e1 \u00e9 o suficiente.<\/li>\n<li><strong>Conecte-se com a planta<\/strong>: converse, toque, cuide com inten\u00e7\u00e3o. \u00c9 essa troca que ativa o campo simb\u00f3lico de prote\u00e7\u00e3o.<\/li>\n<li><strong>Fique atento a mudan\u00e7as<\/strong>: folhas que escurecem de repente, secam ou caem demais podem ser sinais de sobrecarga energ\u00e9tica. Nesses casos, troque a planta de lugar, renove a terra ou mesmo substitua por uma muda nova.<\/li>\n<\/ul>\n<p>Ter essas plantas por perto \u00e9 mais do que um gesto de decora\u00e7\u00e3o: \u00e9 um ato de autocuidado. Mesmo que voc\u00ea n\u00e3o acredite em mau-olhado, \u00e9 dif\u00edcil negar o bem-estar que se sente ao entrar em um espa\u00e7o onde tudo parece estar no lugar \u2014 inclusive a energia.<\/p>\n<\/div>\n","protected":false},"excerpt":{"rendered":"<div>\n<div>\n<figure><img decoding=\"async\" src=\"https:\/\/uploads.acordacidade.com.br\/2025\/06\/WLVQCXtk-Essas-3-plantas-sao-escudos-naturais-contra-inveja-e-mau-olhado.webp\" alt=\"Essas 3 plantas s\u00e3o escudos naturais contra inveja e mau-olhado\"><figcaption>Essas 3 plantas s\u00e3o escudos naturais contra inveja e mau-olhado<\/figcaption><\/figure>\n<\/div>\n<p>Essas plantas funcionam como escudos contra inveja e mau-olhado. Veja quais s\u00e3o, onde coloc\u00e1-las e como ativar sua energia protetora.<\/p><\/div>\n","protected":false},"author":1,"featured_media":91145,"comment_status":"closed","ping_status":"closed","sticky":false,"template":"","format":"gallery","meta":{"footnotes":""},"categories":[8,9,6,57,56,10],"tags":[],"class_list":["post-91144","post","type-post","status-publish","format-gallery","has-post-thumbnail","hentry","category-bahia","category-brasil","category-feira-de-santana","category-mundo","category-policia","category-politica","post_format-post-format-gallery"],"featured_image_urls":{"full":["https:\/\/noticiasbahia360.com.br\/wp-content\/uploads\/2025\/06\/WLVQCXtk-Essas-3-plantas-sao-escudos-naturais-contra-inveja-e-mau-olhado.webp",1536,1024,false],"thumbnail":["https:\/\/noticiasbahia360.com.br\/wp-content\/uploads\/2025\/06\/WLVQCXtk-Essas-3-plantas-sao-escudos-naturais-contra-inveja-e-mau-olhado-150x150.webp",150,150,true],"medium":["https:\/\/noticiasbahia360.com.br\/wp-content\/uploads\/2025\/06\/WLVQCXtk-Essas-3-plantas-sao-escudos-naturais-contra-inveja-e-mau-olhado-300x200.webp",300,200,true],"medium_large":["https:\/\/noticiasbahia360.com.br\/wp-content\/uploads\/2025\/06\/WLVQCXtk-Essas-3-plantas-sao-escudos-naturais-contra-inveja-e-mau-olhado-768x512.webp",640,427,true],"large":["https:\/\/noticiasbahia360.com.br\/wp-content\/uploads\/2025\/06\/WLVQCXtk-Essas-3-plantas-sao-escudos-naturais-contra-inveja-e-mau-olhado-1024x683.webp",640,427,true],"1536x1536":["https:\/\/noticiasbahia360.com.br\/wp-content\/uploads\/2025\/06\/WLVQCXtk-Essas-3-plantas-sao-escudos-naturais-contra-inveja-e-mau-olhado.webp",1536,1024,false],"2048x2048":["https:\/\/noticiasbahia360.com.br\/wp-content\/uploads\/2025\/06\/WLVQCXtk-Essas-3-plantas-sao-escudos-naturais-contra-inveja-e-mau-olhado.webp",1536,1024,false],"chromenews-featured":["https:\/\/noticiasbahia360.com.br\/wp-content\/uploads\/2025\/06\/WLVQCXtk-Essas-3-plantas-sao-escudos-naturais-contra-inveja-e-mau-olhado-1024x683.webp",1024,683,true],"chromenews-large":["https:\/\/noticiasbahia360.com.br\/wp-content\/uploads\/2025\/06\/WLVQCXtk-Essas-3-plantas-sao-escudos-naturais-contra-inveja-e-mau-olhado-825x575.webp",825,575,true],"chromenews-medium":["https:\/\/noticiasbahia360.com.br\/wp-content\/uploads\/2025\/06\/WLVQCXtk-Essas-3-plantas-sao-escudos-naturais-contra-inveja-e-mau-olhado-590x410.webp",590,410,true]},"author_info":{"display_name":"noticiasbahia360.com.br","author_link":"https:\/\/noticiasbahia360.com.br\/?author=1"},"category_info":"<a href=\"https:\/\/noticiasbahia360.com.br\/?cat=8\" rel=\"category\">Bahia<\/a> <a href=\"https:\/\/noticiasbahia360.com.br\/?cat=9\" rel=\"category\">Brasil<\/a> <a href=\"https:\/\/noticiasbahia360.com.br\/?cat=6\" rel=\"category\">Feira de Santana<\/a> <a href=\"https:\/\/noticiasbahia360.com.br\/?cat=57\" rel=\"category\">Mundo<\/a> <a href=\"https:\/\/noticiasbahia360.com.br\/?cat=56\" rel=\"category\">Pol\u00edcia<\/a> <a href=\"https:\/\/noticiasbahia360.com.br\/?cat=10\" rel=\"category\">Pol\u00edtica<\/a>","tag_info":"Pol\u00edtica","comment_count":"0","_links":{"self":[{"href":"https:\/\/noticiasbahia360.com.br\/index.php?rest_route=\/wp\/v2\/posts\/91144","targetHints":{"allow":["GET"]}}],"collection":[{"href":"https:\/\/noticiasbahia360.com.br\/index.php?rest_route=\/wp\/v2\/posts"}],"about":[{"href":"https:\/\/noticiasbahia360.com.br\/index.php?rest_route=\/wp\/v2\/types\/post"}],"author":[{"embeddable":true,"href":"https:\/\/noticiasbahia360.com.br\/index.php?rest_route=\/wp\/v2\/users\/1"}],"replies":[{"embeddable":true,"href":"https:\/\/noticiasbahia360.com.br\/index.php?rest_route=%2Fwp%2Fv2%2Fcomments&post=91144"}],"version-history":[{"count":0,"href":"https:\/\/noticiasbahia360.com.br\/index.php?rest_route=\/wp\/v2\/posts\/91144\/revisions"}],"wp:featuredmedia":[{"embeddable":true,"href":"https:\/\/noticiasbahia360.com.br\/index.php?rest_route=\/wp\/v2\/media\/91145"}],"wp:attachment":[{"href":"https:\/\/noticiasbahia360.com.br\/index.php?rest_route=%2Fwp%2Fv2%2Fmedia&parent=91144"}],"wp:term":[{"taxonomy":"category","embeddable":true,"href":"https:\/\/noticiasbahia360.com.br\/index.php?rest_route=%2Fwp%2Fv2%2Fcategories&post=91144"},{"taxonomy":"post_tag","embeddable":true,"href":"https:\/\/noticiasbahia360.com.br\/index.php?rest_route=%2Fwp%2Fv2%2Ftags&post=91144"}],"curies":[{"name":"wp","href":"https:\/\/api.w.org\/{rel}","templated":true}]}}