{"id":91148,"date":"2025-06-26T10:04:28","date_gmt":"2025-06-26T13:04:28","guid":{"rendered":"https:\/\/noticiasbahia360.com.br\/?p=91148"},"modified":"2025-06-26T10:04:28","modified_gmt":"2025-06-26T13:04:28","slug":"festival-de-quadrilhas-de-feira-de-santana-sera-realizado-no-inicio-do-mes-de-julho","status":"publish","type":"post","link":"https:\/\/noticiasbahia360.com.br\/?p=91148","title":{"rendered":"Festival de Quadrilhas de Feira de Santana ser\u00e1 realizado no in\u00edcio do m\u00eas de julho"},"content":{"rendered":"<div>\n<div>\n<figure><img decoding=\"async\" src=\"http:\/\/noticiasbahia360.com.br\/wp-content\/uploads\/2025\/06\/Festival-de-Quadrilhas-de-Feira-de-Santana-sera-realizado-no-inicio-do-mes-de-julho.jpg\" alt=\"Festival de Quadrilhas de Feira de Santana ser\u00e1 realizado no in\u00edcio do m\u00eas de julho\"><figcaption>Foto: Jorge Magalh\u00e3es Arquivo<\/figcaption><\/figure>\n<\/div>\n<p>Nos dias 4 e 5 de julho, o Gin\u00e1sio Municipal de Esportes, no bairro Queimadinha, recebe o 2\u00ba Festival de Quadrilhas de <a href=\"https:\/\/www.acordacidade.com.br\/feira-de-santana\/\">Feira de Santana<\/a>, que promete movimentar a cidade com muita m\u00fasica, dan\u00e7a e tradi\u00e7\u00e3o.<\/p>\n<p>O evento \u00e9 fruto de uma iniciativa popular e conta com o apoio da Prefeitura. Neste ano, a competi\u00e7\u00e3o vai premiar os tr\u00eas primeiros selecionados na categoria de quadrilhas tradicionais. Al\u00e9m disso, ser\u00e3o avaliadas performances espec\u00edficas como a dos noivos, o figurino e o marcador.<\/p>\n<p>O secret\u00e1rio de <a href=\"https:\/\/www.acordacidade.com.br\/tag\/cultura\/\">Cultura<\/a>, Esporte e Lazer, Cristiano L\u00f4bo, destaca a import\u00e2ncia do evento. Para o gestor, al\u00e9m de valorizar as tradi\u00e7\u00f5es do <a href=\"https:\/\/www.acordacidade.com.br\/tag\/nordeste\/\">Nordeste<\/a>, as quadrilhas s\u00e3o express\u00f5es art\u00edsticas que fazem parte da hist\u00f3ria local e n\u00e3o devem ser deixadas de lado.<\/p>\n<p>\u201cO festival n\u00e3o s\u00f3 promove a inclus\u00e3o e o engajamento da comunidade, como incentiva o lado criativo e fortalece a identidade cultural do nosso povo. \u00c9 um espa\u00e7o que vai al\u00e9m da dan\u00e7a e da <a href=\"https:\/\/www.acordacidade.com.br\/tag\/musica\/\">m\u00fasica<\/a>, \u00e9 um est\u00edmulo para os jovens, \u00e9 contribui\u00e7\u00e3o para o fortalecimento de v\u00ednculos. Temos a maior felicidade em apoiar a\u00e7\u00f5es como essa\u201d, ressaltou L\u00f4bo.<\/p>\n<p>De acordo com a coordenadora do festival, Mari Falc\u00e3o, a programa\u00e7\u00e3o ainda contar\u00e1 com apresenta\u00e7\u00f5es musicais. Entre os nomes confirmados est\u00e3o a banda \u201cOs Bambas do Nordeste\u201d, que celebra 50 anos de carreira em 2025, e \u201cZ\u00e9 Trindade e Uns Cambadas\u201d, conhecida pelo aut\u00eantico <a href=\"https:\/\/www.acordacidade.com.br\/tag\/forro\/\">forr\u00f3 <\/a>p\u00e9-de-serra.<\/p>\n<p>\u201cA entrada \u00e9 gratuita. Esperamos um p\u00fablico diverso, com crian\u00e7as, jovens e idosos, de diferentes bairros e classes sociais. Teremos cerca de 800 brincantes participando do evento\u201d, afirma a coordenadora.<\/p>\n<p>Ao todo, 25 quadrilhas se apresentar\u00e3o durante os dois dias, sendo 21 tradicionais e quatro estilizadas. Na quinta-feira (4), a programa\u00e7\u00e3o come\u00e7a \u00e0s 18h. J\u00e1 na sexta (5), as apresenta\u00e7\u00f5es t\u00eam in\u00edcio \u00e0s 13h.<\/p>\n<p><em>As informa\u00e7\u00f5es s\u00e3o da Secretaria Municipal de Comunica\u00e7\u00e3o<\/em><\/p>\n<p><em>Siga o Acorda Cidade no<\/em><a href=\"https:\/\/news.google.com\/search?q=acorda%20cidade&amp;hl=pt-BR&amp;gl=BR&amp;ceid=BR%3Apt-419\"><strong><em>\u00a0Google Not\u00edcias<\/em><\/strong><\/a><em>\u00a0e receba os principais destaques do dia. Participe tamb\u00e9m dos nossos canais no\u00a0<\/em><a href=\"https:\/\/www.whatsapp.com\/channel\/0029Va6Rb4v3WHTNnsh8WI3N\"><strong><em>WhatsApp<\/em><\/strong><\/a><em>\u00a0e\u00a0<\/em><a href=\"https:\/\/www.youtube.com\/@acordacidadenoticias\/videos\"><strong>Youtube<\/strong><\/a><em>\u00a0e grupo de\u00a0<\/em><a href=\"https:\/\/t.me\/+sSz0khrgARA0ZmRh\"><strong><em>Telegram<\/em><\/strong><\/a><em>.<\/em><\/p>\n<\/div>\n","protected":false},"excerpt":{"rendered":"<div>\n<div>\n<figure><img decoding=\"async\" src=\"https:\/\/uploads.acordacidade.com.br\/2025\/06\/Festival-de-Quadrilhas-de-Feira-de-Santana-sera-realizado-no-inicio-do-mes-de-julho.jpg\" alt=\"Festival de Quadrilhas de Feira de Santana ser\u00e1 realizado no in\u00edcio do m\u00eas de julho\"><figcaption>Foto: Jorge Magalh\u00e3es Arquivo<\/figcaption><\/figure>\n<\/div>\n<p>O evento \u00e9 fruto de uma iniciativa popular e conta com o apoio da Prefeitura<\/p><\/div>\n","protected":false},"author":1,"featured_media":91149,"comment_status":"closed","ping_status":"closed","sticky":false,"template":"","format":"gallery","meta":{"footnotes":""},"categories":[8,9,6,57,56,10],"tags":[],"class_list":["post-91148","post","type-post","status-publish","format-gallery","has-post-thumbnail","hentry","category-bahia","category-brasil","category-feira-de-santana","category-mundo","category-policia","category-politica","post_format-post-format-gallery"],"featured_image_urls":{"full":["https:\/\/noticiasbahia360.com.br\/wp-content\/uploads\/2025\/06\/Festival-de-Quadrilhas-de-Feira-de-Santana-sera-realizado-no-inicio-do-mes-de-julho.jpg",1200,799,false],"thumbnail":["https:\/\/noticiasbahia360.com.br\/wp-content\/uploads\/2025\/06\/Festival-de-Quadrilhas-de-Feira-de-Santana-sera-realizado-no-inicio-do-mes-de-julho-150x150.jpg",150,150,true],"medium":["https:\/\/noticiasbahia360.com.br\/wp-content\/uploads\/2025\/06\/Festival-de-Quadrilhas-de-Feira-de-Santana-sera-realizado-no-inicio-do-mes-de-julho-300x200.jpg",300,200,true],"medium_large":["https:\/\/noticiasbahia360.com.br\/wp-content\/uploads\/2025\/06\/Festival-de-Quadrilhas-de-Feira-de-Santana-sera-realizado-no-inicio-do-mes-de-julho-768x511.jpg",640,426,true],"large":["https:\/\/noticiasbahia360.com.br\/wp-content\/uploads\/2025\/06\/Festival-de-Quadrilhas-de-Feira-de-Santana-sera-realizado-no-inicio-do-mes-de-julho-1024x682.jpg",640,426,true],"1536x1536":["https:\/\/noticiasbahia360.com.br\/wp-content\/uploads\/2025\/06\/Festival-de-Quadrilhas-de-Feira-de-Santana-sera-realizado-no-inicio-do-mes-de-julho.jpg",1200,799,false],"2048x2048":["https:\/\/noticiasbahia360.com.br\/wp-content\/uploads\/2025\/06\/Festival-de-Quadrilhas-de-Feira-de-Santana-sera-realizado-no-inicio-do-mes-de-julho.jpg",1200,799,false],"chromenews-featured":["https:\/\/noticiasbahia360.com.br\/wp-content\/uploads\/2025\/06\/Festival-de-Quadrilhas-de-Feira-de-Santana-sera-realizado-no-inicio-do-mes-de-julho-1024x682.jpg",1024,682,true],"chromenews-large":["https:\/\/noticiasbahia360.com.br\/wp-content\/uploads\/2025\/06\/Festival-de-Quadrilhas-de-Feira-de-Santana-sera-realizado-no-inicio-do-mes-de-julho-825x575.jpg",825,575,true],"chromenews-medium":["https:\/\/noticiasbahia360.com.br\/wp-content\/uploads\/2025\/06\/Festival-de-Quadrilhas-de-Feira-de-Santana-sera-realizado-no-inicio-do-mes-de-julho-590x410.jpg",590,410,true]},"author_info":{"display_name":"noticiasbahia360.com.br","author_link":"https:\/\/noticiasbahia360.com.br\/?author=1"},"category_info":"<a href=\"https:\/\/noticiasbahia360.com.br\/?cat=8\" rel=\"category\">Bahia<\/a> <a href=\"https:\/\/noticiasbahia360.com.br\/?cat=9\" rel=\"category\">Brasil<\/a> <a href=\"https:\/\/noticiasbahia360.com.br\/?cat=6\" rel=\"category\">Feira de Santana<\/a> <a href=\"https:\/\/noticiasbahia360.com.br\/?cat=57\" rel=\"category\">Mundo<\/a> <a href=\"https:\/\/noticiasbahia360.com.br\/?cat=56\" rel=\"category\">Pol\u00edcia<\/a> <a href=\"https:\/\/noticiasbahia360.com.br\/?cat=10\" rel=\"category\">Pol\u00edtica<\/a>","tag_info":"Pol\u00edtica","comment_count":"0","_links":{"self":[{"href":"https:\/\/noticiasbahia360.com.br\/index.php?rest_route=\/wp\/v2\/posts\/91148","targetHints":{"allow":["GET"]}}],"collection":[{"href":"https:\/\/noticiasbahia360.com.br\/index.php?rest_route=\/wp\/v2\/posts"}],"about":[{"href":"https:\/\/noticiasbahia360.com.br\/index.php?rest_route=\/wp\/v2\/types\/post"}],"author":[{"embeddable":true,"href":"https:\/\/noticiasbahia360.com.br\/index.php?rest_route=\/wp\/v2\/users\/1"}],"replies":[{"embeddable":true,"href":"https:\/\/noticiasbahia360.com.br\/index.php?rest_route=%2Fwp%2Fv2%2Fcomments&post=91148"}],"version-history":[{"count":0,"href":"https:\/\/noticiasbahia360.com.br\/index.php?rest_route=\/wp\/v2\/posts\/91148\/revisions"}],"wp:featuredmedia":[{"embeddable":true,"href":"https:\/\/noticiasbahia360.com.br\/index.php?rest_route=\/wp\/v2\/media\/91149"}],"wp:attachment":[{"href":"https:\/\/noticiasbahia360.com.br\/index.php?rest_route=%2Fwp%2Fv2%2Fmedia&parent=91148"}],"wp:term":[{"taxonomy":"category","embeddable":true,"href":"https:\/\/noticiasbahia360.com.br\/index.php?rest_route=%2Fwp%2Fv2%2Fcategories&post=91148"},{"taxonomy":"post_tag","embeddable":true,"href":"https:\/\/noticiasbahia360.com.br\/index.php?rest_route=%2Fwp%2Fv2%2Ftags&post=91148"}],"curies":[{"name":"wp","href":"https:\/\/api.w.org\/{rel}","templated":true}]}} 