{"id":91150,"date":"2025-06-26T10:41:38","date_gmt":"2025-06-26T13:41:38","guid":{"rendered":"https:\/\/noticiasbahia360.com.br\/?p=91150"},"modified":"2025-06-26T10:41:38","modified_gmt":"2025-06-26T13:41:38","slug":"prefeitura-de-feira-retoma-patrolamento-de-estradas-nos-distritos-durante-festejos-juninos","status":"publish","type":"post","link":"https:\/\/noticiasbahia360.com.br\/?p=91150","title":{"rendered":"Prefeitura de Feira retoma patrolamento de estradas nos distritos durante festejos juninos"},"content":{"rendered":"<div>\n<div>\n<figure><img decoding=\"async\" src=\"http:\/\/noticiasbahia360.com.br\/wp-content\/uploads\/2025\/06\/Prefeitura-de-Feira-retoma-patrolamento-de-estradas-nos-distritos.jpg\" alt=\"Prefeitura de Feira retoma patrolamento de estradas nos distritos\"><figcaption>Foto: Soma<\/figcaption><\/figure>\n<\/div>\n<p>A Superintend\u00eancia de Opera\u00e7\u00f5es e Manuten\u00e7\u00e3o (Soma) da <a href=\"https:\/\/www.acordacidade.com.br\/tag\/prefeitura-de-feira-de-santana\/\">Prefeitura de Feira de Santana<\/a> retomou os servi\u00e7os de patrolamento das estradas rurais em cinco dos oito distritos do munic\u00edpio. As atividades haviam sido suspensas em fun\u00e7\u00e3o das chuvas que ca\u00edram na regi\u00e3o nos \u00faltimos dias, o que impossibilitou a utiliza\u00e7\u00e3o de m\u00e1quinas pesadas em diversas localidades.<\/p>\n<p>T\u00e9cnicos da Soma est\u00e3o em campo analisando pontos cr\u00edticos em v\u00e1rios <a href=\"https:\/\/www.acordacidade.com.br\/tag\/distritos\/\">distritos <\/a>devido ao per\u00edodo chuvoso. Durante as vistorias t\u00e9cnicas, os profissionais identificam \u00e1reas com eros\u00e3o e alagamentos, visando \u00e0 ado\u00e7\u00e3o de medidas para normalizar o fluxo de ve\u00edculos.<\/p>\n<p>No distrito de <a href=\"https:\/\/www.acordacidade.com.br\/tag\/jaguara\/\">Jaguara<\/a>, os t\u00e9cnicos da Prefeitura est\u00e3o realizando o patrolamento da estrada que liga o povoado do Malhador ao bairro Campo do Gado Novo. J\u00e1 no distrito de Humildes, onde ocorrem as comemora\u00e7\u00f5es do S\u00e3o Pedro neste fim de semana, est\u00e3o sendo realizados o patrolamento da estrada do Limoeiro \u00e0 Terra Dura, da Estrada do Doutor e da estrada do Escoval.<\/p>\n<p>Os servi\u00e7os de manuten\u00e7\u00e3o tamb\u00e9m contemplam o distrito de S\u00e3o Jos\u00e9, com o patrolamento das estradas de S\u00e3o Domingos e de Casa Nova.<\/p>\n<p>No distrito de <a href=\"https:\/\/www.acordacidade.com.br\/tag\/jaiba\/\">Ja\u00edba<\/a>, est\u00e1 sendo realizado o patrolamento da estrada da Tapera. Em <a href=\"https:\/\/www.acordacidade.com.br\/tag\/bonfim-de-feira\/\">Bonfim de Feira<\/a>, onde tamb\u00e9m acontecem as comemora\u00e7\u00f5es do S\u00e3o Pedro, est\u00e1 sendo feito o patrolamento da estrada de Terra Nova.<\/p>\n<p><em>As informa\u00e7\u00f5es s\u00e3o da Secretaria Municipal de Comunica\u00e7\u00e3o<\/em><\/p>\n<p><em>Siga o Acorda Cidade no<\/em><a href=\"https:\/\/news.google.com\/search?q=acorda%20cidade&amp;hl=pt-BR&amp;gl=BR&amp;ceid=BR%3Apt-419\"><strong><em>\u00a0Google Not\u00edcias<\/em><\/strong><\/a><em>\u00a0e receba os principais destaques do dia. Participe tamb\u00e9m dos nossos canais no\u00a0<\/em><a href=\"https:\/\/www.whatsapp.com\/channel\/0029Va6Rb4v3WHTNnsh8WI3N\"><strong><em>WhatsApp<\/em><\/strong><\/a><em>\u00a0e\u00a0<\/em><a href=\"https:\/\/www.youtube.com\/@acordacidadenoticias\/videos\"><strong>Youtube<\/strong><\/a><em>\u00a0e grupo de\u00a0<\/em><a href=\"https:\/\/t.me\/+sSz0khrgARA0ZmRh\"><strong><em>Telegram<\/em><\/strong><\/a><em>.<\/em><\/p>\n<\/div>\n","protected":false},"excerpt":{"rendered":"<div>\n<div>\n<figure><img decoding=\"async\" src=\"https:\/\/uploads.acordacidade.com.br\/2025\/06\/Prefeitura-de-Feira-retoma-patrolamento-de-estradas-nos-distritos.jpg\" alt=\"Prefeitura de Feira retoma patrolamento de estradas nos distritos\"><figcaption>Foto: Soma<\/figcaption><\/figure>\n<\/div>\n<p>As atividades haviam sido suspensas em fun\u00e7\u00e3o das chuvas que ca\u00edram na regi\u00e3o nos \u00faltimos dias<\/p><\/div>\n","protected":false},"author":1,"featured_media":91151,"comment_status":"closed","ping_status":"closed","sticky":false,"template":"","format":"gallery","meta":{"footnotes":""},"categories":[8,9,6,57,56,10],"tags":[],"class_list":["post-91150","post","type-post","status-publish","format-gallery","has-post-thumbnail","hentry","category-bahia","category-brasil","category-feira-de-santana","category-mundo","category-policia","category-politica","post_format-post-format-gallery"],"featured_image_urls":{"full":["https:\/\/noticiasbahia360.com.br\/wp-content\/uploads\/2025\/06\/Prefeitura-de-Feira-retoma-patrolamento-de-estradas-nos-distritos.jpg",1200,799,false],"thumbnail":["https:\/\/noticiasbahia360.com.br\/wp-content\/uploads\/2025\/06\/Prefeitura-de-Feira-retoma-patrolamento-de-estradas-nos-distritos-150x150.jpg",150,150,true],"medium":["https:\/\/noticiasbahia360.com.br\/wp-content\/uploads\/2025\/06\/Prefeitura-de-Feira-retoma-patrolamento-de-estradas-nos-distritos-300x200.jpg",300,200,true],"medium_large":["https:\/\/noticiasbahia360.com.br\/wp-content\/uploads\/2025\/06\/Prefeitura-de-Feira-retoma-patrolamento-de-estradas-nos-distritos-768x511.jpg",640,426,true],"large":["https:\/\/noticiasbahia360.com.br\/wp-content\/uploads\/2025\/06\/Prefeitura-de-Feira-retoma-patrolamento-de-estradas-nos-distritos-1024x682.jpg",640,426,true],"1536x1536":["https:\/\/noticiasbahia360.com.br\/wp-content\/uploads\/2025\/06\/Prefeitura-de-Feira-retoma-patrolamento-de-estradas-nos-distritos.jpg",1200,799,false],"2048x2048":["https:\/\/noticiasbahia360.com.br\/wp-content\/uploads\/2025\/06\/Prefeitura-de-Feira-retoma-patrolamento-de-estradas-nos-distritos.jpg",1200,799,false],"chromenews-featured":["https:\/\/noticiasbahia360.com.br\/wp-content\/uploads\/2025\/06\/Prefeitura-de-Feira-retoma-patrolamento-de-estradas-nos-distritos-1024x682.jpg",1024,682,true],"chromenews-large":["https:\/\/noticiasbahia360.com.br\/wp-content\/uploads\/2025\/06\/Prefeitura-de-Feira-retoma-patrolamento-de-estradas-nos-distritos-825x575.jpg",825,575,true],"chromenews-medium":["https:\/\/noticiasbahia360.com.br\/wp-content\/uploads\/2025\/06\/Prefeitura-de-Feira-retoma-patrolamento-de-estradas-nos-distritos-590x410.jpg",590,410,true]},"author_info":{"display_name":"noticiasbahia360.com.br","author_link":"https:\/\/noticiasbahia360.com.br\/?author=1"},"category_info":"<a href=\"https:\/\/noticiasbahia360.com.br\/?cat=8\" rel=\"category\">Bahia<\/a> <a href=\"https:\/\/noticiasbahia360.com.br\/?cat=9\" rel=\"category\">Brasil<\/a> <a href=\"https:\/\/noticiasbahia360.com.br\/?cat=6\" rel=\"category\">Feira de Santana<\/a> <a href=\"https:\/\/noticiasbahia360.com.br\/?cat=57\" rel=\"category\">Mundo<\/a> <a href=\"https:\/\/noticiasbahia360.com.br\/?cat=56\" rel=\"category\">Pol\u00edcia<\/a> <a href=\"https:\/\/noticiasbahia360.com.br\/?cat=10\" rel=\"category\">Pol\u00edtica<\/a>","tag_info":"Pol\u00edtica","comment_count":"0","_links":{"self":[{"href":"https:\/\/noticiasbahia360.com.br\/index.php?rest_route=\/wp\/v2\/posts\/91150","targetHints":{"allow":["GET"]}}],"collection":[{"href":"https:\/\/noticiasbahia360.com.br\/index.php?rest_route=\/wp\/v2\/posts"}],"about":[{"href":"https:\/\/noticiasbahia360.com.br\/index.php?rest_route=\/wp\/v2\/types\/post"}],"author":[{"embeddable":true,"href":"https:\/\/noticiasbahia360.com.br\/index.php?rest_route=\/wp\/v2\/users\/1"}],"replies":[{"embeddable":true,"href":"https:\/\/noticiasbahia360.com.br\/index.php?rest_route=%2Fwp%2Fv2%2Fcomments&post=91150"}],"version-history":[{"count":0,"href":"https:\/\/noticiasbahia360.com.br\/index.php?rest_route=\/wp\/v2\/posts\/91150\/revisions"}],"wp:featuredmedia":[{"embeddable":true,"href":"https:\/\/noticiasbahia360.com.br\/index.php?rest_route=\/wp\/v2\/media\/91151"}],"wp:attachment":[{"href":"https:\/\/noticiasbahia360.com.br\/index.php?rest_route=%2Fwp%2Fv2%2Fmedia&parent=91150"}],"wp:term":[{"taxonomy":"category","embeddable":true,"href":"https:\/\/noticiasbahia360.com.br\/index.php?rest_route=%2Fwp%2Fv2%2Fcategories&post=91150"},{"taxonomy":"post_tag","embeddable":true,"href":"https:\/\/noticiasbahia360.com.br\/index.php?rest_route=%2Fwp%2Fv2%2Ftags&post=91150"}],"curies":[{"name":"wp","href":"https:\/\/api.w.org\/{rel}","templated":true}]}}