{"id":91152,"date":"2025-06-26T10:50:54","date_gmt":"2025-06-26T13:50:54","guid":{"rendered":"https:\/\/noticiasbahia360.com.br\/?p=91152"},"modified":"2025-06-26T10:50:54","modified_gmt":"2025-06-26T13:50:54","slug":"alerta-golpistas-utilizam-falso-e-mail-do-procon-para-aplicar-golpes","status":"publish","type":"post","link":"https:\/\/noticiasbahia360.com.br\/?p=91152","title":{"rendered":"Alerta: Golpistas utilizam falso e-mail do Procon para aplicar golpes"},"content":{"rendered":"<div>\n<div>\n<figure><img decoding=\"async\" src=\"http:\/\/noticiasbahia360.com.br\/wp-content\/uploads\/2025\/06\/procon.jpg\" alt=\"procon\"><figcaption>Foto: Secom<\/figcaption><\/figure>\n<\/div>\n<p>O Procon de <a href=\"https:\/\/www.acordacidade.com.br\/feira-de-santana\/\">Feira de Santana<\/a> emitiu um alerta \u00e0 popula\u00e7\u00e3o sobre a circula\u00e7\u00e3o de e-mails falsos que est\u00e3o se passando pelo \u00f3rg\u00e3o utilizando endere\u00e7os eletr\u00f4nicos n\u00e3o oficiais. A recomenda\u00e7\u00e3o \u00e9 para que os <a href=\"https:\/\/www.acordacidade.com.br\/tag\/consumidor\/\">consumidores <\/a>fiquem atentos e desconfiem de mensagens suspeitas.<\/p>\n<p><strong>Os \u00fanicos e-mails oficiais utilizados pelo Procon s\u00e3o: procon.atendimento@pmfs.ba.gov.br e juridico.procon@pmfs.ba.gov.br.<\/strong><\/p>\n<p>O \u00f3rg\u00e3o ressalta ainda que n\u00e3o envia notifica\u00e7\u00f5es sem protocolo oficial, e refor\u00e7a a import\u00e2ncia de verificar a proced\u00eancia de qualquer mensagem recebida em nome do Procon.<\/p>\n<p>Den\u00fancias e agendamentos podem ser realizados pelo aplicativo \u201cProcon Feira\u201d. O atendimento presencial ocorre na Rua Castro Alves, n\u00ba 635, Centro, e outras informa\u00e7\u00f5es podem ser obtidas pelo telefone (75) 3617-1969 ou pelo Instagram oficial @proconfeira.<\/p>\n<p>A Prefeitura de Feira de Santana refor\u00e7a que est\u00e1 empenhada em combater tentativas de fraude e garantir a seguran\u00e7a das comunica\u00e7\u00f5es oficiais com a popula\u00e7\u00e3o.<\/p>\n<p><em>As informa\u00e7\u00f5es s\u00e3o da Secretaria Municipal de Comunica\u00e7\u00e3o<\/em><\/p>\n<p><em>Siga o Acorda Cidade no<\/em><a href=\"https:\/\/news.google.com\/search?q=acorda%20cidade&amp;hl=pt-BR&amp;gl=BR&amp;ceid=BR%3Apt-419\"><strong><em>\u00a0Google Not\u00edcias<\/em><\/strong><\/a><em>\u00a0e receba os principais destaques do dia. Participe tamb\u00e9m dos nossos canais no\u00a0<\/em><a href=\"https:\/\/www.whatsapp.com\/channel\/0029Va6Rb4v3WHTNnsh8WI3N\"><strong><em>WhatsApp<\/em><\/strong><\/a><em>\u00a0e\u00a0<\/em><a href=\"https:\/\/www.youtube.com\/@acordacidadenoticias\/videos\"><strong>Youtube<\/strong><\/a><em>\u00a0e grupo de\u00a0<\/em><a href=\"https:\/\/t.me\/+sSz0khrgARA0ZmRh\"><strong><em>Telegram<\/em><\/strong><\/a><em>.<\/em><\/p>\n<\/div>\n","protected":false},"excerpt":{"rendered":"<div>\n<div>\n<figure><img decoding=\"async\" src=\"https:\/\/uploads.acordacidade.com.br\/2025\/06\/procon.jpg\" alt=\"procon\"><figcaption>Foto: Secom<\/figcaption><\/figure>\n<\/div>\n<p>O \u00f3rg\u00e3o ressalta ainda que n\u00e3o envia notifica\u00e7\u00f5es sem protocolo oficial<\/p><\/div>\n","protected":false},"author":1,"featured_media":91153,"comment_status":"closed","ping_status":"closed","sticky":false,"template":"","format":"gallery","meta":{"footnotes":""},"categories":[8,9,6,57,56,10],"tags":[],"class_list":["post-91152","post","type-post","status-publish","format-gallery","has-post-thumbnail","hentry","category-bahia","category-brasil","category-feira-de-santana","category-mundo","category-policia","category-politica","post_format-post-format-gallery"],"featured_image_urls":{"full":["https:\/\/noticiasbahia360.com.br\/wp-content\/uploads\/2025\/06\/procon.jpg",1200,799,false],"thumbnail":["https:\/\/noticiasbahia360.com.br\/wp-content\/uploads\/2025\/06\/procon-150x150.jpg",150,150,true],"medium":["https:\/\/noticiasbahia360.com.br\/wp-content\/uploads\/2025\/06\/procon-300x200.jpg",300,200,true],"medium_large":["https:\/\/noticiasbahia360.com.br\/wp-content\/uploads\/2025\/06\/procon-768x511.jpg",640,426,true],"large":["https:\/\/noticiasbahia360.com.br\/wp-content\/uploads\/2025\/06\/procon-1024x682.jpg",640,426,true],"1536x1536":["https:\/\/noticiasbahia360.com.br\/wp-content\/uploads\/2025\/06\/procon.jpg",1200,799,false],"2048x2048":["https:\/\/noticiasbahia360.com.br\/wp-content\/uploads\/2025\/06\/procon.jpg",1200,799,false],"chromenews-featured":["https:\/\/noticiasbahia360.com.br\/wp-content\/uploads\/2025\/06\/procon-1024x682.jpg",1024,682,true],"chromenews-large":["https:\/\/noticiasbahia360.com.br\/wp-content\/uploads\/2025\/06\/procon-825x575.jpg",825,575,true],"chromenews-medium":["https:\/\/noticiasbahia360.com.br\/wp-content\/uploads\/2025\/06\/procon-590x410.jpg",590,410,true]},"author_info":{"display_name":"noticiasbahia360.com.br","author_link":"https:\/\/noticiasbahia360.com.br\/?author=1"},"category_info":"<a href=\"https:\/\/noticiasbahia360.com.br\/?cat=8\" rel=\"category\">Bahia<\/a> <a href=\"https:\/\/noticiasbahia360.com.br\/?cat=9\" rel=\"category\">Brasil<\/a> <a href=\"https:\/\/noticiasbahia360.com.br\/?cat=6\" rel=\"category\">Feira de Santana<\/a> <a href=\"https:\/\/noticiasbahia360.com.br\/?cat=57\" rel=\"category\">Mundo<\/a> <a href=\"https:\/\/noticiasbahia360.com.br\/?cat=56\" rel=\"category\">Pol\u00edcia<\/a> <a href=\"https:\/\/noticiasbahia360.com.br\/?cat=10\" rel=\"category\">Pol\u00edtica<\/a>","tag_info":"Pol\u00edtica","comment_count":"0","_links":{"self":[{"href":"https:\/\/noticiasbahia360.com.br\/index.php?rest_route=\/wp\/v2\/posts\/91152","targetHints":{"allow":["GET"]}}],"collection":[{"href":"https:\/\/noticiasbahia360.com.br\/index.php?rest_route=\/wp\/v2\/posts"}],"about":[{"href":"https:\/\/noticiasbahia360.com.br\/index.php?rest_route=\/wp\/v2\/types\/post"}],"author":[{"embeddable":true,"href":"https:\/\/noticiasbahia360.com.br\/index.php?rest_route=\/wp\/v2\/users\/1"}],"replies":[{"embeddable":true,"href":"https:\/\/noticiasbahia360.com.br\/index.php?rest_route=%2Fwp%2Fv2%2Fcomments&post=91152"}],"version-history":[{"count":0,"href":"https:\/\/noticiasbahia360.com.br\/index.php?rest_route=\/wp\/v2\/posts\/91152\/revisions"}],"wp:featuredmedia":[{"embeddable":true,"href":"https:\/\/noticiasbahia360.com.br\/index.php?rest_route=\/wp\/v2\/media\/91153"}],"wp:attachment":[{"href":"https:\/\/noticiasbahia360.com.br\/index.php?rest_route=%2Fwp%2Fv2%2Fmedia&parent=91152"}],"wp:term":[{"taxonomy":"category","embeddable":true,"href":"https:\/\/noticiasbahia360.com.br\/index.php?rest_route=%2Fwp%2Fv2%2Fcategories&post=91152"},{"taxonomy":"post_tag","embeddable":true,"href":"https:\/\/noticiasbahia360.com.br\/index.php?rest_route=%2Fwp%2Fv2%2Ftags&post=91152"}],"curies":[{"name":"wp","href":"https:\/\/api.w.org\/{rel}","templated":true}]}}