{"id":91154,"date":"2025-06-26T10:58:17","date_gmt":"2025-06-26T13:58:17","guid":{"rendered":"https:\/\/noticiasbahia360.com.br\/?p=91154"},"modified":"2025-06-26T10:58:17","modified_gmt":"2025-06-26T13:58:17","slug":"balanco-defensoria-da-bahia-garante-direitos-e-alcanca-mais-de-40-mil-pessoas-no-sao-joao","status":"publish","type":"post","link":"https:\/\/noticiasbahia360.com.br\/?p=91154","title":{"rendered":"Balan\u00e7o: Defensoria da Bahia garante direitos e alcan\u00e7a mais de 40 mil pessoas no S\u00e3o Jo\u00e3o"},"content":{"rendered":"<div>\n<div>\n<figure><img decoding=\"async\" src=\"http:\/\/noticiasbahia360.com.br\/wp-content\/uploads\/2025\/06\/defensoria-publica-sao-joao.jpg\" alt=\"defensoria p\u00fablica s\u00e3o jo\u00e3o\"><figcaption>Foto: Ascom\/Defensoria P\u00fablica da Bahia<\/figcaption><\/figure>\n<\/div>\n<p>A Defensoria P\u00fablica da Bahia marcou presen\u00e7a nas festas de <a href=\"https:\/\/www.acordacidade.com.br\/tag\/amargosa\/\">Amargosa<\/a>, <a href=\"https:\/\/www.acordacidade.com.br\/tag\/irece\/\">Irec\u00ea<\/a>, <a href=\"https:\/\/www.acordacidade.com.br\/tag\/jequie\/\">Jequi\u00e9<\/a> e <a href=\"https:\/\/www.acordacidade.com.br\/tag\/santo-antonio-de-jesus\/\">Santo Ant\u00f4nio de Jesus<\/a>, alcan\u00e7ando cerca de 46 mil pessoas entre os dias 18 e 24 de junho com a\u00e7\u00f5es voltadas \u00e0 promo\u00e7\u00e3o de direitos, acolhimento e atendimento jur\u00eddico.<\/p>\n<p>Seja nos circuitos da festa, em barracas juninas exclusivas ou por meio das unidades m\u00f3veis de atendimento, a atua\u00e7\u00e3o da Defensoria fez a diferen\u00e7a para milhares de pessoas. O plant\u00e3o especial contemplou as quatro cidades, tradicionalmente conhecidas pelos <a href=\"https:\/\/www.acordacidade.com.br\/tag\/festejos-juninos\/\">festejos juninos<\/a>, que receberam grande n\u00famero de turistas e visitantes em fun\u00e7\u00e3o das atra\u00e7\u00f5es art\u00edsticas.<\/p>\n<p>A atua\u00e7\u00e3o da Defensoria foi voltada n\u00e3o apenas a atendimentos emergenciais, mas sobretudo \u00e0 preven\u00e7\u00e3o de viola\u00e7\u00f5es, por meio da distribui\u00e7\u00e3o de cartilhas, abordagens educativas, orienta\u00e7\u00e3o jur\u00eddica e presen\u00e7a institucional em pontos estrat\u00e9gicos. Em Amargosa e SAJ, a Defensoria fez parceria com a Plant\u00e3o Integrado de Direitos Humanos, coordenado pela Secretaria de Justi\u00e7a da Bahia.<\/p>\n<p>Duas Unidades M\u00f3veis de Atendimento (UMAs) refor\u00e7aram as a\u00e7\u00f5es: uma atuando em Santo Ant\u00f4nio de Jesus e a outra em Jequi\u00e9. Juntas, realizaram mais de 50 atendimentos durante o per\u00edodo.<\/p>\n<h2 class=\"wp-block-heading\" id=\"h-amargosa-e-saj\">Amargosa e SAJ<\/h2>\n<p>A atua\u00e7\u00e3o nas cidades do Rec\u00f4ncavo baiano resultou em mais de 10 mil pessoas alcan\u00e7adas, sendo cerca de 6 mil em SAJ e 4 mil em Amargosa. As equipes realizaram abordagens nos circuitos, visitaram abrigos infantis, delegacias, hospitais, UPAs, CAPS, centrais de reciclagem, unidades dos bombeiros e Casas de Direitos Humanos.<\/p>\n<p>\u201cA Defensoria atuou junto \u00e0 popula\u00e7\u00e3o principalmente buscando prevenir situa\u00e7\u00f5es ilegais contra os mais vulner\u00e1veis. O atendimento direto foi um abra\u00e7o de acolhimento, onde cada d\u00favida encontrou uma resposta clara e cada atendimento ou abordagem foi direcionada com empatia\u201d, afirmou a defensora p\u00fablica Bianca Fantinato, coordenadora da 6\u00aa Regional.<\/p>\n<p>A coordenadora destacou ainda que o foco foi conscientizar e prevenir, com distribui\u00e7\u00e3o estrat\u00e9gica de materiais educativos, voltados \u00e0 prote\u00e7\u00e3o familiar e ao combate a abusos.<\/p>\n<p><strong>SAJ \u2013 N\u00fameros da atua\u00e7\u00e3o<\/strong><\/p>\n<ul class=\"wp-block-list\">\n<li>P\u00fablico atingido: 6 mil pessoas (estimativa)<\/li>\n<li>Pulseiras distribu\u00eddas: 769<\/li>\n<li>Panfletos e cartilhas: 614<\/li>\n<li>Adesivos: 317<\/li>\n<li>Atendimentos na Unidade M\u00f3vel: 20 (incluindo um teste de DNA e duas demandas de presos em transfer\u00eancia)<\/li>\n<li>Abordagens para divulga\u00e7\u00e3o do plant\u00e3o: 869<\/li>\n<li>Divulga\u00e7\u00e3o em palco alternativo: 65<\/li>\n<li>Divulga\u00e7\u00e3o em evento de massa: aproximadamente 1.500 pessoas alcan\u00e7adas<\/li>\n<li>Catadores de recicl\u00e1veis cadastrados: 20<\/li>\n<li>Crian\u00e7as no Espa\u00e7o Brincar: 35<\/li>\n<\/ul>\n<p><strong>Amargosa \u2013 N\u00fameros da atua\u00e7\u00e3o<\/strong><\/p>\n<ul class=\"wp-block-list\">\n<li>P\u00fablico atingido: 4 mil pessoas (estimativa)<\/li>\n<li>Pulseiras distribu\u00eddas: 300<\/li>\n<li>Panfletos e cartilhas: 120<\/li>\n<li>Adesivos: m\u00e9dia de 400<\/li>\n<\/ul>\n<h2 class=\"wp-block-heading\" id=\"h-irece\">Irec\u00ea<\/h2>\n<p>Para o defensor p\u00fablico Rafael Vilela, coordenador da 11\u00aa Regional, a participa\u00e7\u00e3o da Defensoria no S\u00e3o Jo\u00e3o de Irec\u00ea fortaleceu o v\u00ednculo com a comunidade e ampliou a visibilidade da institui\u00e7\u00e3o. Com cerca de 600 mil pessoas em tr\u00e2nsito pela cidade durante o per\u00edodo, a DPE esteve presente no circuito, camarotes, centrais de flagrante, delegacias e participou de entrevistas em r\u00e1dios locais.<\/p>\n<p>\u201cFoi uma oportunidade \u00edmpar de apresentar os servi\u00e7os da Defensoria \u00e0 popula\u00e7\u00e3o que ainda n\u00e3o conhecia seus canais de acesso \u00e0 institui\u00e7\u00e3o\u201d, destacou o defensor.<\/p>\n<p><strong>N\u00fameros da atua\u00e7\u00e3o<\/strong><\/p>\n<ul class=\"wp-block-list\">\n<li>P\u00fablico atingido: 30 mil pessoas (estimativa)<\/li>\n<li>Pulseiras distribu\u00eddas: 278<\/li>\n<li>Panfletos e cartilhas: 300<\/li>\n<li>Adesivos: m\u00e9dia de 300<\/li>\n<li>Atendimentos e consultas processuais: 36<\/li>\n<\/ul>\n<h2 class=\"wp-block-heading\" id=\"h-jequie\">Jequi\u00e9<\/h2>\n<p>Na cidade de Jequi\u00e9, a DPE\/BA alcan\u00e7ou cerca de 6 mil pessoas com a\u00e7\u00f5es de fiscaliza\u00e7\u00e3o e presen\u00e7a institucional em locais estrat\u00e9gicos como o Espa\u00e7o PCD, hospital, UPA, rodovi\u00e1ria, abrigo infantil e delegacia.<\/p>\n<p>\u201cA presen\u00e7a da Defensoria refor\u00e7a nosso compromisso com os direitos humanos, especialmente em eventos com grande circula\u00e7\u00e3o e potenciais situa\u00e7\u00f5es de vulnerabilidade social\u201d, avaliou a defensora Itanna Pelegrini, coordenadora da 12\u00aa Regional.<\/p>\n<p><strong>N\u00fameros da atua\u00e7\u00e3o<\/strong><\/p>\n<ul class=\"wp-block-list\">\n<li>P\u00fablico atingido: 6 mil pessoas (estimativa)<\/li>\n<li>Pulseiras distribu\u00eddas: 312<\/li>\n<li>Panfletos e cartilhas: 400<\/li>\n<li>Adesivos: m\u00e9dia de 600<\/li>\n<li>Atendimentos na Unidade M\u00f3vel: 26 (com destaque para duas demandas de regula\u00e7\u00e3o em UTI e uma medida protetiva)<\/li>\n<\/ul>\n<h2 class=\"wp-block-heading\" id=\"h-proxima-parada-sao-pedro\">Pr\u00f3xima parada: S\u00e3o Pedro<\/h2>\n<p>O plant\u00e3o junino continua! A Defensoria P\u00fablica estar\u00e1 presente tamb\u00e9m nos festejos de S\u00e3o Pedro, em Itabuna e Ipia\u00fa, entre os dias 27 e 29 de junho, com atendimento das 15h \u00e0s 21h.<\/p>\n<p><em>Siga o Acorda Cidade no<\/em><a href=\"https:\/\/news.google.com\/search?q=acorda%20cidade&amp;hl=pt-BR&amp;gl=BR&amp;ceid=BR%3Apt-419\"><strong><em>\u00a0Google Not\u00edcias<\/em><\/strong><\/a><em>\u00a0e receba os principais destaques do dia. Participe tamb\u00e9m dos nossos canais no\u00a0<\/em><a href=\"https:\/\/www.whatsapp.com\/channel\/0029Va6Rb4v3WHTNnsh8WI3N\"><strong><em>WhatsApp<\/em><\/strong><\/a><em>\u00a0e\u00a0<\/em><a href=\"https:\/\/www.youtube.com\/@acordacidadenoticias\/videos\"><strong>Youtube<\/strong><\/a><em>\u00a0e grupo de\u00a0<\/em><a href=\"https:\/\/t.me\/+sSz0khrgARA0ZmRh\"><strong><em>Telegram<\/em><\/strong><\/a><em>.<\/em><\/p>\n<\/div>\n","protected":false},"excerpt":{"rendered":"<div>\n<div>\n<figure><img decoding=\"async\" src=\"https:\/\/uploads.acordacidade.com.br\/2025\/06\/defensoria-publica-sao-joao.jpg\" alt=\"defensoria p\u00fablica s\u00e3o jo\u00e3o\"><figcaption>Foto: Ascom\/Defensoria P\u00fablica da Bahia<\/figcaption><\/figure>\n<\/div>\n<p>Campanhas educativas, atendimentos jur\u00eddicos e presen\u00e7a institucional marcaram a atua\u00e7\u00e3o da Defensoria em quatro grandes polos juninos<\/p><\/div>\n","protected":false},"author":1,"featured_media":91155,"comment_status":"closed","ping_status":"closed","sticky":false,"template":"","format":"gallery","meta":{"footnotes":""},"categories":[8,9,6,57,56,10],"tags":[],"class_list":["post-91154","post","type-post","status-publish","format-gallery","has-post-thumbnail","hentry","category-bahia","category-brasil","category-feira-de-santana","category-mundo","category-policia","category-politica","post_format-post-format-gallery"],"featured_image_urls":{"full":["https:\/\/noticiasbahia360.com.br\/wp-content\/uploads\/2025\/06\/defensoria-publica-sao-joao.jpg",1200,790,false],"thumbnail":["https:\/\/noticiasbahia360.com.br\/wp-content\/uploads\/2025\/06\/defensoria-publica-sao-joao-150x150.jpg",150,150,true],"medium":["https:\/\/noticiasbahia360.com.br\/wp-content\/uploads\/2025\/06\/defensoria-publica-sao-joao-300x198.jpg",300,198,true],"medium_large":["https:\/\/noticiasbahia360.com.br\/wp-content\/uploads\/2025\/06\/defensoria-publica-sao-joao-768x506.jpg",640,422,true],"large":["https:\/\/noticiasbahia360.com.br\/wp-content\/uploads\/2025\/06\/defensoria-publica-sao-joao-1024x674.jpg",640,421,true],"1536x1536":["https:\/\/noticiasbahia360.com.br\/wp-content\/uploads\/2025\/06\/defensoria-publica-sao-joao.jpg",1200,790,false],"2048x2048":["https:\/\/noticiasbahia360.com.br\/wp-content\/uploads\/2025\/06\/defensoria-publica-sao-joao.jpg",1200,790,false],"chromenews-featured":["https:\/\/noticiasbahia360.com.br\/wp-content\/uploads\/2025\/06\/defensoria-publica-sao-joao-1024x674.jpg",1024,674,true],"chromenews-large":["https:\/\/noticiasbahia360.com.br\/wp-content\/uploads\/2025\/06\/defensoria-publica-sao-joao-825x575.jpg",825,575,true],"chromenews-medium":["https:\/\/noticiasbahia360.com.br\/wp-content\/uploads\/2025\/06\/defensoria-publica-sao-joao-590x410.jpg",590,410,true]},"author_info":{"display_name":"noticiasbahia360.com.br","author_link":"https:\/\/noticiasbahia360.com.br\/?author=1"},"category_info":"<a href=\"https:\/\/noticiasbahia360.com.br\/?cat=8\" rel=\"category\">Bahia<\/a> <a href=\"https:\/\/noticiasbahia360.com.br\/?cat=9\" rel=\"category\">Brasil<\/a> <a href=\"https:\/\/noticiasbahia360.com.br\/?cat=6\" rel=\"category\">Feira de Santana<\/a> <a href=\"https:\/\/noticiasbahia360.com.br\/?cat=57\" rel=\"category\">Mundo<\/a> <a href=\"https:\/\/noticiasbahia360.com.br\/?cat=56\" rel=\"category\">Pol\u00edcia<\/a> <a href=\"https:\/\/noticiasbahia360.com.br\/?cat=10\" rel=\"category\">Pol\u00edtica<\/a>","tag_info":"Pol\u00edtica","comment_count":"0","_links":{"self":[{"href":"https:\/\/noticiasbahia360.com.br\/index.php?rest_route=\/wp\/v2\/posts\/91154","targetHints":{"allow":["GET"]}}],"collection":[{"href":"https:\/\/noticiasbahia360.com.br\/index.php?rest_route=\/wp\/v2\/posts"}],"about":[{"href":"https:\/\/noticiasbahia360.com.br\/index.php?rest_route=\/wp\/v2\/types\/post"}],"author":[{"embeddable":true,"href":"https:\/\/noticiasbahia360.com.br\/index.php?rest_route=\/wp\/v2\/users\/1"}],"replies":[{"embeddable":true,"href":"https:\/\/noticiasbahia360.com.br\/index.php?rest_route=%2Fwp%2Fv2%2Fcomments&post=91154"}],"version-history":[{"count":0,"href":"https:\/\/noticiasbahia360.com.br\/index.php?rest_route=\/wp\/v2\/posts\/91154\/revisions"}],"wp:featuredmedia":[{"embeddable":true,"href":"https:\/\/noticiasbahia360.com.br\/index.php?rest_route=\/wp\/v2\/media\/91155"}],"wp:attachment":[{"href":"https:\/\/noticiasbahia360.com.br\/index.php?rest_route=%2Fwp%2Fv2%2Fmedia&parent=91154"}],"wp:term":[{"taxonomy":"category","embeddable":true,"href":"https:\/\/noticiasbahia360.com.br\/index.php?rest_route=%2Fwp%2Fv2%2Fcategories&post=91154"},{"taxonomy":"post_tag","embeddable":true,"href":"https:\/\/noticiasbahia360.com.br\/index.php?rest_route=%2Fwp%2Fv2%2Ftags&post=91154"}],"curies":[{"name":"wp","href":"https:\/\/api.w.org\/{rel}","templated":true}]}}