{"id":91156,"date":"2025-06-26T11:19:52","date_gmt":"2025-06-26T14:19:52","guid":{"rendered":"https:\/\/noticiasbahia360.com.br\/?p=91156"},"modified":"2025-06-26T11:19:52","modified_gmt":"2025-06-26T14:19:52","slug":"intensificacao-do-combate-as-faccoes-na-regiao-de-eunapolis-e-definida-em-reuniao-da-ssp-pm-pc-seap-pf-e-tj","status":"publish","type":"post","link":"https:\/\/noticiasbahia360.com.br\/?p=91156","title":{"rendered":"Intensifica\u00e7\u00e3o do combate \u00e0s fac\u00e7\u00f5es na regi\u00e3o de Eun\u00e1polis \u00e9 definida em reuni\u00e3o da SSP, PM, PC, SEAP, PF e TJ"},"content":{"rendered":"<div>\n<div>\n<figure><img decoding=\"async\" src=\"http:\/\/noticiasbahia360.com.br\/wp-content\/uploads\/2025\/06\/acao-integrada-contra-faccoes-eunapoles-foto-alberto.jpg\" alt=\"fac\u00e7\u00f5es\"><figcaption>Foto: Alberto Maraux<\/figcaption><\/figure>\n<\/div>\n<p>O refor\u00e7o das a\u00e7\u00f5es de intelig\u00eancia e de repress\u00e3o qualificada contra fac\u00e7\u00f5es que atuam no Extremo Sul da Bahia foi definido na manh\u00e3 desta quinta-feira (26), em reuni\u00e3o promovida pelas Secretarias da Seguran\u00e7a Publica e de Administra\u00e7\u00e3o Penitenci\u00e1ria, Pol\u00edcias Militar, Civil e Federal, al\u00e9m do <a href=\"https:\/\/www.acordacidade.com.br\/tag\/tj-ba\/\">Tribunal de Justi\u00e7a da Bahia<\/a>. O encontro ocorreu na cidade de <a href=\"https:\/\/www.acordacidade.com.br\/tag\/eunapolis\/\">Eun\u00e1polis<\/a>.<\/p>\n<p>Um traficante que tentava fugir para S\u00e3o Paulo foi o primeiro capturado durante a intensifica\u00e7\u00e3o das a\u00e7\u00f5es integradas. O criminoso possu\u00eda mandado de pris\u00e3o e foi interceptado antes de entrar no avi\u00e3o, no Aeroporto de Porto Seguro.<\/p>\n<p>Al\u00e9m do trabalho de intelig\u00eancia em pontos espec\u00edficos da regi\u00e3o, o sistema prisional tamb\u00e9m contar\u00e1 com amplia\u00e7\u00e3o das revistas, visando interromper qualquer tipo de comunica\u00e7\u00e3o dos detentos.<\/p>\n<p>\u201cA resposta ser\u00e1 firme, rigorosa e dentro da legalidade. Como sempre enfatizo, combater o crime organizado \u00e9 a nossa prioridade. Continuaremos investindo na contrata\u00e7\u00e3o de novos efetivos e tamb\u00e9m na compra de modernos equipamentos, mas integrar os esfor\u00e7os \u00e9 imprescind\u00edvel\u201d, afirmou Werner.<\/p>\n<p><em>Siga o Acorda Cidade no<\/em><a href=\"https:\/\/news.google.com\/search?q=acorda%20cidade&amp;hl=pt-BR&amp;gl=BR&amp;ceid=BR%3Apt-419\"><strong><em>\u00a0Google Not\u00edcias<\/em><\/strong><\/a><em>\u00a0e receba os principais destaques do dia. Participe tamb\u00e9m dos nossos grupos no\u00a0<\/em><a href=\"https:\/\/chat.whatsapp.com\/GmuB0n1C0zz4wBRYfRDft2\"><strong><em>WhatsApp<\/em><\/strong><\/a><em>\u00a0e\u00a0<\/em><a href=\"https:\/\/t.me\/+sSz0khrgARA0ZmRh\"><strong><em>Telegram<\/em><\/strong><\/a><\/p>\n<\/div>\n","protected":false},"excerpt":{"rendered":"<div>\n<div>\n<figure><img decoding=\"async\" src=\"https:\/\/uploads.acordacidade.com.br\/2025\/06\/acao-integrada-contra-faccoes-eunapoles-foto-alberto.jpg\" alt=\"fac\u00e7\u00f5es\"><figcaption>Foto: Alberto Maraux<\/figcaption><\/figure>\n<\/div>\n<p>Um traficante que tentava fugir para S\u00e3o Paulo foi o primeiro capturado durante a intensifica\u00e7\u00e3o das a\u00e7\u00f5es integradas.<\/p><\/div>\n","protected":false},"author":1,"featured_media":91157,"comment_status":"closed","ping_status":"closed","sticky":false,"template":"","format":"gallery","meta":{"footnotes":""},"categories":[8,9,6,57,56,10],"tags":[],"class_list":["post-91156","post","type-post","status-publish","format-gallery","has-post-thumbnail","hentry","category-bahia","category-brasil","category-feira-de-santana","category-mundo","category-policia","category-politica","post_format-post-format-gallery"],"featured_image_urls":{"full":["https:\/\/noticiasbahia360.com.br\/wp-content\/uploads\/2025\/06\/acao-integrada-contra-faccoes-eunapoles-foto-alberto.jpg",1200,900,false],"thumbnail":["https:\/\/noticiasbahia360.com.br\/wp-content\/uploads\/2025\/06\/acao-integrada-contra-faccoes-eunapoles-foto-alberto-150x150.jpg",150,150,true],"medium":["https:\/\/noticiasbahia360.com.br\/wp-content\/uploads\/2025\/06\/acao-integrada-contra-faccoes-eunapoles-foto-alberto-300x225.jpg",300,225,true],"medium_large":["https:\/\/noticiasbahia360.com.br\/wp-content\/uploads\/2025\/06\/acao-integrada-contra-faccoes-eunapoles-foto-alberto-768x576.jpg",640,480,true],"large":["https:\/\/noticiasbahia360.com.br\/wp-content\/uploads\/2025\/06\/acao-integrada-contra-faccoes-eunapoles-foto-alberto-1024x768.jpg",640,480,true],"1536x1536":["https:\/\/noticiasbahia360.com.br\/wp-content\/uploads\/2025\/06\/acao-integrada-contra-faccoes-eunapoles-foto-alberto.jpg",1200,900,false],"2048x2048":["https:\/\/noticiasbahia360.com.br\/wp-content\/uploads\/2025\/06\/acao-integrada-contra-faccoes-eunapoles-foto-alberto.jpg",1200,900,false],"chromenews-featured":["https:\/\/noticiasbahia360.com.br\/wp-content\/uploads\/2025\/06\/acao-integrada-contra-faccoes-eunapoles-foto-alberto-1024x768.jpg",1024,768,true],"chromenews-large":["https:\/\/noticiasbahia360.com.br\/wp-content\/uploads\/2025\/06\/acao-integrada-contra-faccoes-eunapoles-foto-alberto-825x575.jpg",825,575,true],"chromenews-medium":["https:\/\/noticiasbahia360.com.br\/wp-content\/uploads\/2025\/06\/acao-integrada-contra-faccoes-eunapoles-foto-alberto-590x410.jpg",590,410,true]},"author_info":{"display_name":"noticiasbahia360.com.br","author_link":"https:\/\/noticiasbahia360.com.br\/?author=1"},"category_info":"<a href=\"https:\/\/noticiasbahia360.com.br\/?cat=8\" rel=\"category\">Bahia<\/a> <a href=\"https:\/\/noticiasbahia360.com.br\/?cat=9\" rel=\"category\">Brasil<\/a> <a href=\"https:\/\/noticiasbahia360.com.br\/?cat=6\" rel=\"category\">Feira de Santana<\/a> <a href=\"https:\/\/noticiasbahia360.com.br\/?cat=57\" rel=\"category\">Mundo<\/a> <a href=\"https:\/\/noticiasbahia360.com.br\/?cat=56\" rel=\"category\">Pol\u00edcia<\/a> <a href=\"https:\/\/noticiasbahia360.com.br\/?cat=10\" rel=\"category\">Pol\u00edtica<\/a>","tag_info":"Pol\u00edtica","comment_count":"0","_links":{"self":[{"href":"https:\/\/noticiasbahia360.com.br\/index.php?rest_route=\/wp\/v2\/posts\/91156","targetHints":{"allow":["GET"]}}],"collection":[{"href":"https:\/\/noticiasbahia360.com.br\/index.php?rest_route=\/wp\/v2\/posts"}],"about":[{"href":"https:\/\/noticiasbahia360.com.br\/index.php?rest_route=\/wp\/v2\/types\/post"}],"author":[{"embeddable":true,"href":"https:\/\/noticiasbahia360.com.br\/index.php?rest_route=\/wp\/v2\/users\/1"}],"replies":[{"embeddable":true,"href":"https:\/\/noticiasbahia360.com.br\/index.php?rest_route=%2Fwp%2Fv2%2Fcomments&post=91156"}],"version-history":[{"count":0,"href":"https:\/\/noticiasbahia360.com.br\/index.php?rest_route=\/wp\/v2\/posts\/91156\/revisions"}],"wp:featuredmedia":[{"embeddable":true,"href":"https:\/\/noticiasbahia360.com.br\/index.php?rest_route=\/wp\/v2\/media\/91157"}],"wp:attachment":[{"href":"https:\/\/noticiasbahia360.com.br\/index.php?rest_route=%2Fwp%2Fv2%2Fmedia&parent=91156"}],"wp:term":[{"taxonomy":"category","embeddable":true,"href":"https:\/\/noticiasbahia360.com.br\/index.php?rest_route=%2Fwp%2Fv2%2Fcategories&post=91156"},{"taxonomy":"post_tag","embeddable":true,"href":"https:\/\/noticiasbahia360.com.br\/index.php?rest_route=%2Fwp%2Fv2%2Ftags&post=91156"}],"curies":[{"name":"wp","href":"https:\/\/api.w.org\/{rel}","templated":true}]}}