{"id":91160,"date":"2025-06-26T11:56:30","date_gmt":"2025-06-26T14:56:30","guid":{"rendered":"https:\/\/noticiasbahia360.com.br\/?p=91160"},"modified":"2025-06-26T11:56:30","modified_gmt":"2025-06-26T14:56:30","slug":"ex-consul-da-franca-na-bahia-ainda-aguarda-posicionamento-sobre-caso-de-injuria-racial","status":"publish","type":"post","link":"https:\/\/noticiasbahia360.com.br\/?p=91160","title":{"rendered":"Ex-C\u00f4nsul da Fran\u00e7a na Bahia ainda aguarda posicionamento sobre caso de inj\u00faria racial"},"content":{"rendered":"<div>\n<div>\n<figure><img decoding=\"async\" src=\"http:\/\/noticiasbahia360.com.br\/wp-content\/uploads\/2025\/06\/Mamadou-Gaye.jpg\" alt=\"Mamadou Gaye, Ex-C\u00f4nsul da Fran\u00e7a na Bahia\"><figcaption>Mamadou Gaye | Fto: Divulga\u00e7\u00e3o<\/figcaption><\/figure>\n<\/div>\n<p>Foi no dia 20 de janeiro de 2025 que Mamadou Gaye, junto com seu advogado, protocolou um embargo de declara\u00e7\u00e3o pedindo esclarecimento sobre a decis\u00e3o em segunda inst\u00e2ncia da justi\u00e7a civil da Bahia. O pedido de esclarecimento introduzido por Mamadou Gaye, injuriado de \u201ctirano africano\u201d que deveria \u201cvoltar ao seu buraco parisiense\u201d enquanto exercia a fun\u00e7\u00e3o de c\u00f4nsul honor\u00e1rio da Fran\u00e7a na Bahia, j\u00e1 tem mais de 150 dias sem resposta.<\/p>\n<p>Conforme elementos que constam nos autos, Mamadou exercia a fun\u00e7\u00e3o de C\u00f4nsul Honor\u00e1rio da Fran\u00e7a na Bahia quando foi procurado por um franc\u00eas para procedimentos relacionados \u00e0s sua documenta\u00e7\u00e3o e pedindo aux\u00edlio em rela\u00e7\u00e3o a projetos desenvolvidos por ele, exigindo abusivamente provid\u00eancias que extrapolavam sua fun\u00e7\u00e3o de C\u00f4nsul. As cr\u00edticas a Mamadou por e-mail foram enviadas em c\u00f3pia para diversas pessoas, pedindo sua demiss\u00e3o ao Consulado Geral da Fran\u00e7a alegando incompet\u00eancia sem prop\u00f3sito para tal avalia\u00e7\u00e3o.<\/p>\n<p>Recentemente, o Minist\u00e9rio P\u00fablico apresentou uma den\u00fancia formal do caso de racismo sofrido por Mamadou Gaye qualificando as ofensas proferidas pelo acusado como crimes contra a honra, inj\u00faria e inj\u00faria preconceituosa em raz\u00e3o da origem, requerendo o pagamento de uma repara\u00e7\u00e3o por danos morais no valor m\u00ednimo de R$ 20 mil.<\/p>\n<p>A expectativa \u00e9 que a Justi\u00e7a C\u00edvel da Bahia, inicialmente acionada, se pronuncie sobre o embargo de declara\u00e7\u00e3o interposto por Mamadou Gaye, no qual solicita retrata\u00e7\u00e3o p\u00fablica e a majora\u00e7\u00e3o do valor da indeniza\u00e7\u00e3o, fixado em apenas R$ 3 mil, tanto na primeira quanto na segunda inst\u00e2ncia. J\u00e1 se passaram 150 dias e a Justi\u00e7a Civil n\u00e3o se manifestou sobre o caso.<\/p>\n<h2 class=\"wp-block-heading\" id=\"h-entenda-o-caso\"><strong>Entenda o caso:<\/strong><\/h2>\n<p>O ass\u00e9dio come\u00e7ou em maio de 2023 atrav\u00e9s de um e-mail destinado a Mamadou Gaye com c\u00f3pia a entidades. Nas mensagens seguintes, um aumentava o tom de descontentamento e julgava a \u201ccompleta incompet\u00eancia\u201d de Mamadou como c\u00f4nsul honor\u00e1rio a quem intitulou de \u201ctirano africano\u201d desejando que voltasse para \u201cseu buraquinho em Paris\u201d.<\/p>\n<p>Em novembro de 2023, Mamadou entrou na Justi\u00e7a contra o autor dos e-mails e requereu o pagamento no valor de R$ 40 mil por danos morais, retrata\u00e7\u00e3o p\u00fablica para impedir novas ofensas. Em janeiro de 2024, o r\u00e9u foi condenado em primeira inst\u00e2ncia. No entanto, o Tribunal de Justi\u00e7a da Bahia determinou que o franc\u00eas, que n\u00e3o apresentou defesa, pagasse apenas R$ 3 mil, sem qualquer determina\u00e7\u00e3o em rela\u00e7\u00e3o ao pedido de retrata\u00e7\u00e3o. \u201cO valor estipulado n\u00e3o condiz com a gravidade da situa\u00e7\u00e3o e demonstra como ataques de <a href=\"https:\/\/www.acordacidade.com.br\/tag\/injuria-racial\/\">inj\u00faria racial<\/a> n\u00e3o s\u00e3o adequadamente julgados pela justi\u00e7a. N\u00e3o se trata apenas de mim. \u00c9 mais um marco de um racismo estrutural que afeta a sociedade como um todo\u201d, defende Gaye.<\/p>\n<p>De origem senegalesa e naturalizado franc\u00eas, Mamadou Gaye foi diretor da Alian\u00e7a Francesa na Bahia por quatro anos e C\u00f4nsul Honor\u00e1rio da Fran\u00e7a na Bahia, cargo ocupado at\u00e9 maio de 2024. Segue morando na Bahia, onde \u00e9 doutorando no Programa Multidisciplinar de P\u00f3s-Gradua\u00e7\u00e3o em Cultura e Sociedade (P\u00f3s-Cultura) na Universidade Federal da Bahia (UFBA).<\/p>\n<p>A maioria dos pedidos de indeniza\u00e7\u00e3o por pr\u00e1ticas de racismo e inj\u00faria racial na esfera civil \u00e9 procedente no Brasil, ou seja, apresenta ganho de causa para a v\u00edtima. Essa \u00e9 a principal conclus\u00e3o de pesquisa conduzida pelo N\u00facleo de Justi\u00e7a Racial e Direito da Faculdade Get\u00falio Vargas (FGV) no fim de 2023. <\/p>\n<p>A pesquisa Seguran\u00e7a da popula\u00e7\u00e3o negra brasileira: como o sistema de justi\u00e7a responde a epis\u00f3dios individuais e institucionais da viol\u00eancia racial analisou 618 pedidos de indeniza\u00e7\u00e3o por danos morais de pessoas negras que relatavam terem sido v\u00edtimas de racismo, discrimina\u00e7\u00e3o, inj\u00faria racial ou viol\u00eancia policial. <\/p>\n<p>Do total, a v\u00edtima ganhou a a\u00e7\u00e3o em 62% dos epis\u00f3dios. Embora o percentual seja alto, o estudo mostra que os ju\u00edzes ainda compreendem os crimes de racismo como danos \u00e0 honra, portanto, de car\u00e1ter individual, sem dano coletivo. Isso indica, na vis\u00e3o dos pesquisadores, que os ju\u00edzes consideram esses crimes como \u201cmenos graves\u201d. Em primeira inst\u00e2ncia, 51% das indeniza\u00e7\u00f5es chegam a R$ 5 mil. J\u00e1 na segunda inst\u00e2ncia, os valores chegam at\u00e9 R$ 10 mil em 70% dos casos.<\/p>\n<p>Recentemente, o Tribunal de Justi\u00e7a do Rio de Janeiro (TJ-RJ) condenou a influenciadora Dayane Alc\u00e2ntara Couto de Andrade a pagar cerca de R$ 500 mil ao casal Giovanna Ewbank e Bruno Gagliasso por danos morais devido a ofensas racistas contra Titi, filho do casal em 2024. A justi\u00e7a determinou que a quantia seja paga em at\u00e9 tr\u00eas dias. \u201cRacismo \u00e9 crime e precisa ser tratado com a devida gravidade pela Justi\u00e7a at\u00e9 por uma quest\u00e3o educativa\u201d, conclui Gaye.<\/p>\n<p><em>Siga o Acorda Cidade no<\/em><a href=\"https:\/\/news.google.com\/search?q=acorda%20cidade&amp;hl=pt-BR&amp;gl=BR&amp;ceid=BR%3Apt-419\"><strong><em>\u00a0Google Not\u00edcias<\/em><\/strong><\/a><em>\u00a0e receba os principais destaques do dia. Participe tamb\u00e9m dos nossos canais no\u00a0<\/em><a href=\"https:\/\/whatsapp.com\/channel\/0029Va6Rb4v3WHTNnsh8WI3N\"><strong><em>WhatsApp<\/em><\/strong><\/a><em>\u00a0e\u00a0<\/em><a href=\"https:\/\/www.youtube.com\/@acordacidadenoticias\/videos\"><strong>Youtube<\/strong><\/a><em>\u00a0e grupo de\u00a0<\/em><a href=\"https:\/\/t.me\/+sSz0khrgARA0ZmRh\"><strong><em>Telegram<\/em><\/strong><\/a><em>.<\/em><\/p>\n<\/div>\n","protected":false},"excerpt":{"rendered":"<div>\n<div>\n<figure><img decoding=\"async\" src=\"https:\/\/uploads.acordacidade.com.br\/2025\/06\/Mamadou-Gaye.jpg\" alt=\"Mamadou Gaye, Ex-C\u00f4nsul da Fran\u00e7a na Bahia\"><figcaption>Mamadou Gaye | Fto: Divulga\u00e7\u00e3o<\/figcaption><\/figure>\n<\/div>\n<p>O ass\u00e9dio come\u00e7ou em maio de 2023 atrav\u00e9s de um e-mail destinado a Mamadou Gaye com c\u00f3pia a entidades.<\/p><\/div>\n","protected":false},"author":1,"featured_media":91161,"comment_status":"closed","ping_status":"closed","sticky":false,"template":"","format":"gallery","meta":{"footnotes":""},"categories":[8,9,6,57,56,10],"tags":[],"class_list":["post-91160","post","type-post","status-publish","format-gallery","has-post-thumbnail","hentry","category-bahia","category-brasil","category-feira-de-santana","category-mundo","category-policia","category-politica","post_format-post-format-gallery"],"featured_image_urls":{"full":["https:\/\/noticiasbahia360.com.br\/wp-content\/uploads\/2025\/06\/Mamadou-Gaye.jpg",1200,794,false],"thumbnail":["https:\/\/noticiasbahia360.com.br\/wp-content\/uploads\/2025\/06\/Mamadou-Gaye-150x150.jpg",150,150,true],"medium":["https:\/\/noticiasbahia360.com.br\/wp-content\/uploads\/2025\/06\/Mamadou-Gaye-300x199.jpg",300,199,true],"medium_large":["https:\/\/noticiasbahia360.com.br\/wp-content\/uploads\/2025\/06\/Mamadou-Gaye-768x508.jpg",640,423,true],"large":["https:\/\/noticiasbahia360.com.br\/wp-content\/uploads\/2025\/06\/Mamadou-Gaye-1024x678.jpg",640,424,true],"1536x1536":["https:\/\/noticiasbahia360.com.br\/wp-content\/uploads\/2025\/06\/Mamadou-Gaye.jpg",1200,794,false],"2048x2048":["https:\/\/noticiasbahia360.com.br\/wp-content\/uploads\/2025\/06\/Mamadou-Gaye.jpg",1200,794,false],"chromenews-featured":["https:\/\/noticiasbahia360.com.br\/wp-content\/uploads\/2025\/06\/Mamadou-Gaye-1024x678.jpg",1024,678,true],"chromenews-large":["https:\/\/noticiasbahia360.com.br\/wp-content\/uploads\/2025\/06\/Mamadou-Gaye-825x575.jpg",825,575,true],"chromenews-medium":["https:\/\/noticiasbahia360.com.br\/wp-content\/uploads\/2025\/06\/Mamadou-Gaye-590x410.jpg",590,410,true]},"author_info":{"display_name":"noticiasbahia360.com.br","author_link":"https:\/\/noticiasbahia360.com.br\/?author=1"},"category_info":"<a href=\"https:\/\/noticiasbahia360.com.br\/?cat=8\" rel=\"category\">Bahia<\/a> <a href=\"https:\/\/noticiasbahia360.com.br\/?cat=9\" rel=\"category\">Brasil<\/a> <a href=\"https:\/\/noticiasbahia360.com.br\/?cat=6\" rel=\"category\">Feira de Santana<\/a> <a href=\"https:\/\/noticiasbahia360.com.br\/?cat=57\" rel=\"category\">Mundo<\/a> <a href=\"https:\/\/noticiasbahia360.com.br\/?cat=56\" rel=\"category\">Pol\u00edcia<\/a> <a href=\"https:\/\/noticiasbahia360.com.br\/?cat=10\" rel=\"category\">Pol\u00edtica<\/a>","tag_info":"Pol\u00edtica","comment_count":"0","_links":{"self":[{"href":"https:\/\/noticiasbahia360.com.br\/index.php?rest_route=\/wp\/v2\/posts\/91160","targetHints":{"allow":["GET"]}}],"collection":[{"href":"https:\/\/noticiasbahia360.com.br\/index.php?rest_route=\/wp\/v2\/posts"}],"about":[{"href":"https:\/\/noticiasbahia360.com.br\/index.php?rest_route=\/wp\/v2\/types\/post"}],"author":[{"embeddable":true,"href":"https:\/\/noticiasbahia360.com.br\/index.php?rest_route=\/wp\/v2\/users\/1"}],"replies":[{"embeddable":true,"href":"https:\/\/noticiasbahia360.com.br\/index.php?rest_route=%2Fwp%2Fv2%2Fcomments&post=91160"}],"version-history":[{"count":0,"href":"https:\/\/noticiasbahia360.com.br\/index.php?rest_route=\/wp\/v2\/posts\/91160\/revisions"}],"wp:featuredmedia":[{"embeddable":true,"href":"https:\/\/noticiasbahia360.com.br\/index.php?rest_route=\/wp\/v2\/media\/91161"}],"wp:attachment":[{"href":"https:\/\/noticiasbahia360.com.br\/index.php?rest_route=%2Fwp%2Fv2%2Fmedia&parent=91160"}],"wp:term":[{"taxonomy":"category","embeddable":true,"href":"https:\/\/noticiasbahia360.com.br\/index.php?rest_route=%2Fwp%2Fv2%2Fcategories&post=91160"},{"taxonomy":"post_tag","embeddable":true,"href":"https:\/\/noticiasbahia360.com.br\/index.php?rest_route=%2Fwp%2Fv2%2Ftags&post=91160"}],"curies":[{"name":"wp","href":"https:\/\/api.w.org\/{rel}","templated":true}]}}