{"id":91162,"date":"2025-06-26T11:56:34","date_gmt":"2025-06-26T14:56:34","guid":{"rendered":"https:\/\/noticiasbahia360.com.br\/?p=91162"},"modified":"2025-06-26T11:56:34","modified_gmt":"2025-06-26T14:56:34","slug":"dose-de-reforco-de-vacina-contra-meningite-tera-protecao-maior","status":"publish","type":"post","link":"https:\/\/noticiasbahia360.com.br\/?p=91162","title":{"rendered":"Dose de refor\u00e7o de vacina contra meningite ter\u00e1 prote\u00e7\u00e3o maior"},"content":{"rendered":"<div>\n<div>\n<figure><img decoding=\"async\" src=\"http:\/\/noticiasbahia360.com.br\/wp-content\/uploads\/2025\/06\/vacina-bcg.jpg\" alt=\"vacina bcg\"><figcaption>Foto: Tomaz Silva\/Ag\u00eancia Brasil<\/figcaption><\/figure>\n<\/div>\n<p>Ag\u00eancia Brasil \u2013 A partir de 1\u00ba de julho, os beb\u00eas de 12 meses receber\u00e3o a vacina meningoc\u00f3cica ACWY como dose de refor\u00e7o para a meningoc\u00f3cica C. Isso significa que, al\u00e9m do meningococo C, eles ficar\u00e3o protegidos contra outros tr\u00eas sorotipos da bact\u00e9ria (A, W e Y), o que previnir\u00e1 casos de meningite bacteriana e infec\u00e7\u00e3o generalizada no sangue, a meningococcemia. Somente este ano, o Brasil j\u00e1 registrou 361 casos de meningite causada por meningococos, com 61 mortes.<\/p>\n<p>\u201cNo Brasil, o sorogrupo que mais preocupa, al\u00e9m do C, \u00e9 o W. A gente observou aumentos de incid\u00eancia importantes, principalmente nos estados do Sul do pa\u00eds, recentemente. Ent\u00e3o, essa mudan\u00e7a representa uma amplia\u00e7\u00e3o da prote\u00e7\u00e3o contra sorogrupos que s\u00e3o um risco, principalmente para as crian\u00e7as\u201d, explica a diretor da Sociedade Brasileira de Imuniza\u00e7\u00f5es (SBIm), Fl\u00e1via Bravo.<\/p>\n<p>O Sistema \u00danico de Sa\u00fade ja oferece o imunizante ACWY nas unidades b\u00e1sicas de sa\u00fade, mas atualmente a vacina \u00e9 aplicada dos 11 aos 14 anos. J\u00e1 os beb\u00eas recebem tr\u00eas doses da vacina meningoc\u00f3cica C: duas doses aos 3 e aos 6 meses de idade, e o refor\u00e7o, aos 12 meses. Apenas a dose de refor\u00e7o ser\u00e1 modificada.<\/p>\n<p>As crian\u00e7as que j\u00e1 receberam tr\u00eas doses da meningo C n\u00e3o precisam receber a dose de refor\u00e7o com a ACWY no momento. Mas aquelas n\u00e3o foram vacinadas aos 12 meses podem completar o esquema com a nova vacina, antes de completar 5 anos.<\/p>\n<p>Na nota t\u00e9cnica que comunica a mudan\u00e7a na estrat\u00e9gia de vacina\u00e7\u00e3o, o Minist\u00e9rio da Sa\u00fade refor\u00e7a \u201ca efevidade e o impacto desses imunobiol\u00f3gicos no Brasil, com redu\u00e7\u00e3o na incid\u00eancia da doen\u00e7a meningoc\u00f3cica, em pessoas vacinadas e n\u00e3o vacinadas.\u201d No entanto, diz a nota, \u201ca ocorr\u00eancia das meningites bacterianas ainda \u00e9 um fator de preocupa\u00e7\u00e3o, especialmente as causadas pela Neisseria meningidis (meningococo)e pelo Streptococcus pneumoniae (pneumococo)\u201d<\/p>\n<p>A mudan\u00e7a, ainda de acordo com a pasta, d\u00e1 continuidade ao enfrentamento das meningites, conforme as Diretrizes para Enfrentamento da doen\u00e7a, propostas pelo Brasil dentro do roteiro global da Organiza\u00e7\u00e3o Mundial da Sa\u00fade. O SUS tamb\u00e9m oferece vacinas contra outros dois agentes infecciosos que podem causar meningite, o pneumococo e o Haemophilus influenzae.<\/p>\n<p><em>Siga o Acorda Cidade no<\/em><a href=\"https:\/\/news.google.com\/search?q=acorda%20cidade&amp;hl=pt-BR&amp;gl=BR&amp;ceid=BR%3Apt-419\"><strong><em>\u00a0Google Not\u00edcias<\/em><\/strong><\/a><em>\u00a0e receba os principais destaques do dia. Participe tamb\u00e9m dos nossos canais no\u00a0<\/em><a href=\"https:\/\/whatsapp.com\/channel\/0029Va6Rb4v3WHTNnsh8WI3N\"><strong><em>WhatsApp<\/em><\/strong><\/a><em>\u00a0e\u00a0<\/em><a href=\"https:\/\/www.youtube.com\/@acordacidadenoticias\/videos\"><strong>Youtube<\/strong><\/a><em>\u00a0e grupo de\u00a0<\/em><a href=\"https:\/\/t.me\/+sSz0khrgARA0ZmRh\"><strong><em>Telegram<\/em><\/strong><\/a><em>.<\/em><\/p>\n<\/div>\n","protected":false},"excerpt":{"rendered":"<div>\n<div>\n<figure><img decoding=\"async\" src=\"https:\/\/uploads.acordacidade.com.br\/2025\/06\/vacina-bcg.jpg\" alt=\"vacina bcg\"><figcaption>Foto: Tomaz Silva\/Ag\u00eancia Brasil<\/figcaption><\/figure>\n<\/div>\n<p>Beb\u00eas de 12 meses agora ser\u00e3o imunizados contra quatro sorotipos<\/p><\/div>\n","protected":false},"author":1,"featured_media":91163,"comment_status":"closed","ping_status":"closed","sticky":false,"template":"","format":"gallery","meta":{"footnotes":""},"categories":[8,9,6,57,56,10],"tags":[],"class_list":["post-91162","post","type-post","status-publish","format-gallery","has-post-thumbnail","hentry","category-bahia","category-brasil","category-feira-de-santana","category-mundo","category-policia","category-politica","post_format-post-format-gallery"],"featured_image_urls":{"full":["https:\/\/noticiasbahia360.com.br\/wp-content\/uploads\/2025\/06\/vacina-bcg.jpg",1200,718,false],"thumbnail":["https:\/\/noticiasbahia360.com.br\/wp-content\/uploads\/2025\/06\/vacina-bcg-150x150.jpg",150,150,true],"medium":["https:\/\/noticiasbahia360.com.br\/wp-content\/uploads\/2025\/06\/vacina-bcg-300x180.jpg",300,180,true],"medium_large":["https:\/\/noticiasbahia360.com.br\/wp-content\/uploads\/2025\/06\/vacina-bcg-768x460.jpg",640,383,true],"large":["https:\/\/noticiasbahia360.com.br\/wp-content\/uploads\/2025\/06\/vacina-bcg-1024x613.jpg",640,383,true],"1536x1536":["https:\/\/noticiasbahia360.com.br\/wp-content\/uploads\/2025\/06\/vacina-bcg.jpg",1200,718,false],"2048x2048":["https:\/\/noticiasbahia360.com.br\/wp-content\/uploads\/2025\/06\/vacina-bcg.jpg",1200,718,false],"chromenews-featured":["https:\/\/noticiasbahia360.com.br\/wp-content\/uploads\/2025\/06\/vacina-bcg-1024x613.jpg",1024,613,true],"chromenews-large":["https:\/\/noticiasbahia360.com.br\/wp-content\/uploads\/2025\/06\/vacina-bcg-825x575.jpg",825,575,true],"chromenews-medium":["https:\/\/noticiasbahia360.com.br\/wp-content\/uploads\/2025\/06\/vacina-bcg-590x410.jpg",590,410,true]},"author_info":{"display_name":"noticiasbahia360.com.br","author_link":"https:\/\/noticiasbahia360.com.br\/?author=1"},"category_info":"<a href=\"https:\/\/noticiasbahia360.com.br\/?cat=8\" rel=\"category\">Bahia<\/a> <a href=\"https:\/\/noticiasbahia360.com.br\/?cat=9\" rel=\"category\">Brasil<\/a> <a href=\"https:\/\/noticiasbahia360.com.br\/?cat=6\" rel=\"category\">Feira de Santana<\/a> <a href=\"https:\/\/noticiasbahia360.com.br\/?cat=57\" rel=\"category\">Mundo<\/a> <a href=\"https:\/\/noticiasbahia360.com.br\/?cat=56\" rel=\"category\">Pol\u00edcia<\/a> <a href=\"https:\/\/noticiasbahia360.com.br\/?cat=10\" rel=\"category\">Pol\u00edtica<\/a>","tag_info":"Pol\u00edtica","comment_count":"0","_links":{"self":[{"href":"https:\/\/noticiasbahia360.com.br\/index.php?rest_route=\/wp\/v2\/posts\/91162","targetHints":{"allow":["GET"]}}],"collection":[{"href":"https:\/\/noticiasbahia360.com.br\/index.php?rest_route=\/wp\/v2\/posts"}],"about":[{"href":"https:\/\/noticiasbahia360.com.br\/index.php?rest_route=\/wp\/v2\/types\/post"}],"author":[{"embeddable":true,"href":"https:\/\/noticiasbahia360.com.br\/index.php?rest_route=\/wp\/v2\/users\/1"}],"replies":[{"embeddable":true,"href":"https:\/\/noticiasbahia360.com.br\/index.php?rest_route=%2Fwp%2Fv2%2Fcomments&post=91162"}],"version-history":[{"count":0,"href":"https:\/\/noticiasbahia360.com.br\/index.php?rest_route=\/wp\/v2\/posts\/91162\/revisions"}],"wp:featuredmedia":[{"embeddable":true,"href":"https:\/\/noticiasbahia360.com.br\/index.php?rest_route=\/wp\/v2\/media\/91163"}],"wp:attachment":[{"href":"https:\/\/noticiasbahia360.com.br\/index.php?rest_route=%2Fwp%2Fv2%2Fmedia&parent=91162"}],"wp:term":[{"taxonomy":"category","embeddable":true,"href":"https:\/\/noticiasbahia360.com.br\/index.php?rest_route=%2Fwp%2Fv2%2Fcategories&post=91162"},{"taxonomy":"post_tag","embeddable":true,"href":"https:\/\/noticiasbahia360.com.br\/index.php?rest_route=%2Fwp%2Fv2%2Ftags&post=91162"}],"curies":[{"name":"wp","href":"https:\/\/api.w.org\/{rel}","templated":true}]}}