{"id":91166,"date":"2025-06-26T12:15:49","date_gmt":"2025-06-26T15:15:49","guid":{"rendered":"https:\/\/noticiasbahia360.com.br\/?p=91166"},"modified":"2025-06-26T12:15:49","modified_gmt":"2025-06-26T15:15:49","slug":"outros-contos-da-vida-livro-de-poesia-e-lancado-em-salvador","status":"publish","type":"post","link":"https:\/\/noticiasbahia360.com.br\/?p=91166","title":{"rendered":"Outros Contos da Vida: Livro de poesia \u00e9 lan\u00e7ado em Salvador"},"content":{"rendered":"<div>\n<div>\n<figure><img decoding=\"async\" src=\"http:\/\/noticiasbahia360.com.br\/wp-content\/uploads\/2025\/06\/Livro-de-poesia-e-lancado-em-Salvador.jpg\" alt=\"Livro de poesia \u00e9 lan\u00e7ado em Salvador\"><figcaption>Foto: Divulga\u00e7\u00e3o<\/figcaption><\/figure>\n<\/div>\n<p>No pr\u00f3ximo dia 3 de julho, o baiano Lu\u00eds Bacelar Vidal convida amigos e amantes da boa leitura para o lan\u00e7amento do livro Outros Contos da Vida. O lan\u00e7amento acontece das 16h30 \u00e0s 19h30 no Espa\u00e7o D\u2019Gregorio, localizado no Shopping Cidade, no Itaigara, e contar\u00e1 com sess\u00e3o de aut\u00f3grafos. O evento \u00e9 aberto ao p\u00fablico. <\/p>\n<p>\u201cEsse livro nasceu do desejo de compartilhar viv\u00eancias e percep\u00e7\u00f5es que, apesar de singelas, carregam significados universais sobre nossa l\u00edrica\u201d, define o autor, que \u00e9 contador, auditor fiscal e perito judicial aposentado e dedica-se com vigor e entusiasmo \u00e0 fotografia e literatura.<\/p>\n<p>Com diversos livros j\u00e1 lan\u00e7ados, os contos reunidos na mais nova obra prop\u00f5em uma escuta profunda do que h\u00e1 de mais humano: as mem\u00f3rias e os afetos que atravessam a vida cotidiana. Outros Contos da Vida \u00e9 um convite ao mergulho em hist\u00f3rias que, mesmo nas entrelinhas, falam sobre todos n\u00f3s.<\/p>\n<p>O livro, que chega ao mercado liter\u00e1rio pela Editora Usina de Textos e com Selo do Studio Palma, apresenta uma colet\u00e2nea de textos curtos que se assemelham a contos, cr\u00f4nicas ou pequenos relatos \u2014 todos marcados por uma narrativa delicada e reflexiva. Com 156 p\u00e1ginas, j\u00e1 est\u00e1 \u00e0 venda na Livraria LDM e site. O valor de capa \u00e9 R$ 50.<\/p>\n<p><em>Siga o Acorda Cidade no<\/em><a href=\"https:\/\/news.google.com\/search?q=acorda%20cidade&amp;hl=pt-BR&amp;gl=BR&amp;ceid=BR%3Apt-419\"><strong><em>\u00a0Google Not\u00edcias<\/em><\/strong><\/a><em>\u00a0e receba os principais destaques do dia. Participe tamb\u00e9m dos nossos canais no\u00a0<\/em><a href=\"https:\/\/whatsapp.com\/channel\/0029Va6Rb4v3WHTNnsh8WI3N\"><strong><em>WhatsApp<\/em><\/strong><\/a><em>\u00a0e\u00a0<\/em><a href=\"https:\/\/www.youtube.com\/@acordacidadenoticias\/videos\"><strong>Youtube<\/strong><\/a><em>\u00a0e grupo de\u00a0<\/em><a href=\"https:\/\/t.me\/+sSz0khrgARA0ZmRh\"><strong><em>Telegram<\/em><\/strong><\/a><em>.<\/em><\/p>\n<\/div>\n","protected":false},"excerpt":{"rendered":"<div>\n<div>\n<figure><img decoding=\"async\" src=\"https:\/\/uploads.acordacidade.com.br\/2025\/06\/Livro-de-poesia-e-lancado-em-Salvador.jpg\" alt=\"Livro de poesia \u00e9 lan\u00e7ado em Salvador\"><figcaption>Foto: Divulga\u00e7\u00e3o<\/figcaption><\/figure>\n<\/div>\n<p>Com selo do Studio Palma, obra re\u00fane colet\u00e2nea de contos sobre cotidiano embalados por reflex\u00f5es sociais<\/p><\/div>\n","protected":false},"author":1,"featured_media":91167,"comment_status":"closed","ping_status":"closed","sticky":false,"template":"","format":"gallery","meta":{"footnotes":""},"categories":[8,9,6,57,56,10],"tags":[],"class_list":["post-91166","post","type-post","status-publish","format-gallery","has-post-thumbnail","hentry","category-bahia","category-brasil","category-feira-de-santana","category-mundo","category-policia","category-politica","post_format-post-format-gallery"],"featured_image_urls":{"full":["https:\/\/noticiasbahia360.com.br\/wp-content\/uploads\/2025\/06\/Livro-de-poesia-e-lancado-em-Salvador.jpg",1200,885,false],"thumbnail":["https:\/\/noticiasbahia360.com.br\/wp-content\/uploads\/2025\/06\/Livro-de-poesia-e-lancado-em-Salvador-150x150.jpg",150,150,true],"medium":["https:\/\/noticiasbahia360.com.br\/wp-content\/uploads\/2025\/06\/Livro-de-poesia-e-lancado-em-Salvador-300x221.jpg",300,221,true],"medium_large":["https:\/\/noticiasbahia360.com.br\/wp-content\/uploads\/2025\/06\/Livro-de-poesia-e-lancado-em-Salvador-768x566.jpg",640,472,true],"large":["https:\/\/noticiasbahia360.com.br\/wp-content\/uploads\/2025\/06\/Livro-de-poesia-e-lancado-em-Salvador-1024x755.jpg",640,472,true],"1536x1536":["https:\/\/noticiasbahia360.com.br\/wp-content\/uploads\/2025\/06\/Livro-de-poesia-e-lancado-em-Salvador.jpg",1200,885,false],"2048x2048":["https:\/\/noticiasbahia360.com.br\/wp-content\/uploads\/2025\/06\/Livro-de-poesia-e-lancado-em-Salvador.jpg",1200,885,false],"chromenews-featured":["https:\/\/noticiasbahia360.com.br\/wp-content\/uploads\/2025\/06\/Livro-de-poesia-e-lancado-em-Salvador-1024x755.jpg",1024,755,true],"chromenews-large":["https:\/\/noticiasbahia360.com.br\/wp-content\/uploads\/2025\/06\/Livro-de-poesia-e-lancado-em-Salvador-825x575.jpg",825,575,true],"chromenews-medium":["https:\/\/noticiasbahia360.com.br\/wp-content\/uploads\/2025\/06\/Livro-de-poesia-e-lancado-em-Salvador-590x410.jpg",590,410,true]},"author_info":{"display_name":"noticiasbahia360.com.br","author_link":"https:\/\/noticiasbahia360.com.br\/?author=1"},"category_info":"<a href=\"https:\/\/noticiasbahia360.com.br\/?cat=8\" rel=\"category\">Bahia<\/a> <a href=\"https:\/\/noticiasbahia360.com.br\/?cat=9\" rel=\"category\">Brasil<\/a> <a href=\"https:\/\/noticiasbahia360.com.br\/?cat=6\" rel=\"category\">Feira de Santana<\/a> <a href=\"https:\/\/noticiasbahia360.com.br\/?cat=57\" rel=\"category\">Mundo<\/a> <a href=\"https:\/\/noticiasbahia360.com.br\/?cat=56\" rel=\"category\">Pol\u00edcia<\/a> <a href=\"https:\/\/noticiasbahia360.com.br\/?cat=10\" rel=\"category\">Pol\u00edtica<\/a>","tag_info":"Pol\u00edtica","comment_count":"0","_links":{"self":[{"href":"https:\/\/noticiasbahia360.com.br\/index.php?rest_route=\/wp\/v2\/posts\/91166","targetHints":{"allow":["GET"]}}],"collection":[{"href":"https:\/\/noticiasbahia360.com.br\/index.php?rest_route=\/wp\/v2\/posts"}],"about":[{"href":"https:\/\/noticiasbahia360.com.br\/index.php?rest_route=\/wp\/v2\/types\/post"}],"author":[{"embeddable":true,"href":"https:\/\/noticiasbahia360.com.br\/index.php?rest_route=\/wp\/v2\/users\/1"}],"replies":[{"embeddable":true,"href":"https:\/\/noticiasbahia360.com.br\/index.php?rest_route=%2Fwp%2Fv2%2Fcomments&post=91166"}],"version-history":[{"count":0,"href":"https:\/\/noticiasbahia360.com.br\/index.php?rest_route=\/wp\/v2\/posts\/91166\/revisions"}],"wp:featuredmedia":[{"embeddable":true,"href":"https:\/\/noticiasbahia360.com.br\/index.php?rest_route=\/wp\/v2\/media\/91167"}],"wp:attachment":[{"href":"https:\/\/noticiasbahia360.com.br\/index.php?rest_route=%2Fwp%2Fv2%2Fmedia&parent=91166"}],"wp:term":[{"taxonomy":"category","embeddable":true,"href":"https:\/\/noticiasbahia360.com.br\/index.php?rest_route=%2Fwp%2Fv2%2Fcategories&post=91166"},{"taxonomy":"post_tag","embeddable":true,"href":"https:\/\/noticiasbahia360.com.br\/index.php?rest_route=%2Fwp%2Fv2%2Ftags&post=91166"}],"curies":[{"name":"wp","href":"https:\/\/api.w.org\/{rel}","templated":true}]}}