{"id":91168,"date":"2025-06-26T12:22:14","date_gmt":"2025-06-26T15:22:14","guid":{"rendered":"https:\/\/noticiasbahia360.com.br\/?p=91168"},"modified":"2025-06-26T12:22:14","modified_gmt":"2025-06-26T15:22:14","slug":"confira-a-programacao-completa-do-sao-pedro-de-humildes-jaiba-e-bonfim-de-feira","status":"publish","type":"post","link":"https:\/\/noticiasbahia360.com.br\/?p=91168","title":{"rendered":"Confira a programa\u00e7\u00e3o completa do S\u00e3o Pedro de Humildes, Ja\u00edba e Bonfim de Feira"},"content":{"rendered":"<div>\n<div>\n<figure><img decoding=\"async\" src=\"http:\/\/noticiasbahia360.com.br\/wp-content\/uploads\/2025\/06\/porgrama-sao-pedro-feira-de-santana-2025-jaiba-humildes-bonfim-foto-divulgacao-00.jpg\" alt=\"\"><figcaption>Foto: Divulga\u00e7\u00e3o <\/figcaption><\/figure>\n<\/div>\n<p>Ainda nem bateu a saudade das festas de <a href=\"https:\/\/www.acordacidade.com.br\/tag\/sao-joao\/\">S\u00e3o Jo\u00e3o<\/a> e a cabe\u00e7a do p\u00fablico de Feira de Santana s\u00f3 pensa nas comemora\u00e7\u00f5es de S\u00e3o Pedro, pelo menos \u00e9 o que se espera entre os moradores dos distritos de Bonfim de Feira, Ja\u00edba e Humildes. Os festejos em comemora\u00e7\u00e3o ao santo, que \u00e9 conhecido por ter a chave dos c\u00e9us, come\u00e7am nessas localidades a partir desta sexta-feira (27). <\/p>\n<div class=\"wp-block-group\">\n<div class=\"wp-block-group__inner-container is-layout-constrained wp-block-group-is-layout-constrained\">\n<h3 class=\"wp-block-heading\" id=\"h-distrito-de-humildes\">Distrito de Humildes<\/h3>\n<p>O distrito de Humildes ser\u00e1 o \u00fanico com tr\u00eas dias de festas. Na sexta-feira (27), o arrocha rom\u00e2ntico da banda <a href=\"https:\/\/www.acordacidade.com.br\/tag\/toque-dez\/\">Toque Dez<\/a> pretende tomar conta do local, que ainda vai receber, na mesma noite, Dorgival Dantas. Elba Ramalho e Nadson, o Ferinha, est\u00e3o entre as atra\u00e7\u00f5es confirmadas. Confira a programa\u00e7\u00e3o completa abaixo.<\/p>\n<p><strong>Sexta-feira \u2013 Dia 27<\/strong><\/p>\n<ul class=\"wp-block-list\">\n<li>20h \u2013 Lua Cheia<\/li>\n<li>Dorgival Dantas<\/li>\n<li>Toque Dez<\/li>\n<li>Serest\u00e3o do Lopes<\/li>\n<li>Capim Molhado (por volta das 2h)<\/li>\n<\/ul>\n<p><strong>S\u00e1bado \u2013 Dia 28<\/strong><\/p>\n<ul class=\"wp-block-list\">\n<li>19h \u00e0s 20h \u2013 Apresenta\u00e7\u00e3o de quadrilhas<\/li>\n<li>20h \u2013 Diego Alisson<\/li>\n<li>Xamego da Thay<\/li>\n<li>00h \u2013 Elba Ramalho<\/li>\n<li>02h \u2013 Targino Gondim<\/li>\n<li>Z\u00e9 Hon\u00f3rio (encerramento)<\/li>\n<\/ul>\n<p><strong>Domingo \u2013 Dia 29<\/strong><\/p>\n<ul class=\"wp-block-list\">\n<li>19h \u00e0s 20h \u2013 Apresenta\u00e7\u00e3o de quadrilhas<\/li>\n<li>\u00cdtalo J\u00fanior<\/li>\n<li>22h \u2013 Lairton<\/li>\n<li>00h \u2013 Zezo<\/li>\n<li>02h \u2013 Nadson O Ferinha<\/li>\n<li>Jo\u00e3o Almeida (encerramento)<\/li>\n<\/ul>\n<\/div>\n<\/div>\n<div class=\"wp-block-group\">\n<div class=\"wp-block-group__inner-container is-layout-constrained wp-block-group-is-layout-constrained\">\n<h3 class=\"wp-block-heading\" id=\"h-distrito-de-bonfim-de-feira\">Distrito de Bonfim de Feira<\/h3>\n<p>No distrito de Bonfim de Feira, a festa est\u00e1 programada para ocorrer na sexta (27) e no s\u00e1bado (28). Confira a programa\u00e7\u00e3o completa abaixo.<\/p>\n<p><strong>Sexta-feira \u2013 Dia 27<\/strong><\/p>\n<ul class=\"wp-block-list\">\n<li>20h \u2013 Asa Filho<\/li>\n<li>Alcymar Monteiro<\/li>\n<li>Luxo e Ostenta\u00e7\u00e3o<\/li>\n<li>Bete Nascimento<\/li>\n<\/ul>\n<p><strong>S\u00e1bado \u2013 Dia 28<\/strong><\/p>\n<ul class=\"wp-block-list\">\n<li>20h \u2013 Acaraj\u00e9 com Camar\u00e3o<\/li>\n<li>Fran\u00e7a<\/li>\n<li>Lara Am\u00e9lia<\/li>\n<li>Tiachika<\/li>\n<\/ul>\n<\/div>\n<\/div>\n<div class=\"wp-block-group\">\n<div class=\"wp-block-group__inner-container is-layout-constrained wp-block-group-is-layout-constrained\">\n<h3 class=\"wp-block-heading\" id=\"h-distrito-de-jaiba\">\u00a0Distrito de Ja\u00edba<\/h3>\n<p>As bandas Filomena Bagaceira e Gatinha Manhosa est\u00e3o entre as atra\u00e7\u00f5es confirmadas para se apresentarem no S\u00e3o Pedro do distrito de Ja\u00edba, que deve movimentar a localidade no pr\u00f3ximo final de semana. Confira abaixo a programa\u00e7\u00e3o completa.<\/p>\n<p><strong>Sexta-feira \u2013 Dia 27<\/strong><\/p>\n<ul class=\"wp-block-list\">\n<li>20h \u2013 Menina Faceira<\/li>\n<li>Trio Nordestino<\/li>\n<li>Sandro de Castro<\/li>\n<li>Rock Salles<\/li>\n<li>Arquivo Nordestino<\/li>\n<\/ul>\n<p><strong>S\u00e1bado \u2013 Dia 28<\/strong><\/p>\n<ul class=\"wp-block-list\">\n<li>20h \u2013 Igor Rei da Farra<\/li>\n<li>Gatinha Manhosa<\/li>\n<li>Filomena Bagaceira<\/li>\n<li>Breg\u00e3o Du Valle<\/li>\n<li>Novilha de Prata (at\u00e9 as 5h)<\/li>\n<\/ul>\n<\/div>\n<\/div>\n<p><em>Reportagem escrita pelo estagi\u00e1rio de jornalismo Jefferson Ara\u00fajo sob supervis\u00e3o <\/em><\/p>\n<p><em>Siga o Acorda Cidade no<\/em><a href=\"https:\/\/news.google.com\/search?q=acorda%20cidade&amp;hl=pt-BR&amp;gl=BR&amp;ceid=BR%3Apt-419\"><strong><em>\u00a0Google Not\u00edcias<\/em><\/strong><\/a><em>\u00a0e receba os principais destaques do dia. Participe tamb\u00e9m dos nossos canais no\u00a0<\/em><a href=\"https:\/\/www.whatsapp.com\/channel\/0029Va6Rb4v3WHTNnsh8WI3N\"><strong><em>WhatsApp<\/em><\/strong><\/a><em>\u00a0e\u00a0<\/em><a href=\"https:\/\/www.youtube.com\/@acordacidadenoticias\/videos\"><strong>YouTube<\/strong><\/a><em>\u00a0e grupo de\u00a0<\/em><a href=\"https:\/\/t.me\/+sSz0khrgARA0ZmRh\"><strong><em>Telegram<\/em><\/strong><\/a><em>.<\/em><\/p>\n<\/div>\n","protected":false},"excerpt":{"rendered":"<div>\n<div>\n<figure><img decoding=\"async\" src=\"https:\/\/uploads.acordacidade.com.br\/2025\/06\/porgrama-sao-pedro-feira-de-santana-2025-jaiba-humildes-bonfim-foto-divulgacao-00.jpg\" alt=\"\"><figcaption>Foto: Divulga\u00e7\u00e3o <\/figcaption><\/figure>\n<\/div>\n<p>Os festejos em comemora\u00e7\u00e3o ao santo, que \u00e9 conhecido por ter a chave dos c\u00e9us, come\u00e7am nessas localidades a partir desta sexta-feira (27).<\/p><\/div>\n","protected":false},"author":1,"featured_media":91169,"comment_status":"closed","ping_status":"closed","sticky":false,"template":"","format":"gallery","meta":{"footnotes":""},"categories":[8,9,6,57,56,10],"tags":[],"class_list":["post-91168","post","type-post","status-publish","format-gallery","has-post-thumbnail","hentry","category-bahia","category-brasil","category-feira-de-santana","category-mundo","category-policia","category-politica","post_format-post-format-gallery"],"featured_image_urls":{"full":["https:\/\/noticiasbahia360.com.br\/wp-content\/uploads\/2025\/06\/porgrama-sao-pedro-feira-de-santana-2025-jaiba-humildes-bonfim-foto-divulgacao-00.jpg",1200,675,false],"thumbnail":["https:\/\/noticiasbahia360.com.br\/wp-content\/uploads\/2025\/06\/porgrama-sao-pedro-feira-de-santana-2025-jaiba-humildes-bonfim-foto-divulgacao-00-150x150.jpg",150,150,true],"medium":["https:\/\/noticiasbahia360.com.br\/wp-content\/uploads\/2025\/06\/porgrama-sao-pedro-feira-de-santana-2025-jaiba-humildes-bonfim-foto-divulgacao-00-300x169.jpg",300,169,true],"medium_large":["https:\/\/noticiasbahia360.com.br\/wp-content\/uploads\/2025\/06\/porgrama-sao-pedro-feira-de-santana-2025-jaiba-humildes-bonfim-foto-divulgacao-00-768x432.jpg",640,360,true],"large":["https:\/\/noticiasbahia360.com.br\/wp-content\/uploads\/2025\/06\/porgrama-sao-pedro-feira-de-santana-2025-jaiba-humildes-bonfim-foto-divulgacao-00-1024x576.jpg",640,360,true],"1536x1536":["https:\/\/noticiasbahia360.com.br\/wp-content\/uploads\/2025\/06\/porgrama-sao-pedro-feira-de-santana-2025-jaiba-humildes-bonfim-foto-divulgacao-00.jpg",1200,675,false],"2048x2048":["https:\/\/noticiasbahia360.com.br\/wp-content\/uploads\/2025\/06\/porgrama-sao-pedro-feira-de-santana-2025-jaiba-humildes-bonfim-foto-divulgacao-00.jpg",1200,675,false],"chromenews-featured":["https:\/\/noticiasbahia360.com.br\/wp-content\/uploads\/2025\/06\/porgrama-sao-pedro-feira-de-santana-2025-jaiba-humildes-bonfim-foto-divulgacao-00-1024x576.jpg",1024,576,true],"chromenews-large":["https:\/\/noticiasbahia360.com.br\/wp-content\/uploads\/2025\/06\/porgrama-sao-pedro-feira-de-santana-2025-jaiba-humildes-bonfim-foto-divulgacao-00-825x575.jpg",825,575,true],"chromenews-medium":["https:\/\/noticiasbahia360.com.br\/wp-content\/uploads\/2025\/06\/porgrama-sao-pedro-feira-de-santana-2025-jaiba-humildes-bonfim-foto-divulgacao-00-590x410.jpg",590,410,true]},"author_info":{"display_name":"noticiasbahia360.com.br","author_link":"https:\/\/noticiasbahia360.com.br\/?author=1"},"category_info":"<a href=\"https:\/\/noticiasbahia360.com.br\/?cat=8\" rel=\"category\">Bahia<\/a> <a href=\"https:\/\/noticiasbahia360.com.br\/?cat=9\" rel=\"category\">Brasil<\/a> <a href=\"https:\/\/noticiasbahia360.com.br\/?cat=6\" rel=\"category\">Feira de Santana<\/a> <a href=\"https:\/\/noticiasbahia360.com.br\/?cat=57\" rel=\"category\">Mundo<\/a> <a href=\"https:\/\/noticiasbahia360.com.br\/?cat=56\" rel=\"category\">Pol\u00edcia<\/a> <a href=\"https:\/\/noticiasbahia360.com.br\/?cat=10\" rel=\"category\">Pol\u00edtica<\/a>","tag_info":"Pol\u00edtica","comment_count":"0","_links":{"self":[{"href":"https:\/\/noticiasbahia360.com.br\/index.php?rest_route=\/wp\/v2\/posts\/91168","targetHints":{"allow":["GET"]}}],"collection":[{"href":"https:\/\/noticiasbahia360.com.br\/index.php?rest_route=\/wp\/v2\/posts"}],"about":[{"href":"https:\/\/noticiasbahia360.com.br\/index.php?rest_route=\/wp\/v2\/types\/post"}],"author":[{"embeddable":true,"href":"https:\/\/noticiasbahia360.com.br\/index.php?rest_route=\/wp\/v2\/users\/1"}],"replies":[{"embeddable":true,"href":"https:\/\/noticiasbahia360.com.br\/index.php?rest_route=%2Fwp%2Fv2%2Fcomments&post=91168"}],"version-history":[{"count":0,"href":"https:\/\/noticiasbahia360.com.br\/index.php?rest_route=\/wp\/v2\/posts\/91168\/revisions"}],"wp:featuredmedia":[{"embeddable":true,"href":"https:\/\/noticiasbahia360.com.br\/index.php?rest_route=\/wp\/v2\/media\/91169"}],"wp:attachment":[{"href":"https:\/\/noticiasbahia360.com.br\/index.php?rest_route=%2Fwp%2Fv2%2Fmedia&parent=91168"}],"wp:term":[{"taxonomy":"category","embeddable":true,"href":"https:\/\/noticiasbahia360.com.br\/index.php?rest_route=%2Fwp%2Fv2%2Fcategories&post=91168"},{"taxonomy":"post_tag","embeddable":true,"href":"https:\/\/noticiasbahia360.com.br\/index.php?rest_route=%2Fwp%2Fv2%2Ftags&post=91168"}],"curies":[{"name":"wp","href":"https:\/\/api.w.org\/{rel}","templated":true}]}} 