{"id":91172,"date":"2025-06-26T14:22:03","date_gmt":"2025-06-26T17:22:03","guid":{"rendered":"https:\/\/noticiasbahia360.com.br\/?p=91172"},"modified":"2025-06-26T14:22:03","modified_gmt":"2025-06-26T17:22:03","slug":"em-4-dias-de-festa-sao-joao-de-sao-goncalo-dos-campos-reune-mais-de-60-mil-pessoas","status":"publish","type":"post","link":"https:\/\/noticiasbahia360.com.br\/?p=91172","title":{"rendered":"Em 4 dias de festa, S\u00e3o Jo\u00e3o de S\u00e3o Gon\u00e7alo dos Campos re\u00fane mais de 60 mil pessoas"},"content":{"rendered":"<div>\n<div>\n<figure><img decoding=\"async\" src=\"http:\/\/noticiasbahia360.com.br\/wp-content\/uploads\/2025\/06\/Sao-Goncalo-dos-Campos-260526.jpg\" alt=\"Em 4 dias de festa, S\u00e3o Jo\u00e3o de S\u00e3o Gon\u00e7alo dos Campos re\u00fane mais de 60 mil pessoas\"><figcaption>Foto: Reprodu\u00e7\u00e3o<\/figcaption><\/figure>\n<\/div>\n<p>Com uma estrutura elogiada pelo p\u00fablico e destaque na organiza\u00e7\u00e3o, o S\u00e3o Jo\u00e3o de S\u00e3o Gon\u00e7alo dos Campos consolidou-se como uma das <a href=\"https:\/\/www.acordacidade.com.br\/tag\/festa-junina\/\">festas juninas<\/a> mais seguras e bem-sucedidas da Bahia em 2025. Realizado entre os dias 21 e 24 de junho, o evento \u2014 conhecido como Jardim do Forr\u00f3 \u2014 recebeu um p\u00fablico estimado em mais de 60 mil pessoas, sem o registro de ocorr\u00eancias policiais, brigas ou tumultos, segundo informa\u00e7\u00f5es da 67\u00aa CIPM, que esteve presente na festa com mais de 60 policias, inclusive com apoio do \u00d4nibus Tecnologico de Monitoramento, al\u00e9m de 40 integrantes da Guarda Municipal.<\/p>\n<p>A programa\u00e7\u00e3o art\u00edstica, marcada por nomes consagrados da m\u00fasica nordestina, foi um dos principais atrativos. Bell Marques, respons\u00e1vel pela abertura da festa no s\u00e1bado (21), subiu ao palco e atraiu uma multid\u00e3o \u00e0 Pra\u00e7a da Esta\u00e7\u00e3o. O mesmo cen\u00e1rio se repetiu nos dias seguintes com shows lotados de Iguinho e Lulinha, Mastruz com Leite, Tarc\u00edsio do Acordeon, entre outros, que garantiram noites de muito forr\u00f3, romantismo e anima\u00e7\u00e3o. <\/p>\n<p>Al\u00e9m da seguran\u00e7a e de grandes atra\u00e7\u00f5es, o S\u00e3o Jo\u00e3o de S\u00e3o Gon\u00e7alo dos Campos tamb\u00e9m teve reflexo positivo na economia local. O com\u00e9rcio informal, bares, restaurantes, pousadas e servi\u00e7os diversos registraram aumento no fluxo de clientes, movimentando a cidade e gerando renda para centenas de trabalhadores.<\/p>\n<p>\u201cO que vivemos esse ano foi a prova de que \u00e9 poss\u00edvel fazer uma grande festa com organiza\u00e7\u00e3o, seguran\u00e7a, respeito \u00e0s tradi\u00e7\u00f5es e foco na valoriza\u00e7\u00e3o cultural e econ\u00f4mica do nosso munic\u00edpio. Recebemos milhares de fam\u00edlias de toda a regi\u00e3o e sa\u00edmos com a sensa\u00e7\u00e3o de dever cumprido,\u201d afirmou o prefeito Tarc\u00edsio Pedreira.<\/p>\n<p>Outro ponto de destaque foi a programa\u00e7\u00e3o infantil e cultural. O evento contou ainda com o Arrai\u00e1 dos Baixinhos, realizado no dia 24 com o animado Show do Jordan, al\u00e9m de apresenta\u00e7\u00f5es de quadrilhas juninas que encantaram o p\u00fablico e refor\u00e7aram o compromisso da gest\u00e3o municipal com a preserva\u00e7\u00e3o das manifesta\u00e7\u00f5es populares.<\/p>\n<p><em>Siga o Acorda Cidade no<\/em><a href=\"https:\/\/news.google.com\/search?q=acorda%20cidade&amp;hl=pt-BR&amp;gl=BR&amp;ceid=BR%3Apt-419\"><strong><em>\u00a0Google Not\u00edcias<\/em><\/strong><\/a><em>\u00a0e receba os principais destaques do dia. Participe tamb\u00e9m dos nossos canais no\u00a0<\/em><a href=\"https:\/\/www.whatsapp.com\/channel\/0029Va6Rb4v3WHTNnsh8WI3N\"><strong><em>WhatsApp<\/em><\/strong><\/a><em>\u00a0e\u00a0<\/em><a href=\"https:\/\/www.youtube.com\/@acordacidadenoticias\/videos\"><strong>Youtube<\/strong><\/a><em>\u00a0e grupo de\u00a0<\/em><a href=\"https:\/\/t.me\/+sSz0khrgARA0ZmRh\"><strong><em>Telegram<\/em><\/strong><\/a><em>.<\/em><\/p>\n<\/div>\n","protected":false},"excerpt":{"rendered":"<div>\n<div>\n<figure><img decoding=\"async\" src=\"https:\/\/uploads.acordacidade.com.br\/2025\/06\/Sao-Goncalo-dos-Campos-260526.jpg\" alt=\"Em 4 dias de festa, S\u00e3o Jo\u00e3o de S\u00e3o Gon\u00e7alo dos Campos re\u00fane mais de 60 mil pessoas\"><figcaption>Foto: Reprodu\u00e7\u00e3o<\/figcaption><\/figure>\n<\/div>\n<p>A programa\u00e7\u00e3o art\u00edstica, marcada por nomes consagrados da m\u00fasica nordestina, foi um dos principais atrativos.<\/p><\/div>\n","protected":false},"author":1,"featured_media":91173,"comment_status":"closed","ping_status":"closed","sticky":false,"template":"","format":"gallery","meta":{"footnotes":""},"categories":[8,9,6,57,56,10],"tags":[],"class_list":["post-91172","post","type-post","status-publish","format-gallery","has-post-thumbnail","hentry","category-bahia","category-brasil","category-feira-de-santana","category-mundo","category-policia","category-politica","post_format-post-format-gallery"],"featured_image_urls":{"full":["https:\/\/noticiasbahia360.com.br\/wp-content\/uploads\/2025\/06\/Sao-Goncalo-dos-Campos-260526.jpg",1920,1080,false],"thumbnail":["https:\/\/noticiasbahia360.com.br\/wp-content\/uploads\/2025\/06\/Sao-Goncalo-dos-Campos-260526-150x150.jpg",150,150,true],"medium":["https:\/\/noticiasbahia360.com.br\/wp-content\/uploads\/2025\/06\/Sao-Goncalo-dos-Campos-260526-300x169.jpg",300,169,true],"medium_large":["https:\/\/noticiasbahia360.com.br\/wp-content\/uploads\/2025\/06\/Sao-Goncalo-dos-Campos-260526-768x432.jpg",640,360,true],"large":["https:\/\/noticiasbahia360.com.br\/wp-content\/uploads\/2025\/06\/Sao-Goncalo-dos-Campos-260526-1024x576.jpg",640,360,true],"1536x1536":["https:\/\/noticiasbahia360.com.br\/wp-content\/uploads\/2025\/06\/Sao-Goncalo-dos-Campos-260526-1536x864.jpg",1536,864,true],"2048x2048":["https:\/\/noticiasbahia360.com.br\/wp-content\/uploads\/2025\/06\/Sao-Goncalo-dos-Campos-260526.jpg",1920,1080,false],"chromenews-featured":["https:\/\/noticiasbahia360.com.br\/wp-content\/uploads\/2025\/06\/Sao-Goncalo-dos-Campos-260526-1024x576.jpg",1024,576,true],"chromenews-large":["https:\/\/noticiasbahia360.com.br\/wp-content\/uploads\/2025\/06\/Sao-Goncalo-dos-Campos-260526-825x575.jpg",825,575,true],"chromenews-medium":["https:\/\/noticiasbahia360.com.br\/wp-content\/uploads\/2025\/06\/Sao-Goncalo-dos-Campos-260526-590x410.jpg",590,410,true]},"author_info":{"display_name":"noticiasbahia360.com.br","author_link":"https:\/\/noticiasbahia360.com.br\/?author=1"},"category_info":"<a href=\"https:\/\/noticiasbahia360.com.br\/?cat=8\" rel=\"category\">Bahia<\/a> <a href=\"https:\/\/noticiasbahia360.com.br\/?cat=9\" rel=\"category\">Brasil<\/a> <a href=\"https:\/\/noticiasbahia360.com.br\/?cat=6\" rel=\"category\">Feira de Santana<\/a> <a href=\"https:\/\/noticiasbahia360.com.br\/?cat=57\" rel=\"category\">Mundo<\/a> <a href=\"https:\/\/noticiasbahia360.com.br\/?cat=56\" rel=\"category\">Pol\u00edcia<\/a> <a href=\"https:\/\/noticiasbahia360.com.br\/?cat=10\" rel=\"category\">Pol\u00edtica<\/a>","tag_info":"Pol\u00edtica","comment_count":"0","_links":{"self":[{"href":"https:\/\/noticiasbahia360.com.br\/index.php?rest_route=\/wp\/v2\/posts\/91172","targetHints":{"allow":["GET"]}}],"collection":[{"href":"https:\/\/noticiasbahia360.com.br\/index.php?rest_route=\/wp\/v2\/posts"}],"about":[{"href":"https:\/\/noticiasbahia360.com.br\/index.php?rest_route=\/wp\/v2\/types\/post"}],"author":[{"embeddable":true,"href":"https:\/\/noticiasbahia360.com.br\/index.php?rest_route=\/wp\/v2\/users\/1"}],"replies":[{"embeddable":true,"href":"https:\/\/noticiasbahia360.com.br\/index.php?rest_route=%2Fwp%2Fv2%2Fcomments&post=91172"}],"version-history":[{"count":0,"href":"https:\/\/noticiasbahia360.com.br\/index.php?rest_route=\/wp\/v2\/posts\/91172\/revisions"}],"wp:featuredmedia":[{"embeddable":true,"href":"https:\/\/noticiasbahia360.com.br\/index.php?rest_route=\/wp\/v2\/media\/91173"}],"wp:attachment":[{"href":"https:\/\/noticiasbahia360.com.br\/index.php?rest_route=%2Fwp%2Fv2%2Fmedia&parent=91172"}],"wp:term":[{"taxonomy":"category","embeddable":true,"href":"https:\/\/noticiasbahia360.com.br\/index.php?rest_route=%2Fwp%2Fv2%2Fcategories&post=91172"},{"taxonomy":"post_tag","embeddable":true,"href":"https:\/\/noticiasbahia360.com.br\/index.php?rest_route=%2Fwp%2Fv2%2Ftags&post=91172"}],"curies":[{"name":"wp","href":"https:\/\/api.w.org\/{rel}","templated":true}]}}