{"id":91174,"date":"2025-06-26T14:51:16","date_gmt":"2025-06-26T17:51:16","guid":{"rendered":"https:\/\/noticiasbahia360.com.br\/?p=91174"},"modified":"2025-06-26T14:51:16","modified_gmt":"2025-06-26T17:51:16","slug":"lixao-ao-lado-de-escola-municipal-preocupa-moradores-do-bairro-irma-dulce","status":"publish","type":"post","link":"https:\/\/noticiasbahia360.com.br\/?p=91174","title":{"rendered":"Lix\u00e3o ao lado de escola municipal preocupa moradores do bairro Irm\u00e3 Dulce"},"content":{"rendered":"<div>\n<div>\n<figure><img decoding=\"async\" src=\"http:\/\/noticiasbahia360.com.br\/wp-content\/uploads\/2025\/06\/lixao-ao-lado-de-escola-municipal-adenil-falcao-bairro-rima-dulce-feira-de-santana-foto-ney-silva-acorda-cidade.jpg\" alt=\"lix\u00e3o\"><figcaption>Lix\u00e3o na Rua Lopes Rodrigues, ao lado de escola municipal, preocupa moradores do bairro Irm\u00e3 Dulce, em Feira de Santana | Foto: Ney Silva \/ Acorda Cidade <\/figcaption><\/figure>\n<\/div>\n<div class=\"wp-block-group\">\n<div class=\"wp-block-group__inner-container is-layout-constrained wp-block-group-is-layout-constrained\">\n<p>Moradores do bairro Irm\u00e3 Dulce, em Feira de Santana, est\u00e3o sofrendo com o ac\u00famulo de lixo em um trecho da rua Lopes Rodrigues. A \u00e1rea, que serve para descarte irregular de entulho, m\u00f3veis velhos e lixo dom\u00e9stico h\u00e1 cerca de 15 anos, preocupa ainda mais a popula\u00e7\u00e3o por ficar ao lado da Escola Municipal Adenil Falc\u00e3o.<\/p>\n<figure class=\"wp-block-image size-large\"><img fetchpriority=\"high\" data-dominant-color=\"aa958e\" data-has-transparency=\"false\" style=\"--dominant-color: #aa958e;\" fetchpriority=\"high\" decoding=\"async\" width=\"1024\" height=\"768\" sizes=\"(max-width: 1024px) 100vw, 1024px\" src=\"http:\/\/noticiasbahia360.com.br\/wp-content\/uploads\/2025\/06\/fCJOEVe2-felipe-lixao-ao-lado-de-escola-municipal-adenil-falcao-bairro-rima-dulce-feira-de-santana-foto-ney-silva-acorda-cidade-1024x768-1.webp\" alt=\"lix\u00e3o\" class=\"wp-image-569316 not-transparent\" srcset=\"https:\/\/uploads.acordacidade.com.br\/2025\/06\/fCJOEVe2-felipe-lixao-ao-lado-de-escola-municipal-adenil-falcao-bairro-rima-dulce-feira-de-santana-foto-ney-silva-acorda-cidade-487x365.webp 487w, http:\/\/noticiasbahia360.com.br\/wp-content\/uploads\/2025\/06\/fCJOEVe2-felipe-lixao-ao-lado-de-escola-municipal-adenil-falcao-bairro-rima-dulce-feira-de-santana-foto-ney-silva-acorda-cidade-1024x768-1.webp 1024w, https:\/\/uploads.acordacidade.com.br\/2025\/06\/fCJOEVe2-felipe-lixao-ao-lado-de-escola-municipal-adenil-falcao-bairro-rima-dulce-feira-de-santana-foto-ney-silva-acorda-cidade-737x553.webp 737w, https:\/\/uploads.acordacidade.com.br\/2025\/06\/fCJOEVe2-felipe-lixao-ao-lado-de-escola-municipal-adenil-falcao-bairro-rima-dulce-feira-de-santana-foto-ney-silva-acorda-cidade-150x113.webp 150w, https:\/\/uploads.acordacidade.com.br\/2025\/06\/fCJOEVe2-felipe-lixao-ao-lado-de-escola-municipal-adenil-falcao-bairro-rima-dulce-feira-de-santana-foto-ney-silva-acorda-cidade.webp 1200w\"><figcaption class=\"wp-element-caption\">Felipe Duarte Ribeiro, engenheiro agr\u00f4nomo  | Foto: Ney Silva \/ Acorda Cidade <\/figcaption><\/figure>\n<p>\u201cEsse lix\u00e3o sempre traz roedores, escorpi\u00f5es e outros insetos que s\u00e3o malfeitores para toda a popula\u00e7\u00e3o. Precisa tamb\u00e9m da conscientiza\u00e7\u00e3o dos moradores para n\u00e3o colocar lixo aqui. Do lado tem uma escola municipal e o pessoal n\u00e3o se atenta que isso pode ocasionar doen\u00e7as ou ent\u00e3o a picada de um escorpi\u00e3o numa crian\u00e7a\u201d, disse o engenheiro agr\u00f4nomo Felipe Duarte Ribeiro.<\/p>\n<\/div>\n<\/div>\n<div class=\"wp-block-group\">\n<div class=\"wp-block-group__inner-container is-layout-constrained wp-block-group-is-layout-constrained\">\n<h3 class=\"wp-block-heading\" id=\"h-perigo-externo\">Perigo externo <\/h3>\n<p>Felipe explicou ao Acorda Cidade que entende que os moradores do bairro Irm\u00e3 Dulce, assim como ele, devem fazer a pr\u00f3pria parte, mas que, ainda assim, reconhecem que a grande maioria dos res\u00edduos que s\u00e3o descartados pr\u00f3ximo \u00e0 escola vem de outros bairros.<\/p>\n<figure class=\"wp-block-image size-large\"><img data-dominant-color=\"838479\" data-has-transparency=\"false\" style=\"--dominant-color: #838479;\" decoding=\"async\" width=\"1024\" height=\"768\" sizes=\"(max-width: 1024px) 100vw, 1024px\" src=\"http:\/\/noticiasbahia360.com.br\/wp-content\/uploads\/2025\/06\/dHYhz5xq-lixao-ao-lado-de-escola-municipal-adenil-falcao-bairro-rima-dulce-feira-de-santana-foto-ney-silva-acorda-cidade-01-1024x768-1.webp\" alt=\"lix\u00e3o\" class=\"wp-image-569314 not-transparent\" srcset=\"https:\/\/uploads.acordacidade.com.br\/2025\/06\/dHYhz5xq-lixao-ao-lado-de-escola-municipal-adenil-falcao-bairro-rima-dulce-feira-de-santana-foto-ney-silva-acorda-cidade-01-487x365.webp 487w, http:\/\/noticiasbahia360.com.br\/wp-content\/uploads\/2025\/06\/dHYhz5xq-lixao-ao-lado-de-escola-municipal-adenil-falcao-bairro-rima-dulce-feira-de-santana-foto-ney-silva-acorda-cidade-01-1024x768-1.webp 1024w, https:\/\/uploads.acordacidade.com.br\/2025\/06\/dHYhz5xq-lixao-ao-lado-de-escola-municipal-adenil-falcao-bairro-rima-dulce-feira-de-santana-foto-ney-silva-acorda-cidade-01-737x553.webp 737w, https:\/\/uploads.acordacidade.com.br\/2025\/06\/dHYhz5xq-lixao-ao-lado-de-escola-municipal-adenil-falcao-bairro-rima-dulce-feira-de-santana-foto-ney-silva-acorda-cidade-01-150x113.webp 150w, https:\/\/uploads.acordacidade.com.br\/2025\/06\/dHYhz5xq-lixao-ao-lado-de-escola-municipal-adenil-falcao-bairro-rima-dulce-feira-de-santana-foto-ney-silva-acorda-cidade-01.webp 1200w\"><figcaption class=\"wp-element-caption\">Lix\u00e3o na Rua Lopes Rodrigues, ao lado de escola municipal, preocupa moradores do bairro Irm\u00e3 Dulce, em Feira de Santana | Foto: Ney Silva \/ Acorda Cidade <\/figcaption><\/figure>\n<p>\u201c<strong>Pe\u00e7o que a popula\u00e7\u00e3o tenha a consci\u00eancia de n\u00e3o colocar lixo aqui. <\/strong>Muitas pessoas v\u00eam de outros bairros jogar lixo, colch\u00e3o velho, entulho, <strong>vem gente trazendo at\u00e9 animais mortos.<\/strong> [A quantidade de lixo \u00e9 t\u00e3o grande que] avan\u00e7a a pista, tanto que \u00e0s vezes o carro tem que passar at\u00e9 no meio-fio que divide uma pista e outra\u201d, disse o morador.<\/p>\n<\/div>\n<\/div>\n<div class=\"wp-block-group\">\n<div class=\"wp-block-group__inner-container is-layout-constrained wp-block-group-is-layout-constrained\">\n<h3 class=\"wp-block-heading\" id=\"h-velho-conhecido\">Velho conhecido<\/h3>\n<p>Ribeiro contou ao Acorda Cidade que a Prefeitura de Feira de Santana tem amplo conhecimento do problema da rua Lopes Rodrigues e, que o secret\u00e1rio de Servi\u00e7os P\u00fablicos do munic\u00edpio, Justiniano Fran\u00e7a, sempre se esfor\u00e7a, toda vez que \u00e9 solicitado, para retirar o lixo o mais r\u00e1pido poss\u00edvel, mas que, em poucos dias, o local j\u00e1 est\u00e1 completamente tomado por lixo novamente.<\/p>\n<figure class=\"wp-block-image size-large\"><img data-dominant-color=\"737a77\" data-has-transparency=\"false\" style=\"--dominant-color: #737a77;\" decoding=\"async\" width=\"1024\" height=\"768\" sizes=\"(max-width: 1024px) 100vw, 1024px\" src=\"http:\/\/noticiasbahia360.com.br\/wp-content\/uploads\/2025\/06\/v7V2056t-lixao-ao-lado-de-escola-municipal-adenil-falcao-bairro-rima-dulce-feira-de-santana-foto-ney-silva-acorda-cidade-00-1024x768-1.webp\" alt=\"lix\u00e3o\" class=\"wp-image-569315 not-transparent\" srcset=\"https:\/\/uploads.acordacidade.com.br\/2025\/06\/v7V2056t-lixao-ao-lado-de-escola-municipal-adenil-falcao-bairro-rima-dulce-feira-de-santana-foto-ney-silva-acorda-cidade-00-487x365.webp 487w, http:\/\/noticiasbahia360.com.br\/wp-content\/uploads\/2025\/06\/v7V2056t-lixao-ao-lado-de-escola-municipal-adenil-falcao-bairro-rima-dulce-feira-de-santana-foto-ney-silva-acorda-cidade-00-1024x768-1.webp 1024w, https:\/\/uploads.acordacidade.com.br\/2025\/06\/v7V2056t-lixao-ao-lado-de-escola-municipal-adenil-falcao-bairro-rima-dulce-feira-de-santana-foto-ney-silva-acorda-cidade-00-737x553.webp 737w, https:\/\/uploads.acordacidade.com.br\/2025\/06\/v7V2056t-lixao-ao-lado-de-escola-municipal-adenil-falcao-bairro-rima-dulce-feira-de-santana-foto-ney-silva-acorda-cidade-00-150x113.webp 150w, https:\/\/uploads.acordacidade.com.br\/2025\/06\/v7V2056t-lixao-ao-lado-de-escola-municipal-adenil-falcao-bairro-rima-dulce-feira-de-santana-foto-ney-silva-acorda-cidade-00.webp 1200w\"><figcaption class=\"wp-element-caption\">Lix\u00e3o na Rua Lopes Rodrigues, ao lado de escola municipal, preocupa moradores do bairro Irm\u00e3 Dulce, em Feira de Santana | Foto: Ney Silva \/ Acorda Cidade <\/figcaption><\/figure>\n<p>\u201cA prefeitura est\u00e1 enxugando gelo, porque toda vez tem gente colocando [lixo], ontem mesmo \u00e0 tarde, estava at\u00e9 um pouquinho mais limpo. Chegou agora de manh\u00e3, j\u00e1 tem colch\u00f5es, entulhos, sacos e v\u00e1rias outras coisas. <strong>A solu\u00e7\u00e3o \u00e9 colocar um muro pr\u00f3ximo \u00e0 pista para ningu\u00e9m colocar mais lixo ou o prefeito Z\u00e9 Ronaldo ver qual a melhor solu\u00e7\u00e3o<\/strong>\u201c, disse.<\/p>\n<\/div>\n<\/div>\n<div class=\"wp-block-group\">\n<div class=\"wp-block-group__inner-container is-layout-constrained wp-block-group-is-layout-constrained\">\n<h3 class=\"wp-block-heading\" id=\"h-sem-utilidade\">Sem utilidade<\/h3>\n<p>Felipe mostrou para a reportagem do Acorda Cidade que, pr\u00f3ximo ao local que est\u00e1 servindo como lix\u00e3o, existia um parquinho para as crian\u00e7as brincarem, s\u00f3 que a estrutura deixou de ser utilizada pelos moradores, justamente pela presen\u00e7a do lixo. <strong>Entre as poss\u00edveis sugest\u00f5es para acabar com o problema, o morador listou a coloca\u00e7\u00e3o de uma ca\u00e7amba fixa e a instala\u00e7\u00e3o de c\u00e2meras de seguran\u00e7a.<\/strong><\/p>\n<p>\u201cA\u00ed iam ver quem \u00e9 a pessoa, por identifica\u00e7\u00e3o facial, e a\u00ed essas pessoas seriam multadas, porque vem gente de outros bairros, deixam isso aqui um lix\u00e3o mesmo, um fedor horr\u00edvel, tendo l\u00e1 aquele canal que tamb\u00e9m junta muri\u00e7oca, mosquito da dengue, ent\u00e3o aqui \u00e9 complicado. <strong>Pe\u00e7o que a prefeitura veja uma solu\u00e7\u00e3o melhor para que os moradores aqui da rua Lopes Rodrigues n\u00e3o sofram tanto<\/strong>\u201c, concluiu Felipe.<\/p>\n<\/div>\n<\/div>\n<div class=\"wp-block-group\">\n<div class=\"wp-block-group__inner-container is-layout-constrained wp-block-group-is-layout-constrained\">\n<h3 class=\"wp-block-heading has-text-align-left\" id=\"h-o-que-diz-a-sesp\">O que diz a Sesp?<\/h3>\n<p><em>NOTA<\/em><\/p>\n<p><em>A Secretaria Municipal de Servi\u00e7os P\u00fablicos (Sesp) informa que realiza com frequ\u00eancia a\u00e7\u00f5es de limpeza na Rua Lopes Rodrigues, no bairro Irm\u00e3 Dulce, inclusive nas imedia\u00e7\u00f5es da escola municipal citada. No entanto, o descarte irregular de lixo, entulho, m\u00f3veis e at\u00e9 animais mortos por parte de moradores e pessoas de outros bairros tem comprometido a efetividade do servi\u00e7o.<\/em><\/p>\n<p><em>A Sesp refor\u00e7a que o descarte inadequado de res\u00edduos em \u00e1reas p\u00fablicas \u00e9 um crime ambiental sujeito a penalidades. Diante da recorr\u00eancia do problema, a Prefeitura vai intensificar a fiscaliza\u00e7\u00e3o no local e aplicar as devidas san\u00e7\u00f5es aos respons\u00e1veis, incluindo multa.<\/em><\/p>\n<p><em>Contamos com o apoio da popula\u00e7\u00e3o para manter o ambiente limpo e seguro, especialmente por se tratar de uma \u00e1rea pr\u00f3xima a uma unidade escolar. Pr\u00e1ticas como essa colocam em risco a sa\u00fade p\u00fablica, favorecem a prolifera\u00e7\u00e3o de insetos e animais pe\u00e7onhentos e impactam diretamente a qualidade de vida dos moradores.<\/em><\/p>\n<p><em>Den\u00fancias podem ser feitas por meio dos canais oficiais da Prefeitura. A participa\u00e7\u00e3o da comunidade \u00e9 essencial para construirmos uma cidade mais limpa, consciente e saud\u00e1vel para todos.<\/em><\/p>\n<p><em>Com informa\u00e7\u00f5es do rep\u00f3rter Ney Silva do Acorda Cidade<\/em><\/p>\n<p><em>Reportagem escrita pelo estagi\u00e1rio de jornalismo Jefferson Ara\u00fajo sob supervis\u00e3o\u00a0do jornalista Gabriel Gon\u00e7alves<\/em><\/p>\n<p><em>Siga o Acorda Cidade no<\/em><a href=\"https:\/\/news.google.com\/search?q=acorda%20cidade&amp;hl=pt-BR&amp;gl=BR&amp;ceid=BR%3Apt-419\"><strong><em>\u00a0Google Not\u00edcias<\/em><\/strong><\/a><em>\u00a0e receba os principais destaques do dia. Participe tamb\u00e9m dos nossos canais no\u00a0<\/em><a href=\"https:\/\/www.whatsapp.com\/channel\/0029Va6Rb4v3WHTNnsh8WI3N\"><strong><em>WhatsApp<\/em><\/strong><\/a><em>\u00a0e\u00a0<\/em><a href=\"https:\/\/www.youtube.com\/@acordacidadenoticias\/videos\"><strong>YouTube<\/strong><\/a><em>\u00a0e do grupo no\u00a0<\/em><a href=\"https:\/\/t.me\/+sSz0khrgARA0ZmRh\"><strong><em>Telegram<\/em><\/strong><\/a><\/p>\n<\/div>\n<\/div>\n<\/div>\n","protected":false},"excerpt":{"rendered":"<div>\n<div>\n<figure><img decoding=\"async\" src=\"https:\/\/uploads.acordacidade.com.br\/2025\/06\/lixao-ao-lado-de-escola-municipal-adenil-falcao-bairro-rima-dulce-feira-de-santana-foto-ney-silva-acorda-cidade.jpg\" alt=\"lix\u00e3o\"><figcaption>Lix\u00e3o na Rua Lopes Rodrigues, ao lado de escola municipal, preocupa moradores do bairro Irm\u00e3 Dulce, em Feira de Santana | Foto: Ney Silva \/ Acorda Cidade <\/figcaption><\/figure>\n<\/div>\n<p>&#8220;Esse lix\u00e3o sempre traz roedores, escorpi\u00f5es e outros insetos que s\u00e3o malfeitores para toda a popula\u00e7\u00e3o&#8221;, disse um morador.<\/p><\/div>\n","protected":false},"author":1,"featured_media":91175,"comment_status":"closed","ping_status":"closed","sticky":false,"template":"","format":"gallery","meta":{"footnotes":""},"categories":[8,9,6,57,56,10],"tags":[],"class_list":["post-91174","post","type-post","status-publish","format-gallery","has-post-thumbnail","hentry","category-bahia","category-brasil","category-feira-de-santana","category-mundo","category-policia","category-politica","post_format-post-format-gallery"],"featured_image_urls":{"full":["https:\/\/noticiasbahia360.com.br\/wp-content\/uploads\/2025\/06\/lixao-ao-lado-de-escola-municipal-adenil-falcao-bairro-rima-dulce-feira-de-santana-foto-ney-silva-acorda-cidade.jpg",1200,900,false],"thumbnail":["https:\/\/noticiasbahia360.com.br\/wp-content\/uploads\/2025\/06\/lixao-ao-lado-de-escola-municipal-adenil-falcao-bairro-rima-dulce-feira-de-santana-foto-ney-silva-acorda-cidade-150x150.jpg",150,150,true],"medium":["https:\/\/noticiasbahia360.com.br\/wp-content\/uploads\/2025\/06\/lixao-ao-lado-de-escola-municipal-adenil-falcao-bairro-rima-dulce-feira-de-santana-foto-ney-silva-acorda-cidade-300x225.jpg",300,225,true],"medium_large":["https:\/\/noticiasbahia360.com.br\/wp-content\/uploads\/2025\/06\/lixao-ao-lado-de-escola-municipal-adenil-falcao-bairro-rima-dulce-feira-de-santana-foto-ney-silva-acorda-cidade-768x576.jpg",640,480,true],"large":["https:\/\/noticiasbahia360.com.br\/wp-content\/uploads\/2025\/06\/lixao-ao-lado-de-escola-municipal-adenil-falcao-bairro-rima-dulce-feira-de-santana-foto-ney-silva-acorda-cidade-1024x768.jpg",640,480,true],"1536x1536":["https:\/\/noticiasbahia360.com.br\/wp-content\/uploads\/2025\/06\/lixao-ao-lado-de-escola-municipal-adenil-falcao-bairro-rima-dulce-feira-de-santana-foto-ney-silva-acorda-cidade.jpg",1200,900,false],"2048x2048":["https:\/\/noticiasbahia360.com.br\/wp-content\/uploads\/2025\/06\/lixao-ao-lado-de-escola-municipal-adenil-falcao-bairro-rima-dulce-feira-de-santana-foto-ney-silva-acorda-cidade.jpg",1200,900,false],"chromenews-featured":["https:\/\/noticiasbahia360.com.br\/wp-content\/uploads\/2025\/06\/lixao-ao-lado-de-escola-municipal-adenil-falcao-bairro-rima-dulce-feira-de-santana-foto-ney-silva-acorda-cidade-1024x768.jpg",1024,768,true],"chromenews-large":["https:\/\/noticiasbahia360.com.br\/wp-content\/uploads\/2025\/06\/lixao-ao-lado-de-escola-municipal-adenil-falcao-bairro-rima-dulce-feira-de-santana-foto-ney-silva-acorda-cidade-825x575.jpg",825,575,true],"chromenews-medium":["https:\/\/noticiasbahia360.com.br\/wp-content\/uploads\/2025\/06\/lixao-ao-lado-de-escola-municipal-adenil-falcao-bairro-rima-dulce-feira-de-santana-foto-ney-silva-acorda-cidade-590x410.jpg",590,410,true]},"author_info":{"display_name":"noticiasbahia360.com.br","author_link":"https:\/\/noticiasbahia360.com.br\/?author=1"},"category_info":"<a href=\"https:\/\/noticiasbahia360.com.br\/?cat=8\" rel=\"category\">Bahia<\/a> <a href=\"https:\/\/noticiasbahia360.com.br\/?cat=9\" rel=\"category\">Brasil<\/a> <a href=\"https:\/\/noticiasbahia360.com.br\/?cat=6\" rel=\"category\">Feira de Santana<\/a> <a href=\"https:\/\/noticiasbahia360.com.br\/?cat=57\" rel=\"category\">Mundo<\/a> <a href=\"https:\/\/noticiasbahia360.com.br\/?cat=56\" rel=\"category\">Pol\u00edcia<\/a> <a href=\"https:\/\/noticiasbahia360.com.br\/?cat=10\" rel=\"category\">Pol\u00edtica<\/a>","tag_info":"Pol\u00edtica","comment_count":"0","_links":{"self":[{"href":"https:\/\/noticiasbahia360.com.br\/index.php?rest_route=\/wp\/v2\/posts\/91174","targetHints":{"allow":["GET"]}}],"collection":[{"href":"https:\/\/noticiasbahia360.com.br\/index.php?rest_route=\/wp\/v2\/posts"}],"about":[{"href":"https:\/\/noticiasbahia360.com.br\/index.php?rest_route=\/wp\/v2\/types\/post"}],"author":[{"embeddable":true,"href":"https:\/\/noticiasbahia360.com.br\/index.php?rest_route=\/wp\/v2\/users\/1"}],"replies":[{"embeddable":true,"href":"https:\/\/noticiasbahia360.com.br\/index.php?rest_route=%2Fwp%2Fv2%2Fcomments&post=91174"}],"version-history":[{"count":0,"href":"https:\/\/noticiasbahia360.com.br\/index.php?rest_route=\/wp\/v2\/posts\/91174\/revisions"}],"wp:featuredmedia":[{"embeddable":true,"href":"https:\/\/noticiasbahia360.com.br\/index.php?rest_route=\/wp\/v2\/media\/91175"}],"wp:attachment":[{"href":"https:\/\/noticiasbahia360.com.br\/index.php?rest_route=%2Fwp%2Fv2%2Fmedia&parent=91174"}],"wp:term":[{"taxonomy":"category","embeddable":true,"href":"https:\/\/noticiasbahia360.com.br\/index.php?rest_route=%2Fwp%2Fv2%2Fcategories&post=91174"},{"taxonomy":"post_tag","embeddable":true,"href":"https:\/\/noticiasbahia360.com.br\/index.php?rest_route=%2Fwp%2Fv2%2Ftags&post=91174"}],"curies":[{"name":"wp","href":"https:\/\/api.w.org\/{rel}","templated":true}]}}