{"id":91179,"date":"2025-06-26T14:51:25","date_gmt":"2025-06-26T17:51:25","guid":{"rendered":"https:\/\/noticiasbahia360.com.br\/?p=91179"},"modified":"2025-06-26T14:51:25","modified_gmt":"2025-06-26T17:51:25","slug":"ze-curuca-critica-secretarios-e-cobra-mais-respeito-em-discurso-na-camara","status":"publish","type":"post","link":"https:\/\/noticiasbahia360.com.br\/?p=91179","title":{"rendered":"Z\u00e9 Curuca critica secret\u00e1rios e cobra mais respeito em discurso na C\u00e2mara"},"content":{"rendered":"<div>\n<div>\n<figure><img decoding=\"async\" src=\"http:\/\/noticiasbahia360.com.br\/wp-content\/uploads\/2025\/06\/ze-curuca-vereador-feira-de-santana-foto-divulgacao-.jpg\" alt=\"Z\u00e9 Curuca\"><figcaption>Z\u00e9 Curuca, vereador de Feira de Santana | Foto: Divulga\u00e7\u00e3o <\/figcaption><\/figure>\n<\/div>\n<p>Durante sess\u00e3o na C\u00e2mara Municipal de Feira de Santana, o vereador Jos\u00e9 Marques de Messias, Z\u00e9 Curuca (<a href=\"https:\/\/www.acordacidade.com.br\/tag\/uniao-brasil\/\">Uni\u00e3o Brasil<\/a>), fez duras cr\u00edticas \u00e0 atua\u00e7\u00e3o dos secret\u00e1rios Cristiano L\u00f4bo (Cultura, Esporte e Lazer) e Justiniano Fran\u00e7a (Servi\u00e7os P\u00fablicos). O parlamentar cobrou respeito e mais compromisso dos gestores com os vereadores e com a popula\u00e7\u00e3o.<\/p>\n<p>\u201cO que eu quero \u00e9 respeito. Respeito de secret\u00e1rio. E um que est\u00e1 devendo muito isso \u00e9 esse tal de Cristiano L\u00f4bo. Me respeite, secret\u00e1rio! Me respeite\u201d, afirmou.<\/p>\n<p>O vereador relatou falhas da Secretaria de Cultura durante os festejos juninos no distrito de S\u00e3o Jos\u00e9.<\/p>\n<p>\u201cAt\u00e9 bandeirola faltou. Isso n\u00e3o \u00e9 apenas descuido, \u00e9 neglig\u00eancia com a tradi\u00e7\u00e3o popular\u201d.<\/p>\n<p>Z\u00e9 Curuca tamb\u00e9m chamou aten\u00e7\u00e3o para a proximidade do S\u00e3o Pedro de Humildes.<\/p>\n<p>\u201cMinha equipe j\u00e1 est\u00e1 l\u00e1 trabalhando, mas precisa de um ok desse secret\u00e1rio que precisa colocar a cara no sol\u201d, disparou.<\/p>\n<p>Relembrando a pr\u00f3pria trajet\u00f3ria, o vereador desabafou.<\/p>\n<p>\u201cQuando eu vendia coentro no Centro de Abastecimento, pra eu entrar na prefeitura era um sofrimento, uma humilha\u00e7\u00e3o. Hoje, eu n\u00e3o vou mais comer reggae de secret\u00e1rio. Acabou esse tempo\u201d.<\/p>\n<p><em>Siga o Acorda Cidade no<\/em><a href=\"https:\/\/news.google.com\/search?q=acorda%20cidade&amp;hl=pt-BR&amp;gl=BR&amp;ceid=BR%3Apt-419\"><strong><em>\u00a0Google Not\u00edcias<\/em><\/strong><\/a><em>\u00a0e receba os principais destaques do dia. Participe tamb\u00e9m dos nossos canais no\u00a0<\/em><a href=\"https:\/\/www.whatsapp.com\/channel\/0029Va6Rb4v3WHTNnsh8WI3N\"><strong><em>WhatsApp<\/em><\/strong><\/a><em>\u00a0e\u00a0<\/em><a href=\"https:\/\/www.youtube.com\/@acordacidadenoticias\/videos\"><strong>YouTube<\/strong><\/a><em>\u00a0e do grupo no\u00a0<\/em><a href=\"https:\/\/t.me\/+sSz0khrgARA0ZmRh\"><strong><em>Telegram<\/em><\/strong><\/a><\/p>\n<\/div>\n","protected":false},"excerpt":{"rendered":"<div>\n<div>\n<figure><img decoding=\"async\" src=\"https:\/\/uploads.acordacidade.com.br\/2025\/06\/ze-curuca-vereador-feira-de-santana-foto-divulgacao-.jpg\" alt=\"Z\u00e9 Curuca\"><figcaption>Z\u00e9 Curuca, vereador de Feira de Santana | Foto: Divulga\u00e7\u00e3o <\/figcaption><\/figure>\n<\/div>\n<p>\u201cAt\u00e9 bandeirola faltou. Isso n\u00e3o \u00e9 apenas descuido, \u00e9 neglig\u00eancia com a tradi\u00e7\u00e3o popular\u201d, disse o parlamentar .<\/p><\/div>\n","protected":false},"author":1,"featured_media":91180,"comment_status":"closed","ping_status":"closed","sticky":false,"template":"","format":"gallery","meta":{"footnotes":""},"categories":[8,9,6,57,56,10],"tags":[],"class_list":["post-91179","post","type-post","status-publish","format-gallery","has-post-thumbnail","hentry","category-bahia","category-brasil","category-feira-de-santana","category-mundo","category-policia","category-politica","post_format-post-format-gallery"],"featured_image_urls":{"full":["https:\/\/noticiasbahia360.com.br\/wp-content\/uploads\/2025\/06\/ze-curuca-vereador-feira-de-santana-foto-divulgacao-.jpg",1200,900,false],"thumbnail":["https:\/\/noticiasbahia360.com.br\/wp-content\/uploads\/2025\/06\/ze-curuca-vereador-feira-de-santana-foto-divulgacao--150x150.jpg",150,150,true],"medium":["https:\/\/noticiasbahia360.com.br\/wp-content\/uploads\/2025\/06\/ze-curuca-vereador-feira-de-santana-foto-divulgacao--300x225.jpg",300,225,true],"medium_large":["https:\/\/noticiasbahia360.com.br\/wp-content\/uploads\/2025\/06\/ze-curuca-vereador-feira-de-santana-foto-divulgacao--768x576.jpg",640,480,true],"large":["https:\/\/noticiasbahia360.com.br\/wp-content\/uploads\/2025\/06\/ze-curuca-vereador-feira-de-santana-foto-divulgacao--1024x768.jpg",640,480,true],"1536x1536":["https:\/\/noticiasbahia360.com.br\/wp-content\/uploads\/2025\/06\/ze-curuca-vereador-feira-de-santana-foto-divulgacao-.jpg",1200,900,false],"2048x2048":["https:\/\/noticiasbahia360.com.br\/wp-content\/uploads\/2025\/06\/ze-curuca-vereador-feira-de-santana-foto-divulgacao-.jpg",1200,900,false],"chromenews-featured":["https:\/\/noticiasbahia360.com.br\/wp-content\/uploads\/2025\/06\/ze-curuca-vereador-feira-de-santana-foto-divulgacao--1024x768.jpg",1024,768,true],"chromenews-large":["https:\/\/noticiasbahia360.com.br\/wp-content\/uploads\/2025\/06\/ze-curuca-vereador-feira-de-santana-foto-divulgacao--825x575.jpg",825,575,true],"chromenews-medium":["https:\/\/noticiasbahia360.com.br\/wp-content\/uploads\/2025\/06\/ze-curuca-vereador-feira-de-santana-foto-divulgacao--590x410.jpg",590,410,true]},"author_info":{"display_name":"noticiasbahia360.com.br","author_link":"https:\/\/noticiasbahia360.com.br\/?author=1"},"category_info":"<a href=\"https:\/\/noticiasbahia360.com.br\/?cat=8\" rel=\"category\">Bahia<\/a> <a href=\"https:\/\/noticiasbahia360.com.br\/?cat=9\" rel=\"category\">Brasil<\/a> <a href=\"https:\/\/noticiasbahia360.com.br\/?cat=6\" rel=\"category\">Feira de Santana<\/a> <a href=\"https:\/\/noticiasbahia360.com.br\/?cat=57\" rel=\"category\">Mundo<\/a> <a href=\"https:\/\/noticiasbahia360.com.br\/?cat=56\" rel=\"category\">Pol\u00edcia<\/a> <a href=\"https:\/\/noticiasbahia360.com.br\/?cat=10\" rel=\"category\">Pol\u00edtica<\/a>","tag_info":"Pol\u00edtica","comment_count":"0","_links":{"self":[{"href":"https:\/\/noticiasbahia360.com.br\/index.php?rest_route=\/wp\/v2\/posts\/91179","targetHints":{"allow":["GET"]}}],"collection":[{"href":"https:\/\/noticiasbahia360.com.br\/index.php?rest_route=\/wp\/v2\/posts"}],"about":[{"href":"https:\/\/noticiasbahia360.com.br\/index.php?rest_route=\/wp\/v2\/types\/post"}],"author":[{"embeddable":true,"href":"https:\/\/noticiasbahia360.com.br\/index.php?rest_route=\/wp\/v2\/users\/1"}],"replies":[{"embeddable":true,"href":"https:\/\/noticiasbahia360.com.br\/index.php?rest_route=%2Fwp%2Fv2%2Fcomments&post=91179"}],"version-history":[{"count":0,"href":"https:\/\/noticiasbahia360.com.br\/index.php?rest_route=\/wp\/v2\/posts\/91179\/revisions"}],"wp:featuredmedia":[{"embeddable":true,"href":"https:\/\/noticiasbahia360.com.br\/index.php?rest_route=\/wp\/v2\/media\/91180"}],"wp:attachment":[{"href":"https:\/\/noticiasbahia360.com.br\/index.php?rest_route=%2Fwp%2Fv2%2Fmedia&parent=91179"}],"wp:term":[{"taxonomy":"category","embeddable":true,"href":"https:\/\/noticiasbahia360.com.br\/index.php?rest_route=%2Fwp%2Fv2%2Fcategories&post=91179"},{"taxonomy":"post_tag","embeddable":true,"href":"https:\/\/noticiasbahia360.com.br\/index.php?rest_route=%2Fwp%2Fv2%2Ftags&post=91179"}],"curies":[{"name":"wp","href":"https:\/\/api.w.org\/{rel}","templated":true}]}}