{"id":91181,"date":"2025-06-26T15:19:42","date_gmt":"2025-06-26T18:19:42","guid":{"rendered":"https:\/\/noticiasbahia360.com.br\/?p=91181"},"modified":"2025-06-26T15:19:42","modified_gmt":"2025-06-26T18:19:42","slug":"flamengo-ganha-no-mundial-mais-do-que-13-rivais-brasileiros-gastarao-com-salarios-na-temporada-inteira","status":"publish","type":"post","link":"https:\/\/noticiasbahia360.com.br\/?p=91181","title":{"rendered":"Flamengo ganha no Mundial mais do que 13 rivais brasileiros gastar\u00e3o com sal\u00e1rios na temporada inteira"},"content":{"rendered":"<div>\n<div>\n<figure><img decoding=\"async\" src=\"http:\/\/noticiasbahia360.com.br\/wp-content\/uploads\/2025\/06\/jogador-flamengo-agradecendo-foto-divulgacao.jpg\" alt=\"Flamengo\"><figcaption>Foto: Divulga\u00e7\u00e3o <\/figcaption><\/figure>\n<\/div>\n<p>O Flamengo empatou com o Los Angeles FC e est\u00e1 garantindo at\u00e9 agora um pr\u00eamio milion\u00e1rio da Fifa. S\u00e3o nada menos do que 27,7 milh\u00f5es de d\u00f3lares (cerca de R$152,9 milh\u00f5es). O valor impressiona e fez com que o Bolavip Brasil vasculhasse as finan\u00e7as dos rivais brasileiros para ter uma no\u00e7\u00e3o melhor da bolada. A conclus\u00e3o foi a seguinte: com o valor que o <a href=\"https:\/\/www.acordacidade.com.br\/tag\/flamengo\/\">Flamengo<\/a> ganhou no Mundial de Clubes at\u00e9 aqui, pagaria a folha salarial anual de 13 advers\u00e1rios diferentes do Campeonato Brasileiro.<\/p>\n<p>O levantamento recorreu ao site especializado em finan\u00e7as Capology para descobrir quanto cada um dos 20 times da S\u00e9rie A devem gastar com sal\u00e1rios ao longo da temporada, caso mantenham os patamares salariais atuais. E descobriu que apenas o pr\u00f3prio Flamengo, o Palmeiras, o Corinthians, o Cruzeiro, o Atl\u00e9tico-MG, o Internacional e o S\u00e3o Paulo possuem a previs\u00e3o de gastos salariais maiores do que a premia\u00e7\u00e3o rubro-negra na competi\u00e7\u00e3o da Fifa.<\/p>\n<h4 class=\"wp-block-heading\" id=\"h-premio-do-flamengo-arcaria-as-folhas-salariais-de-tres-clubes-somadas\">Pr\u00eamio do Flamengo arcaria as folhas salariais de tr\u00eas clubes somadas<\/h4>\n<p>O dinheiro \u00e9 tanto que, se o Flamengo quisesse fazer caridade com rivais, poderia arcar com as folhas salariais de Cear\u00e1, Juventude e Mirassol no ano inteiro. Mesmo que o time n\u00e3o passe das oitavas de final nos EUA. Somadas, as tr\u00eas equipes t\u00eam folhas salariais na casa dos 21 milh\u00f5es de euros (cerca de R$116 milh\u00f5es). O Flamengo ainda teria uma sobra, depois de pagar a folha dos times advers\u00e1rios.<\/p>\n<h4 class=\"wp-block-heading\" id=\"h-as-folhas-salariais-da-serie-a-comparadas-ao-premio-do-flamengo\">As folhas salariais da S\u00e9rie A comparadas ao pr\u00eamio do Flamengo:<\/h4>\n<ul class=\"wp-block-list\">\n<li>Flamengo \u2013 51,3 milh\u00f5es de d\u00f3lares<\/li>\n<li>Palmeiras \u2013 41,7 milh\u00f5es de d\u00f3lares<\/li>\n<li>Corinthians \u2013 33,9 milh\u00f5es de d\u00f3lares<\/li>\n<li>Cruzeiro \u2013 33,4 milh\u00f5es de d\u00f3lares<\/li>\n<li>Atl\u00e9tico-MG \u2013 31,4 milh\u00f5es de d\u00f3lares<\/li>\n<li>Internacional \u2013 29,7 milh\u00f5es de d\u00f3lares<\/li>\n<li>S\u00e3o Paulo \u2013 28 milh\u00f5es de d\u00f3lares<\/li>\n<li>Pr\u00eamio do Flamengo no Mundial: 27,7 milh\u00f5es de d\u00f3lares<\/li>\n<li>Botafogo \u2013 25,6 milh\u00f5es de d\u00f3lares<\/li>\n<li>Gr\u00eamio \u2013 25,6 milh\u00f5es de d\u00f3lares<\/li>\n<li>Fluminense \u2013 25,6 milh\u00f5es de d\u00f3lares<\/li>\n<li>Vasco \u2013 24,4 milh\u00f5es de d\u00f3lares<\/li>\n<li>Bahia \u2013 21,7 milh\u00f5es de d\u00f3lares<\/li>\n<li>Santos \u2013 20,7 milh\u00f5es de d\u00f3lares<\/li>\n<li>RB Bragantino \u2013 17,6 milh\u00f5es de d\u00f3lares<\/li>\n<li>Fortaleza \u2013 15,9 milh\u00f5es de d\u00f3lares<\/li>\n<li>Sport \u2013 12,1 milh\u00f5es de d\u00f3lares<\/li>\n<li>Vit\u00f3ria \u2013 11,5 milh\u00f5es de d\u00f3lares<\/li>\n<li>Cear\u00e1 \u2013 9,2 milh\u00f5es de d\u00f3lares<\/li>\n<li>Juventude \u2013 6,7 milh\u00f5es de d\u00f3lares<\/li>\n<li>Mirassol \u2013 5,1 milh\u00f5es de d\u00f3lares<\/li>\n<\/ul>\n<h4 class=\"wp-block-heading\" id=\"h-sul-americanos-sem-premio-maximo-da-fifa\">Sul-americanos sem pr\u00eamio m\u00e1ximo da Fifa<\/h4>\n<p>O time rubro-negro era o \u00faltimo sul-americano a ter a chance de acumular a premia\u00e7\u00e3o m\u00e1xima da FIFA, poss\u00edvel em caso de campanha com 100% de aproveitamento.<\/p>\n<p>Com o empate com o Los Angeles FC, o Flamengo levou mais um milh\u00e3o de d\u00f3lares e ganharia 2 milh\u00f5es de d\u00f3lares em caso de vit\u00f3ria.<\/p>\n<p>Fluminense e River Plate ainda jogam pela fase de grupos e podem no m\u00e1ximo igualar a premia\u00e7\u00e3o do Flamengo at\u00e9 o momento, com 27,7 milh\u00f5es de d\u00f3lares.<\/p>\n<p>J\u00e1 o Boca Juniors se despediu do Mundial de Clubes com a menor premia\u00e7\u00e3o entre os times da Conmebol: com a campanha de dois empates e uma derrota, voltou para a Argentina com o valor de 17,2 milh\u00f5es de d\u00f3lares.<\/p>\n<\/p>\n<p><em>Siga o Acorda Cidade no<\/em><a href=\"https:\/\/news.google.com\/search?q=acorda%20cidade&amp;hl=pt-BR&amp;gl=BR&amp;ceid=BR%3Apt-419\"><strong><em>\u00a0Google Not\u00edcias<\/em><\/strong><\/a><em>\u00a0e receba os principais destaques do dia. Participe tamb\u00e9m dos nossos canais no\u00a0<\/em><a href=\"https:\/\/www.whatsapp.com\/channel\/0029Va6Rb4v3WHTNnsh8WI3N\"><strong><em>WhatsApp<\/em><\/strong><\/a><em>\u00a0e\u00a0<\/em><a href=\"https:\/\/www.youtube.com\/@acordacidadenoticias\/videos\"><strong>YouTube<\/strong><\/a><em>\u00a0e do grupo no\u00a0<\/em><a href=\"https:\/\/t.me\/+sSz0khrgARA0ZmRh\"><strong><em>Telegram<\/em><\/strong><\/a><\/p>\n<\/div>\n","protected":false},"excerpt":{"rendered":"<div>\n<div>\n<figure><img decoding=\"async\" src=\"https:\/\/uploads.acordacidade.com.br\/2025\/06\/jogador-flamengo-agradecendo-foto-divulgacao.jpg\" alt=\"Flamengo\"><figcaption>Foto: Divulga\u00e7\u00e3o <\/figcaption><\/figure>\n<\/div>\n<p>Com o valor que o Flamengo ganhou at\u00e9 aqui, pagaria a folha salarial anual de 13 advers\u00e1rios diferentes do Campeonato Brasileiro.<\/p><\/div>\n","protected":false},"author":1,"featured_media":91182,"comment_status":"closed","ping_status":"closed","sticky":false,"template":"","format":"gallery","meta":{"footnotes":""},"categories":[8,9,6,57,56,10],"tags":[],"class_list":["post-91181","post","type-post","status-publish","format-gallery","has-post-thumbnail","hentry","category-bahia","category-brasil","category-feira-de-santana","category-mundo","category-policia","category-politica","post_format-post-format-gallery"],"featured_image_urls":{"full":["https:\/\/noticiasbahia360.com.br\/wp-content\/uploads\/2025\/06\/jogador-flamengo-agradecendo-foto-divulgacao.jpg",1200,800,false],"thumbnail":["https:\/\/noticiasbahia360.com.br\/wp-content\/uploads\/2025\/06\/jogador-flamengo-agradecendo-foto-divulgacao-150x150.jpg",150,150,true],"medium":["https:\/\/noticiasbahia360.com.br\/wp-content\/uploads\/2025\/06\/jogador-flamengo-agradecendo-foto-divulgacao-300x200.jpg",300,200,true],"medium_large":["https:\/\/noticiasbahia360.com.br\/wp-content\/uploads\/2025\/06\/jogador-flamengo-agradecendo-foto-divulgacao-768x512.jpg",640,427,true],"large":["https:\/\/noticiasbahia360.com.br\/wp-content\/uploads\/2025\/06\/jogador-flamengo-agradecendo-foto-divulgacao-1024x683.jpg",640,427,true],"1536x1536":["https:\/\/noticiasbahia360.com.br\/wp-content\/uploads\/2025\/06\/jogador-flamengo-agradecendo-foto-divulgacao.jpg",1200,800,false],"2048x2048":["https:\/\/noticiasbahia360.com.br\/wp-content\/uploads\/2025\/06\/jogador-flamengo-agradecendo-foto-divulgacao.jpg",1200,800,false],"chromenews-featured":["https:\/\/noticiasbahia360.com.br\/wp-content\/uploads\/2025\/06\/jogador-flamengo-agradecendo-foto-divulgacao-1024x683.jpg",1024,683,true],"chromenews-large":["https:\/\/noticiasbahia360.com.br\/wp-content\/uploads\/2025\/06\/jogador-flamengo-agradecendo-foto-divulgacao-825x575.jpg",825,575,true],"chromenews-medium":["https:\/\/noticiasbahia360.com.br\/wp-content\/uploads\/2025\/06\/jogador-flamengo-agradecendo-foto-divulgacao-590x410.jpg",590,410,true]},"author_info":{"display_name":"noticiasbahia360.com.br","author_link":"https:\/\/noticiasbahia360.com.br\/?author=1"},"category_info":"<a href=\"https:\/\/noticiasbahia360.com.br\/?cat=8\" rel=\"category\">Bahia<\/a> <a href=\"https:\/\/noticiasbahia360.com.br\/?cat=9\" rel=\"category\">Brasil<\/a> <a href=\"https:\/\/noticiasbahia360.com.br\/?cat=6\" rel=\"category\">Feira de Santana<\/a> <a href=\"https:\/\/noticiasbahia360.com.br\/?cat=57\" rel=\"category\">Mundo<\/a> <a href=\"https:\/\/noticiasbahia360.com.br\/?cat=56\" rel=\"category\">Pol\u00edcia<\/a> <a href=\"https:\/\/noticiasbahia360.com.br\/?cat=10\" rel=\"category\">Pol\u00edtica<\/a>","tag_info":"Pol\u00edtica","comment_count":"0","_links":{"self":[{"href":"https:\/\/noticiasbahia360.com.br\/index.php?rest_route=\/wp\/v2\/posts\/91181","targetHints":{"allow":["GET"]}}],"collection":[{"href":"https:\/\/noticiasbahia360.com.br\/index.php?rest_route=\/wp\/v2\/posts"}],"about":[{"href":"https:\/\/noticiasbahia360.com.br\/index.php?rest_route=\/wp\/v2\/types\/post"}],"author":[{"embeddable":true,"href":"https:\/\/noticiasbahia360.com.br\/index.php?rest_route=\/wp\/v2\/users\/1"}],"replies":[{"embeddable":true,"href":"https:\/\/noticiasbahia360.com.br\/index.php?rest_route=%2Fwp%2Fv2%2Fcomments&post=91181"}],"version-history":[{"count":0,"href":"https:\/\/noticiasbahia360.com.br\/index.php?rest_route=\/wp\/v2\/posts\/91181\/revisions"}],"wp:featuredmedia":[{"embeddable":true,"href":"https:\/\/noticiasbahia360.com.br\/index.php?rest_route=\/wp\/v2\/media\/91182"}],"wp:attachment":[{"href":"https:\/\/noticiasbahia360.com.br\/index.php?rest_route=%2Fwp%2Fv2%2Fmedia&parent=91181"}],"wp:term":[{"taxonomy":"category","embeddable":true,"href":"https:\/\/noticiasbahia360.com.br\/index.php?rest_route=%2Fwp%2Fv2%2Fcategories&post=91181"},{"taxonomy":"post_tag","embeddable":true,"href":"https:\/\/noticiasbahia360.com.br\/index.php?rest_route=%2Fwp%2Fv2%2Ftags&post=91181"}],"curies":[{"name":"wp","href":"https:\/\/api.w.org\/{rel}","templated":true}]}}