{"id":91185,"date":"2025-06-26T15:31:57","date_gmt":"2025-06-26T18:31:57","guid":{"rendered":"https:\/\/noticiasbahia360.com.br\/?p=91185"},"modified":"2025-06-26T15:31:57","modified_gmt":"2025-06-26T18:31:57","slug":"pf-lanca-acao-integrada-contra-queimadas-e-crimes-ambientais","status":"publish","type":"post","link":"https:\/\/noticiasbahia360.com.br\/?p=91185","title":{"rendered":"PF lan\u00e7a a\u00e7\u00e3o integrada contra queimadas e crimes ambientais"},"content":{"rendered":"<div>\n<div>\n<figure><img decoding=\"async\" src=\"http:\/\/noticiasbahia360.com.br\/wp-content\/uploads\/2025\/06\/acao-integrada-policia-federal-pf-queimadas-crimes-ambinetais-foto-divulgacao-.jpg\" alt=\"a\u00e7\u00e3o\"><figcaption>O objetivo \u00e9 ampliar a capacidade de preven\u00e7\u00e3o e resposta do Brasil frente aos crimes ambientais | Foto: Pol\u00edcia Federal\/Divulga\u00e7\u00e3o<\/figcaption><\/figure>\n<\/div>\n<p>A Pol\u00edcia Federal (<a href=\"https:\/\/www.acordacidade.com.br\/tag\/policia-federal\/\">PF<\/a>) iniciou, nesta quarta-feira, 25 de junho, a Opera\u00e7\u00e3o Inc\u00eandios 2025, a\u00e7\u00e3o estrat\u00e9gica de combate aos inc\u00eandios florestais no pa\u00eds. A opera\u00e7\u00e3o marca o in\u00edcio de uma nova fase de atua\u00e7\u00e3o integrada da PF, com foco especial nas regi\u00f5es da Amaz\u00f4nia Legal e do Pantanal, regi\u00f5es que t\u00eam enfrentado aumento significativo de eventos clim\u00e1ticos extremos e crimes ambientais.<\/p>\n<p>Coordenada pela Diretoria da Amaz\u00f4nia e <a href=\"https:\/\/www.acordacidade.com.br\/tag\/meio-ambiente\/\">Meio Ambiente<\/a> da PF, a opera\u00e7\u00e3o mobiliza efetivos especializados e estrutura t\u00e1tica refor\u00e7ada. O plano prev\u00ea a instala\u00e7\u00e3o de bases avan\u00e7adas em pontos cr\u00edticos, uso intensivo de tecnologia de ponta, geointelig\u00eancia e drones, al\u00e9m de atua\u00e7\u00e3o conjunta com a For\u00e7a Nacional de Seguran\u00e7a P\u00fablica, \u00f3rg\u00e3os estaduais e institui\u00e7\u00f5es parceiras como Ibama, ICMBio, Advocacia-Geral da Uni\u00e3o (AGU) e Minist\u00e9rio do Meio Ambiente e Mudan\u00e7a do Clima.<\/p>\n<p>O objetivo \u00e9 ampliar a capacidade de preven\u00e7\u00e3o e resposta do Brasil frente aos crimes ambientais. Em 2024, a PF instaurou 138 inqu\u00e9ritos policiais relacionados a queimadas,  n\u00famero tr\u00eas vezes superior em rela\u00e7\u00e3o a 2023, quando foram registrados 46 inqu\u00e9ritos. Somente nos primeiros meses de 2025, j\u00e1 foram abertas 42 investiga\u00e7\u00f5es.<\/p>\n<h4 class=\"wp-block-heading\" id=\"h-responsabilizacao\">Responsabiliza\u00e7\u00e3o <\/h4>\n<p><strong>\u00a0<\/strong>A Opera\u00e7\u00e3o Inc\u00eandios 2025 tamb\u00e9m refor\u00e7a o compromisso da PF com a responsabiliza\u00e7\u00e3o criminal de autores de crimes ambientais. No \u00faltimo ano, as a\u00e7\u00f5es resultaram na emiss\u00e3o de 29 mandados de busca e apreens\u00e3o, 3 pris\u00f5es preventivas, 16 pris\u00f5es em flagrante e ordens judiciais de sequestro de bens que somam mais de R$ 400 milh\u00f5es.<br \/>\u00a0<\/p>\n<h4 class=\"wp-block-heading\" id=\"h-proximas-semanas\">Pr\u00f3ximas semanas <\/h4>\n<p>A primeira fase da opera\u00e7\u00e3o tem in\u00edcio imediato nos estados de Mato Grosso e Mato Grosso do Sul. Nas pr\u00f3ximas semanas, a estrat\u00e9gia ser\u00e1 expandida para outras \u00e1reas priorit\u00e1rias, como Acre, Amazonas, Rond\u00f4nia e Par\u00e1.<\/p>\n<p><em>Siga o Acorda Cidade no<\/em><a href=\"https:\/\/news.google.com\/search?q=acorda%20cidade&amp;hl=pt-BR&amp;gl=BR&amp;ceid=BR%3Apt-419\"><strong><em>\u00a0Google Not\u00edcias<\/em><\/strong><\/a><em>\u00a0e receba os principais destaques do dia. Participe tamb\u00e9m dos nossos canais no\u00a0<\/em><a href=\"https:\/\/www.whatsapp.com\/channel\/0029Va6Rb4v3WHTNnsh8WI3N\"><strong><em>WhatsApp<\/em><\/strong><\/a><em>\u00a0e\u00a0<\/em><a href=\"https:\/\/www.youtube.com\/@acordacidadenoticias\/videos\"><strong>YouTube<\/strong><\/a><em>\u00a0e do grupo no\u00a0<\/em><a href=\"https:\/\/t.me\/+sSz0khrgARA0ZmRh\"><strong><em>Telegram<\/em><\/strong><\/a><\/p>\n<\/div>\n","protected":false},"excerpt":{"rendered":"<div>\n<div>\n<figure><img decoding=\"async\" src=\"https:\/\/uploads.acordacidade.com.br\/2025\/06\/acao-integrada-policia-federal-pf-queimadas-crimes-ambinetais-foto-divulgacao-.jpg\" alt=\"a\u00e7\u00e3o\"><figcaption>O objetivo \u00e9 ampliar a capacidade de preven\u00e7\u00e3o e resposta do Brasil frente aos crimes ambientais | Foto: Pol\u00edcia Federal\/Divulga\u00e7\u00e3o<\/figcaption><\/figure>\n<\/div>\n<p>A opera\u00e7\u00e3o marca o in\u00edcio de uma nova fase de atua\u00e7\u00e3o da PF, com foco especial nas regi\u00f5es da Amaz\u00f4nia Legal e do Pantanal<\/p><\/div>\n","protected":false},"author":1,"featured_media":91186,"comment_status":"closed","ping_status":"closed","sticky":false,"template":"","format":"gallery","meta":{"footnotes":""},"categories":[8,9,6,57,56,10],"tags":[],"class_list":["post-91185","post","type-post","status-publish","format-gallery","has-post-thumbnail","hentry","category-bahia","category-brasil","category-feira-de-santana","category-mundo","category-policia","category-politica","post_format-post-format-gallery"],"featured_image_urls":{"full":["https:\/\/noticiasbahia360.com.br\/wp-content\/uploads\/2025\/06\/acao-integrada-policia-federal-pf-queimadas-crimes-ambinetais-foto-divulgacao-.jpg",1200,717,false],"thumbnail":["https:\/\/noticiasbahia360.com.br\/wp-content\/uploads\/2025\/06\/acao-integrada-policia-federal-pf-queimadas-crimes-ambinetais-foto-divulgacao--150x150.jpg",150,150,true],"medium":["https:\/\/noticiasbahia360.com.br\/wp-content\/uploads\/2025\/06\/acao-integrada-policia-federal-pf-queimadas-crimes-ambinetais-foto-divulgacao--300x179.jpg",300,179,true],"medium_large":["https:\/\/noticiasbahia360.com.br\/wp-content\/uploads\/2025\/06\/acao-integrada-policia-federal-pf-queimadas-crimes-ambinetais-foto-divulgacao--768x459.jpg",640,383,true],"large":["https:\/\/noticiasbahia360.com.br\/wp-content\/uploads\/2025\/06\/acao-integrada-policia-federal-pf-queimadas-crimes-ambinetais-foto-divulgacao--1024x612.jpg",640,383,true],"1536x1536":["https:\/\/noticiasbahia360.com.br\/wp-content\/uploads\/2025\/06\/acao-integrada-policia-federal-pf-queimadas-crimes-ambinetais-foto-divulgacao-.jpg",1200,717,false],"2048x2048":["https:\/\/noticiasbahia360.com.br\/wp-content\/uploads\/2025\/06\/acao-integrada-policia-federal-pf-queimadas-crimes-ambinetais-foto-divulgacao-.jpg",1200,717,false],"chromenews-featured":["https:\/\/noticiasbahia360.com.br\/wp-content\/uploads\/2025\/06\/acao-integrada-policia-federal-pf-queimadas-crimes-ambinetais-foto-divulgacao--1024x612.jpg",1024,612,true],"chromenews-large":["https:\/\/noticiasbahia360.com.br\/wp-content\/uploads\/2025\/06\/acao-integrada-policia-federal-pf-queimadas-crimes-ambinetais-foto-divulgacao--825x575.jpg",825,575,true],"chromenews-medium":["https:\/\/noticiasbahia360.com.br\/wp-content\/uploads\/2025\/06\/acao-integrada-policia-federal-pf-queimadas-crimes-ambinetais-foto-divulgacao--590x410.jpg",590,410,true]},"author_info":{"display_name":"noticiasbahia360.com.br","author_link":"https:\/\/noticiasbahia360.com.br\/?author=1"},"category_info":"<a href=\"https:\/\/noticiasbahia360.com.br\/?cat=8\" rel=\"category\">Bahia<\/a> <a href=\"https:\/\/noticiasbahia360.com.br\/?cat=9\" rel=\"category\">Brasil<\/a> <a href=\"https:\/\/noticiasbahia360.com.br\/?cat=6\" rel=\"category\">Feira de Santana<\/a> <a href=\"https:\/\/noticiasbahia360.com.br\/?cat=57\" rel=\"category\">Mundo<\/a> <a href=\"https:\/\/noticiasbahia360.com.br\/?cat=56\" rel=\"category\">Pol\u00edcia<\/a> <a href=\"https:\/\/noticiasbahia360.com.br\/?cat=10\" rel=\"category\">Pol\u00edtica<\/a>","tag_info":"Pol\u00edtica","comment_count":"0","_links":{"self":[{"href":"https:\/\/noticiasbahia360.com.br\/index.php?rest_route=\/wp\/v2\/posts\/91185","targetHints":{"allow":["GET"]}}],"collection":[{"href":"https:\/\/noticiasbahia360.com.br\/index.php?rest_route=\/wp\/v2\/posts"}],"about":[{"href":"https:\/\/noticiasbahia360.com.br\/index.php?rest_route=\/wp\/v2\/types\/post"}],"author":[{"embeddable":true,"href":"https:\/\/noticiasbahia360.com.br\/index.php?rest_route=\/wp\/v2\/users\/1"}],"replies":[{"embeddable":true,"href":"https:\/\/noticiasbahia360.com.br\/index.php?rest_route=%2Fwp%2Fv2%2Fcomments&post=91185"}],"version-history":[{"count":0,"href":"https:\/\/noticiasbahia360.com.br\/index.php?rest_route=\/wp\/v2\/posts\/91185\/revisions"}],"wp:featuredmedia":[{"embeddable":true,"href":"https:\/\/noticiasbahia360.com.br\/index.php?rest_route=\/wp\/v2\/media\/91186"}],"wp:attachment":[{"href":"https:\/\/noticiasbahia360.com.br\/index.php?rest_route=%2Fwp%2Fv2%2Fmedia&parent=91185"}],"wp:term":[{"taxonomy":"category","embeddable":true,"href":"https:\/\/noticiasbahia360.com.br\/index.php?rest_route=%2Fwp%2Fv2%2Fcategories&post=91185"},{"taxonomy":"post_tag","embeddable":true,"href":"https:\/\/noticiasbahia360.com.br\/index.php?rest_route=%2Fwp%2Fv2%2Ftags&post=91185"}],"curies":[{"name":"wp","href":"https:\/\/api.w.org\/{rel}","templated":true}]}} 