{"id":91187,"date":"2025-06-26T15:32:00","date_gmt":"2025-06-26T18:32:00","guid":{"rendered":"https:\/\/noticiasbahia360.com.br\/?p=91187"},"modified":"2025-06-26T15:32:00","modified_gmt":"2025-06-26T18:32:00","slug":"desconto-de-8-no-ipva-para-placas-de-final-7-vai-ate-esta-sexta-27","status":"publish","type":"post","link":"https:\/\/noticiasbahia360.com.br\/?p=91187","title":{"rendered":"Desconto de 8% no IPVA para placas de final 7 vai at\u00e9 esta sexta (27)"},"content":{"rendered":"<div>\n<div>\n<figure><img decoding=\"async\" src=\"http:\/\/noticiasbahia360.com.br\/wp-content\/uploads\/2025\/06\/desconto-ipva.jpg\" alt=\"desconto ipva\"><figcaption>Foto: Feij\u00e3o Almeida\/GOVBA<\/figcaption><\/figure>\n<\/div>\n<p>Vai at\u00e9 esta sexta-feira (27) o prazo para pagamento do IPVA com desconto de 8% para ve\u00edculos com placas de final 7. O abatimento vale para quem quitar o tributo em cota \u00fanica. Se a op\u00e7\u00e3o for pelo pagamento em cinco parcelas, sem desconto, a primeira cota tamb\u00e9m vence no dia 27 de junho. Para as placas de final 8, estes prazos v\u00e3o at\u00e9 segunda (30). O calend\u00e1rio do IPVA 2025 est\u00e1 dispon\u00edvel no site <a href=\"https:\/\/www.sefaz.ba.gov.br\/\" target=\"_blank\" rel=\"noreferrer noopener\">www.sefaz.ba.gov.br<\/a>, no canal \u201cInspetoria eletr\u00f4nica\u201d, \u201cIPVA\u201d, \u201cCalend\u00e1rio\u201d.<\/p>\n<p>O pagamento em cota \u00fanica com desconto de 8% pode ser realizado via Pix, por meio do portal <a href=\"http:\/\/www.ba.gov.br\/\" target=\"_blank\" rel=\"noreferrer noopener\">www.ba.gov.br<\/a>. Para isso, basta entrar com usu\u00e1rio, senha e solicitar o servi\u00e7o \u201cPagar licenciamento cota \u00fanica \u2013 emiss\u00e3o do DAE\u201d. Tamb\u00e9m \u00e9 poss\u00edvel pagar o IPVA pelos canais das institui\u00e7\u00f5es parceiras da Secretaria da Fazenda do Estado da Bahia (Sefaz-Ba): Banco do Brasil, Bradesco ou Bancoob.<\/p>\n<p>Caso o contribuinte prefira quitar o imposto em cota \u00fanica, sem desconto, o prazo para a placa 7 \u00e9 at\u00e9 30 de outubro. Em caso de descumprimento dos prazos, o propriet\u00e1rio do ve\u00edculo perde o direito ao parcelamento ou ao desconto e dever\u00e1 quitar o valor integral no dia do vencimento da \u00faltima cota.<\/p>\n<h2 class=\"wp-block-heading\" id=\"h-outros-prazos\">Outros prazos<\/h2>\n<p>Vencem ainda, em junho, as cotas mensais para os donos de ve\u00edculos com placas de finais 1, 2, 3, 4, 5 e 6 que dividiram o tributo em cinco vezes. Quem possui ve\u00edculo com placa de final 5 ou 6 e parcelou o IPVA precisa quitar a segunda cota. Vence tamb\u00e9m neste m\u00eas a terceira cota para os propriet\u00e1rios de ve\u00edculos com placas de finais 3 e 4, e a quarta parcela para autom\u00f3veis de placas 1 e 2. As datas s\u00e3o 27, para placas de finais 1, 3 e 5, e 30 de junho, para placas 2, 4 e 6.<\/p>\n<p>De acordo com o Departamento Estadual de Tr\u00e2nsito da Bahia (Detran-Ba), o contribuinte deve estar atento pois o licenciamento completo do ve\u00edculo engloba outros itens al\u00e9m do IPVA, ou seja, para o autom\u00f3vel estar regularizado \u00e9 necess\u00e1rio quitar tamb\u00e9m d\u00e9bitos do licenciamento anual e multas, se houver. O prazo para ficar em dia com a documenta\u00e7\u00e3o do ve\u00edculo termina na data do vencimento da quinta parcela do imposto.<\/p>\n<p>Para mais informa\u00e7\u00f5es, o contribuinte pode utilizar o atendimento do Balc\u00e3o Virtual, tamb\u00e9m no site <a href=\"http:\/\/www.sefaz.ba.gov.br\/\" target=\"_blank\" rel=\"noreferrer noopener\">www.sefaz.ba.gov.br<\/a>, enviar e-mail para faleconosco@sefaz.ba.gov.br ou ligar para o call center, no 0800 071 0071 (para liga\u00e7\u00f5es de telefone fixo) ou no 71 3319-2500 ou 2501 (para liga\u00e7\u00f5es de celular ou de telefone fixo).<\/p>\n<p><em>Siga o Acorda Cidade no<\/em><a href=\"https:\/\/news.google.com\/search?q=acorda%20cidade&amp;hl=pt-BR&amp;gl=BR&amp;ceid=BR%3Apt-419\"><strong><em>\u00a0Google Not\u00edcias<\/em><\/strong><\/a><em>\u00a0e receba os principais destaques do dia. Participe tamb\u00e9m dos nossos canais no\u00a0<\/em><a href=\"https:\/\/www.whatsapp.com\/channel\/0029Va6Rb4v3WHTNnsh8WI3N\"><strong><em>WhatsApp<\/em><\/strong><\/a><em>\u00a0e\u00a0<\/em><a href=\"https:\/\/www.youtube.com\/@acordacidadenoticias\/videos\"><strong>YouTube<\/strong><\/a><em>\u00a0e grupo de\u00a0<\/em><a href=\"https:\/\/t.me\/+sSz0khrgARA0ZmRh\"><strong><em>Telegram<\/em><\/strong><\/a><em>.<\/em><\/p>\n<\/div>\n","protected":false},"excerpt":{"rendered":"<div>\n<div>\n<figure><img decoding=\"async\" src=\"https:\/\/uploads.acordacidade.com.br\/2025\/06\/desconto-ipva.jpg\" alt=\"desconto ipva\"><figcaption>Foto: Feij\u00e3o Almeida\/GOVBA<\/figcaption><\/figure>\n<\/div>\n<p>Os propriet\u00e1rios de ve\u00edculos com placas terminadas em 7 ter\u00e3o direito ao abatimento se efetuarem o pagamento em cota \u00fanica at\u00e9 27 de junho.<\/p><\/div>\n","protected":false},"author":1,"featured_media":91188,"comment_status":"closed","ping_status":"closed","sticky":false,"template":"","format":"gallery","meta":{"footnotes":""},"categories":[8,9,6,57,56,10],"tags":[],"class_list":["post-91187","post","type-post","status-publish","format-gallery","has-post-thumbnail","hentry","category-bahia","category-brasil","category-feira-de-santana","category-mundo","category-policia","category-politica","post_format-post-format-gallery"],"featured_image_urls":{"full":["https:\/\/noticiasbahia360.com.br\/wp-content\/uploads\/2025\/06\/desconto-ipva.jpg",1200,674,false],"thumbnail":["https:\/\/noticiasbahia360.com.br\/wp-content\/uploads\/2025\/06\/desconto-ipva-150x150.jpg",150,150,true],"medium":["https:\/\/noticiasbahia360.com.br\/wp-content\/uploads\/2025\/06\/desconto-ipva-300x169.jpg",300,169,true],"medium_large":["https:\/\/noticiasbahia360.com.br\/wp-content\/uploads\/2025\/06\/desconto-ipva-768x431.jpg",640,359,true],"large":["https:\/\/noticiasbahia360.com.br\/wp-content\/uploads\/2025\/06\/desconto-ipva-1024x575.jpg",640,359,true],"1536x1536":["https:\/\/noticiasbahia360.com.br\/wp-content\/uploads\/2025\/06\/desconto-ipva.jpg",1200,674,false],"2048x2048":["https:\/\/noticiasbahia360.com.br\/wp-content\/uploads\/2025\/06\/desconto-ipva.jpg",1200,674,false],"chromenews-featured":["https:\/\/noticiasbahia360.com.br\/wp-content\/uploads\/2025\/06\/desconto-ipva-1024x575.jpg",1024,575,true],"chromenews-large":["https:\/\/noticiasbahia360.com.br\/wp-content\/uploads\/2025\/06\/desconto-ipva-825x575.jpg",825,575,true],"chromenews-medium":["https:\/\/noticiasbahia360.com.br\/wp-content\/uploads\/2025\/06\/desconto-ipva-590x410.jpg",590,410,true]},"author_info":{"display_name":"noticiasbahia360.com.br","author_link":"https:\/\/noticiasbahia360.com.br\/?author=1"},"category_info":"<a href=\"https:\/\/noticiasbahia360.com.br\/?cat=8\" rel=\"category\">Bahia<\/a> <a href=\"https:\/\/noticiasbahia360.com.br\/?cat=9\" rel=\"category\">Brasil<\/a> <a href=\"https:\/\/noticiasbahia360.com.br\/?cat=6\" rel=\"category\">Feira de Santana<\/a> <a href=\"https:\/\/noticiasbahia360.com.br\/?cat=57\" rel=\"category\">Mundo<\/a> <a href=\"https:\/\/noticiasbahia360.com.br\/?cat=56\" rel=\"category\">Pol\u00edcia<\/a> <a href=\"https:\/\/noticiasbahia360.com.br\/?cat=10\" rel=\"category\">Pol\u00edtica<\/a>","tag_info":"Pol\u00edtica","comment_count":"0","_links":{"self":[{"href":"https:\/\/noticiasbahia360.com.br\/index.php?rest_route=\/wp\/v2\/posts\/91187","targetHints":{"allow":["GET"]}}],"collection":[{"href":"https:\/\/noticiasbahia360.com.br\/index.php?rest_route=\/wp\/v2\/posts"}],"about":[{"href":"https:\/\/noticiasbahia360.com.br\/index.php?rest_route=\/wp\/v2\/types\/post"}],"author":[{"embeddable":true,"href":"https:\/\/noticiasbahia360.com.br\/index.php?rest_route=\/wp\/v2\/users\/1"}],"replies":[{"embeddable":true,"href":"https:\/\/noticiasbahia360.com.br\/index.php?rest_route=%2Fwp%2Fv2%2Fcomments&post=91187"}],"version-history":[{"count":0,"href":"https:\/\/noticiasbahia360.com.br\/index.php?rest_route=\/wp\/v2\/posts\/91187\/revisions"}],"wp:featuredmedia":[{"embeddable":true,"href":"https:\/\/noticiasbahia360.com.br\/index.php?rest_route=\/wp\/v2\/media\/91188"}],"wp:attachment":[{"href":"https:\/\/noticiasbahia360.com.br\/index.php?rest_route=%2Fwp%2Fv2%2Fmedia&parent=91187"}],"wp:term":[{"taxonomy":"category","embeddable":true,"href":"https:\/\/noticiasbahia360.com.br\/index.php?rest_route=%2Fwp%2Fv2%2Fcategories&post=91187"},{"taxonomy":"post_tag","embeddable":true,"href":"https:\/\/noticiasbahia360.com.br\/index.php?rest_route=%2Fwp%2Fv2%2Ftags&post=91187"}],"curies":[{"name":"wp","href":"https:\/\/api.w.org\/{rel}","templated":true}]}}