{"id":91189,"date":"2025-06-26T15:41:24","date_gmt":"2025-06-26T18:41:24","guid":{"rendered":"https:\/\/noticiasbahia360.com.br\/?p=91189"},"modified":"2025-06-26T15:41:24","modified_gmt":"2025-06-26T18:41:24","slug":"ssp-divulga-listas-provisorias-de-candidatos-habilitados-com-deficiencia-negros-e-em-ampla-concorrencia-do-reda","status":"publish","type":"post","link":"https:\/\/noticiasbahia360.com.br\/?p=91189","title":{"rendered":"SSP divulga listas provis\u00f3rias de candidatos habilitados com defici\u00eancia, negros e em ampla concorr\u00eancia do Reda"},"content":{"rendered":"<div>\n<div>\n<figure><img decoding=\"async\" src=\"http:\/\/noticiasbahia360.com.br\/wp-content\/uploads\/2025\/06\/SSP-divulga-listas-provisorias-de-candidatos-habilitados-com-deficiencia-negros-e-em-ampla-concorrencia-do-REDA.jpg\" alt=\"SSP divulga listas provis\u00f3rias de candidatos habilitados com defici\u00eancia, negros e em ampla concorr\u00eancia do REDA\"><figcaption>Foto: Divulga\u00e7\u00e3o SSP<br \/>\n<\/figcaption><\/figure>\n<\/div>\n<p>A Secretaria da Seguran\u00e7a P\u00fablica (SSP) divulgou nesta quinta-feira (26) a rela\u00e7\u00e3o das listas provis\u00f3rias da avalia\u00e7\u00e3o curricular das inscri\u00e7\u00f5es dos <a href=\"https:\/\/www.acordacidade.com.br\/tag\/candidatos\/\">candidatos <\/a>habilitados com defici\u00eancia, negros e ampla concorr\u00eancia do Processo Seletivo Simplificado em Regime Especial de Direito Administrativo (Reda) para n\u00edveis t\u00e9cnico e superior.<\/p>\n<p>O processo seletivo oferece 98 vagas nas \u00e1reas de Engenharia Civil, com foco em El\u00e9trica, Or\u00e7ament\u00e1ria, Estruturalista, Mec\u00e2nica e Geol\u00f3gica; Arquitetura, al\u00e9m dos n\u00edveis t\u00e9cnicos em Redes, Tecnologia da Informa\u00e7\u00e3o, CFTV, Telefonia, Eletrot\u00e9cnica e Edifica\u00e7\u00f5es. Os aprovados ser\u00e3o contratados pelo prazo de 36 meses.<\/p>\n<p>Todos os resultados e o cronograma completo do processo est\u00e3o dispon\u00edveis no link: <a href=\"https:\/\/ssp.ba.gov.br\/outros\/reda\/\" target=\"_blank\" rel=\"noreferrer noopener\">https:\/\/ssp.ba.gov.br\/outros\/reda\/<\/a>.<\/p>\n<p><em>Siga o Acorda Cidade no<\/em><a href=\"https:\/\/news.google.com\/search?q=acorda%20cidade&amp;hl=pt-BR&amp;gl=BR&amp;ceid=BR%3Apt-419\"><strong><em>\u00a0Google Not\u00edcias<\/em><\/strong><\/a><em>\u00a0e receba os principais destaques do dia. Participe tamb\u00e9m dos nossos canais no\u00a0<\/em><a href=\"https:\/\/www.whatsapp.com\/channel\/0029Va6Rb4v3WHTNnsh8WI3N\"><strong><em>WhatsApp<\/em><\/strong><\/a><em>\u00a0e\u00a0<\/em><a href=\"https:\/\/www.youtube.com\/@acordacidadenoticias\/videos\"><strong>YouTube<\/strong><\/a><em>\u00a0e grupo de\u00a0<\/em><a href=\"https:\/\/t.me\/+sSz0khrgARA0ZmRh\"><strong><em>Telegram<\/em><\/strong><\/a><em>.<\/em><\/p>\n<\/div>\n","protected":false},"excerpt":{"rendered":"<div>\n<div>\n<figure><img decoding=\"async\" src=\"https:\/\/uploads.acordacidade.com.br\/2025\/06\/SSP-divulga-listas-provisorias-de-candidatos-habilitados-com-deficiencia-negros-e-em-ampla-concorrencia-do-REDA.jpg\" alt=\"SSP divulga listas provis\u00f3rias de candidatos habilitados com defici\u00eancia, negros e em ampla concorr\u00eancia do REDA\"><figcaption>Foto: Divulga\u00e7\u00e3o SSP<br \/>\n<\/figcaption><\/figure>\n<\/div>\n<p>O processo seletivo oferece 98 vagas em diversas \u00e1reas e contrato de 36 meses.<\/p><\/div>\n","protected":false},"author":1,"featured_media":91190,"comment_status":"closed","ping_status":"closed","sticky":false,"template":"","format":"gallery","meta":{"footnotes":""},"categories":[8,9,6,57,56,10],"tags":[],"class_list":["post-91189","post","type-post","status-publish","format-gallery","has-post-thumbnail","hentry","category-bahia","category-brasil","category-feira-de-santana","category-mundo","category-policia","category-politica","post_format-post-format-gallery"],"featured_image_urls":{"full":["https:\/\/noticiasbahia360.com.br\/wp-content\/uploads\/2025\/06\/SSP-divulga-listas-provisorias-de-candidatos-habilitados-com-deficiencia-negros-e-em-ampla-concorrencia-do-REDA.jpg",1200,675,false],"thumbnail":["https:\/\/noticiasbahia360.com.br\/wp-content\/uploads\/2025\/06\/SSP-divulga-listas-provisorias-de-candidatos-habilitados-com-deficiencia-negros-e-em-ampla-concorrencia-do-REDA-150x150.jpg",150,150,true],"medium":["https:\/\/noticiasbahia360.com.br\/wp-content\/uploads\/2025\/06\/SSP-divulga-listas-provisorias-de-candidatos-habilitados-com-deficiencia-negros-e-em-ampla-concorrencia-do-REDA-300x169.jpg",300,169,true],"medium_large":["https:\/\/noticiasbahia360.com.br\/wp-content\/uploads\/2025\/06\/SSP-divulga-listas-provisorias-de-candidatos-habilitados-com-deficiencia-negros-e-em-ampla-concorrencia-do-REDA-768x432.jpg",640,360,true],"large":["https:\/\/noticiasbahia360.com.br\/wp-content\/uploads\/2025\/06\/SSP-divulga-listas-provisorias-de-candidatos-habilitados-com-deficiencia-negros-e-em-ampla-concorrencia-do-REDA-1024x576.jpg",640,360,true],"1536x1536":["https:\/\/noticiasbahia360.com.br\/wp-content\/uploads\/2025\/06\/SSP-divulga-listas-provisorias-de-candidatos-habilitados-com-deficiencia-negros-e-em-ampla-concorrencia-do-REDA.jpg",1200,675,false],"2048x2048":["https:\/\/noticiasbahia360.com.br\/wp-content\/uploads\/2025\/06\/SSP-divulga-listas-provisorias-de-candidatos-habilitados-com-deficiencia-negros-e-em-ampla-concorrencia-do-REDA.jpg",1200,675,false],"chromenews-featured":["https:\/\/noticiasbahia360.com.br\/wp-content\/uploads\/2025\/06\/SSP-divulga-listas-provisorias-de-candidatos-habilitados-com-deficiencia-negros-e-em-ampla-concorrencia-do-REDA-1024x576.jpg",1024,576,true],"chromenews-large":["https:\/\/noticiasbahia360.com.br\/wp-content\/uploads\/2025\/06\/SSP-divulga-listas-provisorias-de-candidatos-habilitados-com-deficiencia-negros-e-em-ampla-concorrencia-do-REDA-825x575.jpg",825,575,true],"chromenews-medium":["https:\/\/noticiasbahia360.com.br\/wp-content\/uploads\/2025\/06\/SSP-divulga-listas-provisorias-de-candidatos-habilitados-com-deficiencia-negros-e-em-ampla-concorrencia-do-REDA-590x410.jpg",590,410,true]},"author_info":{"display_name":"noticiasbahia360.com.br","author_link":"https:\/\/noticiasbahia360.com.br\/?author=1"},"category_info":"<a href=\"https:\/\/noticiasbahia360.com.br\/?cat=8\" rel=\"category\">Bahia<\/a> <a href=\"https:\/\/noticiasbahia360.com.br\/?cat=9\" rel=\"category\">Brasil<\/a> <a href=\"https:\/\/noticiasbahia360.com.br\/?cat=6\" rel=\"category\">Feira de Santana<\/a> <a href=\"https:\/\/noticiasbahia360.com.br\/?cat=57\" rel=\"category\">Mundo<\/a> <a href=\"https:\/\/noticiasbahia360.com.br\/?cat=56\" rel=\"category\">Pol\u00edcia<\/a> <a href=\"https:\/\/noticiasbahia360.com.br\/?cat=10\" rel=\"category\">Pol\u00edtica<\/a>","tag_info":"Pol\u00edtica","comment_count":"0","_links":{"self":[{"href":"https:\/\/noticiasbahia360.com.br\/index.php?rest_route=\/wp\/v2\/posts\/91189","targetHints":{"allow":["GET"]}}],"collection":[{"href":"https:\/\/noticiasbahia360.com.br\/index.php?rest_route=\/wp\/v2\/posts"}],"about":[{"href":"https:\/\/noticiasbahia360.com.br\/index.php?rest_route=\/wp\/v2\/types\/post"}],"author":[{"embeddable":true,"href":"https:\/\/noticiasbahia360.com.br\/index.php?rest_route=\/wp\/v2\/users\/1"}],"replies":[{"embeddable":true,"href":"https:\/\/noticiasbahia360.com.br\/index.php?rest_route=%2Fwp%2Fv2%2Fcomments&post=91189"}],"version-history":[{"count":0,"href":"https:\/\/noticiasbahia360.com.br\/index.php?rest_route=\/wp\/v2\/posts\/91189\/revisions"}],"wp:featuredmedia":[{"embeddable":true,"href":"https:\/\/noticiasbahia360.com.br\/index.php?rest_route=\/wp\/v2\/media\/91190"}],"wp:attachment":[{"href":"https:\/\/noticiasbahia360.com.br\/index.php?rest_route=%2Fwp%2Fv2%2Fmedia&parent=91189"}],"wp:term":[{"taxonomy":"category","embeddable":true,"href":"https:\/\/noticiasbahia360.com.br\/index.php?rest_route=%2Fwp%2Fv2%2Fcategories&post=91189"},{"taxonomy":"post_tag","embeddable":true,"href":"https:\/\/noticiasbahia360.com.br\/index.php?rest_route=%2Fwp%2Fv2%2Ftags&post=91189"}],"curies":[{"name":"wp","href":"https:\/\/api.w.org\/{rel}","templated":true}]}}