{"id":91191,"date":"2025-06-26T15:51:06","date_gmt":"2025-06-26T18:51:06","guid":{"rendered":"https:\/\/noticiasbahia360.com.br\/?p=91191"},"modified":"2025-06-26T15:51:06","modified_gmt":"2025-06-26T18:51:06","slug":"precos-de-alimentos-caem-e-previa-da-inflacao-de-junho-fica-em-026","status":"publish","type":"post","link":"https:\/\/noticiasbahia360.com.br\/?p=91191","title":{"rendered":"Pre\u00e7os de alimentos caem e pr\u00e9via da infla\u00e7\u00e3o de junho fica em 0,26%"},"content":{"rendered":"<div>\n<div>\n<figure><img decoding=\"async\" src=\"http:\/\/noticiasbahia360.com.br\/wp-content\/uploads\/2025\/06\/alimento-supermercado-cesta-basica-foto-tania-rego-abr.jpg\" alt=\"Alimentos Infla\u00e7\u00e3o\"><figcaption>Foto: T\u00e2nia Rego\/Ag\u00eancia Brasil<\/figcaption><\/figure>\n<\/div>\n<p>Ag\u00eancia Brasil \u2013 Depois de nove meses seguidos de alta, os pre\u00e7os dos alimentos apresentaram queda em junho e ajudaram a fazer o \u00cdndice Nacional de Pre\u00e7os ao <a href=\"https:\/\/www.acordacidade.com.br\/tag\/consumidor\/\">Consumidor <\/a>Amplo 15 (IPCA-15) \u2013 tamb\u00e9m conhecido como pr\u00e9via da infla\u00e7\u00e3o oficial \u2013 fechar em 0,26%.<\/p>\n<p>Os dados foram divulgados nesta quinta-feira (26) pelo Instituto Brasileiro de Geografia e Estat\u00edstica (<a href=\"https:\/\/www.acordacidade.com.br\/tag\/ibge\/\">IBGE<\/a>). Esse resultado representa o quarto m\u00eas seguido de desacelera\u00e7\u00e3o, ou seja, a infla\u00e7\u00e3o est\u00e1 perdendo for\u00e7a.<\/p>\n<p>Veja o comportamento do IPCA-15 desde fevereiro, quando foi apurado o maior \u00edndice do ano:<\/p>\n<p>Fevereiro: 1,23%<\/p>\n<p>Mar\u00e7o: 0,64%<\/p>\n<p>Abril: 0,43%<\/p>\n<p>Maio: 0,36%<\/p>\n<p>Junho: 0,26%<\/p>\n<p>O resultado de junho tamb\u00e9m deixa o IPCA-15 abaixo do registrado no mesmo m\u00eas do ano passado (0,39%). No acumulado de 12 meses, o \u00edndice soma 5,27%.<\/p>\n<h2 class=\"wp-block-heading\" id=\"h-influencias\">Influ\u00eancias<\/h2>\n<p>Dos nove grupos de produtos e servi\u00e7os pesquisados pelo IBGE, sete apresentaram alta em junho. Al\u00e9m da alimenta\u00e7\u00e3o, o outro grupamento com recuo nos pre\u00e7os foi educa\u00e7\u00e3o (-0,02%).<\/p>\n<p>Entre os que tiveram alta, a maior press\u00e3o veio da habita\u00e7\u00e3o, que subiu 1,08%, representando impacto de 0,16 ponto percentual (p.p.) no IPCA-15.<\/p>\n<ul class=\"wp-block-list\">\n<li>Habita\u00e7\u00e3o: 1,08%<\/li>\n<li>Vestu\u00e1rio: 0,51%<\/li>\n<li>Sa\u00fade e cuidados pessoais: 0,29%<\/li>\n<li>Despesas pessoais: 0,19%<\/li>\n<li>Artigos de resid\u00eancia: 0,11%<\/li>\n<li>Transportes: 0,06%<\/li>\n<li>Comunica\u00e7\u00e3o: 0,02%<\/li>\n<li>Alimenta\u00e7\u00e3o e bebidas: -0,02%<\/li>\n<li>Educa\u00e7\u00e3o: -0,02%<\/li>\n<\/ul>\n<p>O grupo habita\u00e7\u00e3o foi influenciado pelo subitem energia el\u00e9trica residencial \u2013 o que mais contribuiu para a infla\u00e7\u00e3o dentre todos os 377 produtos e servi\u00e7os pesquisados pelo IBGE.<\/p>\n<p>A conta de luz nos lares ficou 3,29% mais cara (impacto de 0,13 p.p.) por causa da incorpora\u00e7\u00e3o da <a href=\"https:\/\/www.acordacidade.com.br\/tag\/bandeira-vermelha\/\">bandeira tarif\u00e1ria vermelha<\/a> patamar 1, com a cobran\u00e7a adicional de R$ 4,46 na fatura a cada 100 quilowatts-hora (kWh) consumidos, que passou a vigorar em junho.<\/p>\n<h2 class=\"wp-block-heading\" id=\"h-impactos-negativos\">Impactos negativos<\/h2>\n<p>Dos quatro principais impactos negativos no \u00edndice, tr\u00eas s\u00e3o subitens do grupo alimenta\u00e7\u00e3o:<\/p>\n<p>Tomate: -7,24% (-0,02 p.p.)<\/p>\n<p>Ovo de galinha: -6,95% (-0,02 p.p.)<\/p>\n<p>Arroz: -3,44% (-0,02 p.p.)<\/p>\n<p>As frutas ficaram 2,47% mais baratas. A cebola (9,54%) e o caf\u00e9 mo\u00eddo (2,86%), por outro lado, subiram.<\/p>\n<p>A defla\u00e7\u00e3o dos alimentos em junho \u00e9 a primeira desde agosto de 2024, quando os pre\u00e7os tinham ca\u00eddo 0,80%. Desde ent\u00e3o, foram nove meses de alta, tendo o pico sido atingido em dezembro (1,47%). Em maio, a eleva\u00e7\u00e3o foi 0,39%.<\/p>\n<p>A <a href=\"https:\/\/www.acordacidade.com.br\/tag\/gasolina\/\">gasolina<\/a>, subitem que tem o maior peso na cesta de pre\u00e7os apurada pelos pesquisadores, recuou 0,52%, tirando 0,03 p.p. do IPCA-15. O grupo combust\u00edveis como um todo recuou 0,69%.<\/p>\n<ul class=\"wp-block-list\">\n<li>\u00f3leo diesel (-1,74%)<\/li>\n<li>etanol (-1,66%)<\/li>\n<li>gasolina (-0,52%)<\/li>\n<li>g\u00e1s veicular (-0,33%)<\/li>\n<\/ul>\n<h2 class=\"wp-block-heading\" id=\"h-o-indice\">O \u00edndice<\/h2>\n<p>O IPCA-15 tem basicamente a mesma metodologia do IPCA, a chamada infla\u00e7\u00e3o oficial, que serve de base para a pol\u00edtica de meta de infla\u00e7\u00e3o do governo: 3% em 12 meses, com margem de toler\u00e2ncia de 1,5 p.p. para mais ou para menos.<\/p>\n<p>A diferen\u00e7a est\u00e1 no per\u00edodo de coleta de pre\u00e7os e na abrang\u00eancia geogr\u00e1fica. Na pr\u00e9via, a pesquisa e feita e divulgada antes mesmo de acabar o m\u00eas de refer\u00eancia. Em rela\u00e7\u00e3o \u00e0 divulga\u00e7\u00e3o atual, o per\u00edodo de coleta foi de 16 de maio a 13 de junho.<\/p>\n<p>Ambos os \u00edndices levam em considera\u00e7\u00e3o uma cesta de produtos e servi\u00e7os para fam\u00edlias com rendimentos entre um e 40 sal\u00e1rios m\u00ednimos. Atualmente o valor do m\u00ednimo \u00e9 R$ 1.518.<\/p>\n<p>O IPCA-15 coleta pre\u00e7os em 11 localidades do pa\u00eds (as regi\u00f5es metropolitanas do Rio de Janeiro, Porto Alegre, Belo Horizonte, Recife, S\u00e3o Paulo, Bel\u00e9m, Fortaleza, Salvador e Curitiba, al\u00e9m de Bras\u00edlia e Goi\u00e2nia.); e o IPCA, 16 localidades (inclui Vit\u00f3ria, Campo Grande, Rio Branco, S\u00e3o Lu\u00eds e Aracaju). O IPCA cheio de junho ser\u00e1 divulgado em 10 de julho.<\/p>\n<p><em>Siga o Acorda Cidade no<\/em><a href=\"https:\/\/news.google.com\/search?q=acorda%20cidade&amp;hl=pt-BR&amp;gl=BR&amp;ceid=BR%3Apt-419\"><strong><em>\u00a0Google Not\u00edcias<\/em><\/strong><\/a><em>\u00a0e receba os principais destaques do dia. Participe tamb\u00e9m dos nossos canais no\u00a0<\/em><a href=\"https:\/\/www.whatsapp.com\/channel\/0029Va6Rb4v3WHTNnsh8WI3N\"><strong><em>WhatsApp<\/em><\/strong><\/a><em>\u00a0e\u00a0<\/em><a href=\"https:\/\/www.youtube.com\/@acordacidadenoticias\/videos\"><strong>YouTube<\/strong><\/a><em>\u00a0e grupo de\u00a0<\/em><a href=\"https:\/\/t.me\/+sSz0khrgARA0ZmRh\"><strong><em>Telegram<\/em><\/strong><\/a><em>.<\/em><\/p>\n<\/div>\n","protected":false},"excerpt":{"rendered":"<div>\n<div>\n<figure><img decoding=\"async\" src=\"https:\/\/uploads.acordacidade.com.br\/2025\/03\/alimento-supermercado-cesta-basica-foto-tania-rego-abr.jpg\" alt=\"Alimentos Infla\u00e7\u00e3o\"><figcaption>Foto: T\u00e2nia Rego\/Ag\u00eancia Brasil<\/figcaption><\/figure>\n<\/div>\n<p>\u00c9 o 1\u00ba recuo do grupo alimenta\u00e7\u00e3o em nove meses, aponta IBGE<\/p><\/div>\n","protected":false},"author":1,"featured_media":91192,"comment_status":"closed","ping_status":"closed","sticky":false,"template":"","format":"gallery","meta":{"footnotes":""},"categories":[8,9,6,57,56,10],"tags":[],"class_list":["post-91191","post","type-post","status-publish","format-gallery","has-post-thumbnail","hentry","category-bahia","category-brasil","category-feira-de-santana","category-mundo","category-policia","category-politica","post_format-post-format-gallery"],"featured_image_urls":{"full":["https:\/\/noticiasbahia360.com.br\/wp-content\/uploads\/2025\/06\/alimento-supermercado-cesta-basica-foto-tania-rego-abr.jpg",640,383,false],"thumbnail":["https:\/\/noticiasbahia360.com.br\/wp-content\/uploads\/2025\/06\/alimento-supermercado-cesta-basica-foto-tania-rego-abr-150x150.jpg",150,150,true],"medium":["https:\/\/noticiasbahia360.com.br\/wp-content\/uploads\/2025\/06\/alimento-supermercado-cesta-basica-foto-tania-rego-abr-300x180.jpg",300,180,true],"medium_large":["https:\/\/noticiasbahia360.com.br\/wp-content\/uploads\/2025\/06\/alimento-supermercado-cesta-basica-foto-tania-rego-abr.jpg",640,383,false],"large":["https:\/\/noticiasbahia360.com.br\/wp-content\/uploads\/2025\/06\/alimento-supermercado-cesta-basica-foto-tania-rego-abr.jpg",640,383,false],"1536x1536":["https:\/\/noticiasbahia360.com.br\/wp-content\/uploads\/2025\/06\/alimento-supermercado-cesta-basica-foto-tania-rego-abr.jpg",640,383,false],"2048x2048":["https:\/\/noticiasbahia360.com.br\/wp-content\/uploads\/2025\/06\/alimento-supermercado-cesta-basica-foto-tania-rego-abr.jpg",640,383,false],"chromenews-featured":["https:\/\/noticiasbahia360.com.br\/wp-content\/uploads\/2025\/06\/alimento-supermercado-cesta-basica-foto-tania-rego-abr.jpg",640,383,false],"chromenews-large":["https:\/\/noticiasbahia360.com.br\/wp-content\/uploads\/2025\/06\/alimento-supermercado-cesta-basica-foto-tania-rego-abr.jpg",640,383,false],"chromenews-medium":["https:\/\/noticiasbahia360.com.br\/wp-content\/uploads\/2025\/06\/alimento-supermercado-cesta-basica-foto-tania-rego-abr-590x383.jpg",590,383,true]},"author_info":{"display_name":"noticiasbahia360.com.br","author_link":"https:\/\/noticiasbahia360.com.br\/?author=1"},"category_info":"<a href=\"https:\/\/noticiasbahia360.com.br\/?cat=8\" rel=\"category\">Bahia<\/a> <a href=\"https:\/\/noticiasbahia360.com.br\/?cat=9\" rel=\"category\">Brasil<\/a> <a href=\"https:\/\/noticiasbahia360.com.br\/?cat=6\" rel=\"category\">Feira de Santana<\/a> <a href=\"https:\/\/noticiasbahia360.com.br\/?cat=57\" rel=\"category\">Mundo<\/a> <a href=\"https:\/\/noticiasbahia360.com.br\/?cat=56\" rel=\"category\">Pol\u00edcia<\/a> <a href=\"https:\/\/noticiasbahia360.com.br\/?cat=10\" rel=\"category\">Pol\u00edtica<\/a>","tag_info":"Pol\u00edtica","comment_count":"0","_links":{"self":[{"href":"https:\/\/noticiasbahia360.com.br\/index.php?rest_route=\/wp\/v2\/posts\/91191","targetHints":{"allow":["GET"]}}],"collection":[{"href":"https:\/\/noticiasbahia360.com.br\/index.php?rest_route=\/wp\/v2\/posts"}],"about":[{"href":"https:\/\/noticiasbahia360.com.br\/index.php?rest_route=\/wp\/v2\/types\/post"}],"author":[{"embeddable":true,"href":"https:\/\/noticiasbahia360.com.br\/index.php?rest_route=\/wp\/v2\/users\/1"}],"replies":[{"embeddable":true,"href":"https:\/\/noticiasbahia360.com.br\/index.php?rest_route=%2Fwp%2Fv2%2Fcomments&post=91191"}],"version-history":[{"count":0,"href":"https:\/\/noticiasbahia360.com.br\/index.php?rest_route=\/wp\/v2\/posts\/91191\/revisions"}],"wp:featuredmedia":[{"embeddable":true,"href":"https:\/\/noticiasbahia360.com.br\/index.php?rest_route=\/wp\/v2\/media\/91192"}],"wp:attachment":[{"href":"https:\/\/noticiasbahia360.com.br\/index.php?rest_route=%2Fwp%2Fv2%2Fmedia&parent=91191"}],"wp:term":[{"taxonomy":"category","embeddable":true,"href":"https:\/\/noticiasbahia360.com.br\/index.php?rest_route=%2Fwp%2Fv2%2Fcategories&post=91191"},{"taxonomy":"post_tag","embeddable":true,"href":"https:\/\/noticiasbahia360.com.br\/index.php?rest_route=%2Fwp%2Fv2%2Ftags&post=91191"}],"curies":[{"name":"wp","href":"https:\/\/api.w.org\/{rel}","templated":true}]}}