{"id":91195,"date":"2025-06-26T16:36:30","date_gmt":"2025-06-26T19:36:30","guid":{"rendered":"https:\/\/noticiasbahia360.com.br\/?p=91195"},"modified":"2025-06-26T16:36:30","modified_gmt":"2025-06-26T19:36:30","slug":"dois-homens-sao-presos-durante-a-operacao-forca-total-em-feira-de-santana","status":"publish","type":"post","link":"https:\/\/noticiasbahia360.com.br\/?p=91195","title":{"rendered":"Dois homens s\u00e3o presos durante a Opera\u00e7\u00e3o For\u00e7a Total em Feira de Santana"},"content":{"rendered":"<div>\n<div>\n<figure><img decoding=\"async\" src=\"http:\/\/noticiasbahia360.com.br\/wp-content\/uploads\/2025\/06\/operacaoforcatotal_policiamilitar.jpg\" alt=\"Opera\u00e7\u00e3o For\u00e7a Total\"><figcaption>Foto: Pol\u00edcia Militar<\/figcaption><\/figure>\n<\/div>\n<p>Dois homens foram presos nesta quinta-feira (26), em Feira de Santana, durante a\u00e7\u00f5es da Opera\u00e7\u00e3o For\u00e7a Total, realizadas por equipes da Companhia Independente de Policiamento Especializado (Cipe\/Leste), com apoio da 66\u00aa Companhia Independente da <a href=\"https:\/\/www.acordacidade.com.br\/tag\/policia-militar\/\">Pol\u00edcia Militar<\/a> (CIPM).<\/p>\n<p>A primeira pris\u00e3o ocorreu por volta das 11h30, no bairro Mangabeira. Segundo informa\u00e7\u00f5es da assessoria de comunica\u00e7\u00e3o da Cipe\/Leste, os policiais localizaram um homem com mandado de pris\u00e3o em aberto pelo crime de duplo homic\u00eddio.<\/p>\n<p>J\u00e1 por volta do meio-dia, outra guarni\u00e7\u00e3o da Cipe\/Leste cumpriu um mandado de pris\u00e3o por roubo, no bairro Gabriela.<\/p>\n<p>Os dois homens foram encaminhados para a Delegacia para ado\u00e7\u00e3o das medidas legais.<\/p>\n<p><em>Com informa\u00e7\u00f5es do rep\u00f3rter Ed Santos do Acorda Cidade<\/em><\/p>\n<p><em>Siga o Acorda Cidade no<\/em><a href=\"https:\/\/news.google.com\/search?q=acorda%20cidade&amp;hl=pt-BR&amp;gl=BR&amp;ceid=BR%3Apt-419\"><strong><em> Google Not\u00edcias<\/em><\/strong><\/a><em> e receba os principais destaques do dia. Participe tamb\u00e9m dos nossos canais no <\/em><a href=\"https:\/\/whatsapp.com\/channel\/0029Va6Rb4v3WHTNnsh8WI3N\"><strong><em>WhatsApp<\/em><\/strong><\/a><em> e <\/em><a href=\"https:\/\/www.youtube.com\/@acordacidadenoticias\/videos\"><strong>Youtube<\/strong><\/a><em> e grupo de <\/em><a href=\"https:\/\/t.me\/+sSz0khrgARA0ZmRh\"><strong><em>Telegram<\/em><\/strong><\/a><em>.<\/em><\/p>\n<\/div>\n","protected":false},"excerpt":{"rendered":"<div>\n<div>\n<figure><img decoding=\"async\" src=\"https:\/\/uploads.acordacidade.com.br\/2025\/06\/operacaoforcatotal_policiamilitar.jpg\" alt=\"Opera\u00e7\u00e3o For\u00e7a Total\"><figcaption>Foto: Pol\u00edcia Militar<\/figcaption><\/figure>\n<\/div>\n<p>Os homens foram presos nos bairros Mangabeira e Gabriela.<\/p><\/div>\n","protected":false},"author":1,"featured_media":91196,"comment_status":"closed","ping_status":"closed","sticky":false,"template":"","format":"gallery","meta":{"footnotes":""},"categories":[8,9,6,57,56,10],"tags":[],"class_list":["post-91195","post","type-post","status-publish","format-gallery","has-post-thumbnail","hentry","category-bahia","category-brasil","category-feira-de-santana","category-mundo","category-policia","category-politica","post_format-post-format-gallery"],"featured_image_urls":{"full":["https:\/\/noticiasbahia360.com.br\/wp-content\/uploads\/2025\/06\/operacaoforcatotal_policiamilitar.jpg",960,553,false],"thumbnail":["https:\/\/noticiasbahia360.com.br\/wp-content\/uploads\/2025\/06\/operacaoforcatotal_policiamilitar-150x150.jpg",150,150,true],"medium":["https:\/\/noticiasbahia360.com.br\/wp-content\/uploads\/2025\/06\/operacaoforcatotal_policiamilitar-300x173.jpg",300,173,true],"medium_large":["https:\/\/noticiasbahia360.com.br\/wp-content\/uploads\/2025\/06\/operacaoforcatotal_policiamilitar-768x442.jpg",640,368,true],"large":["https:\/\/noticiasbahia360.com.br\/wp-content\/uploads\/2025\/06\/operacaoforcatotal_policiamilitar.jpg",640,369,false],"1536x1536":["https:\/\/noticiasbahia360.com.br\/wp-content\/uploads\/2025\/06\/operacaoforcatotal_policiamilitar.jpg",960,553,false],"2048x2048":["https:\/\/noticiasbahia360.com.br\/wp-content\/uploads\/2025\/06\/operacaoforcatotal_policiamilitar.jpg",960,553,false],"chromenews-featured":["https:\/\/noticiasbahia360.com.br\/wp-content\/uploads\/2025\/06\/operacaoforcatotal_policiamilitar.jpg",960,553,false],"chromenews-large":["https:\/\/noticiasbahia360.com.br\/wp-content\/uploads\/2025\/06\/operacaoforcatotal_policiamilitar-825x553.jpg",825,553,true],"chromenews-medium":["https:\/\/noticiasbahia360.com.br\/wp-content\/uploads\/2025\/06\/operacaoforcatotal_policiamilitar-590x410.jpg",590,410,true]},"author_info":{"display_name":"noticiasbahia360.com.br","author_link":"https:\/\/noticiasbahia360.com.br\/?author=1"},"category_info":"<a href=\"https:\/\/noticiasbahia360.com.br\/?cat=8\" rel=\"category\">Bahia<\/a> <a href=\"https:\/\/noticiasbahia360.com.br\/?cat=9\" rel=\"category\">Brasil<\/a> <a href=\"https:\/\/noticiasbahia360.com.br\/?cat=6\" rel=\"category\">Feira de Santana<\/a> <a href=\"https:\/\/noticiasbahia360.com.br\/?cat=57\" rel=\"category\">Mundo<\/a> <a href=\"https:\/\/noticiasbahia360.com.br\/?cat=56\" rel=\"category\">Pol\u00edcia<\/a> <a href=\"https:\/\/noticiasbahia360.com.br\/?cat=10\" rel=\"category\">Pol\u00edtica<\/a>","tag_info":"Pol\u00edtica","comment_count":"0","_links":{"self":[{"href":"https:\/\/noticiasbahia360.com.br\/index.php?rest_route=\/wp\/v2\/posts\/91195","targetHints":{"allow":["GET"]}}],"collection":[{"href":"https:\/\/noticiasbahia360.com.br\/index.php?rest_route=\/wp\/v2\/posts"}],"about":[{"href":"https:\/\/noticiasbahia360.com.br\/index.php?rest_route=\/wp\/v2\/types\/post"}],"author":[{"embeddable":true,"href":"https:\/\/noticiasbahia360.com.br\/index.php?rest_route=\/wp\/v2\/users\/1"}],"replies":[{"embeddable":true,"href":"https:\/\/noticiasbahia360.com.br\/index.php?rest_route=%2Fwp%2Fv2%2Fcomments&post=91195"}],"version-history":[{"count":0,"href":"https:\/\/noticiasbahia360.com.br\/index.php?rest_route=\/wp\/v2\/posts\/91195\/revisions"}],"wp:featuredmedia":[{"embeddable":true,"href":"https:\/\/noticiasbahia360.com.br\/index.php?rest_route=\/wp\/v2\/media\/91196"}],"wp:attachment":[{"href":"https:\/\/noticiasbahia360.com.br\/index.php?rest_route=%2Fwp%2Fv2%2Fmedia&parent=91195"}],"wp:term":[{"taxonomy":"category","embeddable":true,"href":"https:\/\/noticiasbahia360.com.br\/index.php?rest_route=%2Fwp%2Fv2%2Fcategories&post=91195"},{"taxonomy":"post_tag","embeddable":true,"href":"https:\/\/noticiasbahia360.com.br\/index.php?rest_route=%2Fwp%2Fv2%2Ftags&post=91195"}],"curies":[{"name":"wp","href":"https:\/\/api.w.org\/{rel}","templated":true}]}}