{"id":91197,"date":"2025-06-26T16:42:21","date_gmt":"2025-06-26T19:42:21","guid":{"rendered":"https:\/\/noticiasbahia360.com.br\/?p=91197"},"modified":"2025-06-26T16:42:21","modified_gmt":"2025-06-26T19:42:21","slug":"5-passos-para-formalizar-seu-negocio-e-profissionalizar-a-rotina-de-documentos-em-pdf","status":"publish","type":"post","link":"https:\/\/noticiasbahia360.com.br\/?p=91197","title":{"rendered":"5 passos para formalizar seu neg\u00f3cio e profissionalizar a rotina de documentos em PDF"},"content":{"rendered":"<div>\n<div>\n<figure><img decoding=\"async\" src=\"http:\/\/noticiasbahia360.com.br\/wp-content\/uploads\/2025\/06\/5-passos-para-formalizar-seu-negocio-e-profissionalizar-a-rotina-de-documentos-em-PDF.jpg\" alt=\"5 passos para formalizar seu neg\u00f3cio e profissionalizar a rotina de documentos em PDF\"><figcaption>Foto: Imagem de S O C I A L . C U T no Unsplash <\/figcaption><\/figure>\n<\/div>\n<p>Tornar-se um Microempreendedor Individual (MEI) \u00e9 um dos caminhos mais acess\u00edveis para formalizar neg\u00f3cios no Brasil. Com baixo custo e burocracia reduzida, o modelo permite que profissionais aut\u00f4nomos e pequenos empreendedores emitam notas fiscais, contribuam para a Previd\u00eancia e tenham acesso a cr\u00e9dito com condi\u00e7\u00f5es especiais.<\/p>\n<p>Segundo <a href=\"https:\/\/ma.agenciasebrae.com.br\/economia-e-politica\/semana-do-mei-2025-mobiliza-empreendedores-na-regiao-tocantina\/\" target=\"_blank\" rel=\"noreferrer noopener\">dados da Ag\u00eancia Sebrae<\/a>, o Brasil tem hoje mais de 15 milh\u00f5es de Microempreendedores Individuais, os chamados \u201cMEIs\u201d. Trata-se de uma categoria de Pessoa Jur\u00eddica voltada a trabalhadores aut\u00f4nomos e pequenos empres\u00e1rios brasileiros, com um teto de faturamento de at\u00e9 R$ 81 mil ao ano.<\/p>\n<p>O modelo \u00e9 positivo, com informa\u00e7\u00f5es adicionais do Sebrae mencionando que cerca de 71% de todos os Microempreendedores Individuais continuam com as portas abertas ap\u00f3s um per\u00edodo de 5 anos. O n\u00famero \u00e9 superior \u00e0 m\u00e9dia das empresas no geral, as quais t\u00eam uma taxa de sobreviv\u00eancia de s\u00f3 62%.<\/p>\n<p>Mas n\u00e3o basta abrir o CNPJ \u2014 \u00e9 fundamental manter a organiza\u00e7\u00e3o da rotina, principalmente no envio e armazenamento de documentos. A profissionaliza\u00e7\u00e3o da documenta\u00e7\u00e3o digital \u00e9 um dos pilares para garantir efici\u00eancia, seguran\u00e7a e credibilidade nas opera\u00e7\u00f5es do dia a dia.<\/p>\n<p>Veja a seguir 5 passos essenciais para formalizar seu neg\u00f3cio e profissionalizar o uso de documentos em PDF.<\/p>\n<h2 class=\"wp-block-heading\" id=\"h-5-dicas-para-formalizar-seu-negocio-e-profissionalizar-o-uso-de-documentos-em-pdf\">5 dicas para formalizar seu neg\u00f3cio e profissionalizar o uso de documentos em PDF<\/h2>\n<p>Baseado em tudo o que falamos durante a introdu\u00e7\u00e3o, n\u00f3s elaboramos uma lista explicando o que os MEIs precisam saber antes de formalizar o primeiro neg\u00f3cio. S\u00e3o 5 dicas simples e pr\u00e1ticas, as quais independem de espa\u00e7o do mercado onde se vai atuar, tornando-as \u00fateis a todos os empreendedores.<\/p>\n<p><strong>1 \u2013 Esteja por dentro dos seus direitos e dos seus deveres tribut\u00e1rios<\/strong><\/p>\n<p>A categoria de Microempreendedor Individual se diferencia de outros tipos de empresas, com uma s\u00e9rie de direitos (e deveres, \u00e9 claro), os quais t\u00eam como objetivo facilitar o empreendedorismo com um or\u00e7amento um pouco menor. A declara\u00e7\u00e3o de IR, por exemplo, s\u00f3 acontece quando o valor \u00e9 alto.<\/p>\n<p>A fim de garantir a idoneidade do neg\u00f3cio, \u00e9 indispens\u00e1vel estar por dentro das obriga\u00e7\u00f5es fiscais, em especial quando consideramos que aquelas dos MEIs s\u00e3o reduzidas. N\u00e3o \u00e9 necess\u00e1rio contratar um profissional de contabilidade, desde que mantenha finan\u00e7as em dia e esteja munido de informa\u00e7\u00f5es.<\/p>\n<p><strong>2 \u2013 Formalize sua documenta\u00e7\u00e3o: or\u00e7amentos, recibos e contratos em PDF<\/strong><\/p>\n<p>Muitos empreendedores iniciam as atividades utilizando Word ou imagens de celular para registrar contratos e recibos. O problema \u00e9 que esses formatos nem sempre garantem a integridade do conte\u00fado e podem ser incompat\u00edveis com sistemas de leitura autom\u00e1tica ou an\u00e1lise de cr\u00e9dito.<\/p>\n<p>Por isso, uma dica essencial \u00e9 converter seus arquivos \u2014 como fotos de documentos ou textos em <a href=\"https:\/\/smallpdf.com\/pt\/word-para-pdf\" target=\"_blank\" rel=\"noreferrer noopener\">Word para PDF<\/a> antes de enviar ou arquivar. O PDF mant\u00e9m a formata\u00e7\u00e3o original, impede altera\u00e7\u00f5es indesejadas e \u00e9 aceito amplamente por plataformas p\u00fablicas e privadas.<\/p>\n<p>O Word \u00e9 excelente para criar contratos, propostas e planilhas, mas ao compartilhar documentos com clientes ou institui\u00e7\u00f5es, o mais indicado \u00e9 converter o arquivo em PDF para garantir que nada ser\u00e1 alterado. Al\u00e9m de preservar o visual original, o PDF transmite uma imagem mais profissional do seu neg\u00f3cio.<\/p>\n<p>Se voc\u00ea costuma fotografar documentos com o celular, ferramentas como o Smallpdf para JPG em PDF tamb\u00e9m permitem converter imagens em arquivos padronizados e organizados, de forma simples e r\u00e1pida. E para transformar seus arquivos de texto em documentos seguros, h\u00e1 conversores de Word para PDF online, pr\u00e1ticos e gratuitos.<\/p>\n<p><strong>3 \u2013 Aposte no marketing digital com documentos bem preparados<\/strong><\/p>\n<p>Voc\u00ea pode divulgar seus produtos ou servi\u00e7os em redes sociais, marketplaces ou WhatsApp Business. Mas, al\u00e9m das postagens e das <a href=\"https:\/\/sebrae.com.br\/sites\/PortalSebrae\/artigos\/marketing-digital-para-iniciantes-o-que-e-e-como-funciona,9f1ac3399eeab810VgnVCM1000001b00320aRCRD\" target=\"_blank\" rel=\"noreferrer noopener\">estrat\u00e9gias de marketing digital<\/a>, ter um portf\u00f3lio ou proposta comercial em PDF faz toda a diferen\u00e7a no momento de fechar uma venda ou apresentar sua marca com mais profissionalismo.<\/p>\n<p>Seja um or\u00e7amento simples ou uma apresenta\u00e7\u00e3o visual, formatar em PDF mostra cuidado e organiza\u00e7\u00e3o, al\u00e9m de evitar incompatibilidades ao abrir arquivos em dispositivos m\u00f3veis, tablets ou PCs.<\/p>\n<p><strong>4 \u2013 Ganhe tempo e credibilidade com processos digitalizados<\/strong><\/p>\n<p>Quem \u00e9 MEI sabe que lidar com or\u00e7amentos, contratos, propostas e recibos faz parte da rotina. E, muitas vezes, esses documentos s\u00e3o criados em editores de texto como o Microsoft Word, que \u00e9 \u00f3timo para escrever e editar, mas pode gerar problemas na hora de compartilhar.<\/p>\n<p>Isso acontece porque arquivos em Word podem sofrer altera\u00e7\u00f5es de formata\u00e7\u00e3o ao serem abertos em diferentes dispositivos, o que pode comprometer a apresenta\u00e7\u00e3o profissional do seu material. Por isso, uma boa pr\u00e1tica \u00e9 converter os arquivos de Word para PDF antes de enviar para clientes, fornecedores ou institui\u00e7\u00f5es p\u00fablicas.<\/p>\n<p>O formato PDF preserva o layout original, \u00e9 mais leve, seguro e compat\u00edvel com a maioria dos dispositivos e sistemas. Ferramentas online como o Smallpdf tornam esse processo r\u00e1pido e sem complica\u00e7\u00e3o, bastando apenas fazer o upload do arquivo e baixar a vers\u00e3o finalizada.<\/p>\n<p>Al\u00e9m disso, voc\u00ea pode manter uma c\u00f3pia em Word para futuras edi\u00e7\u00f5es e arquivar a vers\u00e3o em PDF em servi\u00e7os de nuvem, como Google Drive ou OneDrive, garantindo mais organiza\u00e7\u00e3o, seguran\u00e7a e praticidade.<\/p>\n<p><strong>5 \u2013 Organize seus arquivos em nuvem e adote boas pr\u00e1ticas digitais<\/strong><\/p>\n<p>Para facilitar o acesso a qualquer momento \u2014 e evitar perdas de dados \u2014 \u00e9 importante usar servi\u00e7os de armazenamento em nuvem confi\u00e1veis, como Google Drive, Dropbox ou OneDrive. Al\u00e9m de permitir acesso de qualquer dispositivo, essas plataformas oferecem autentica\u00e7\u00e3o em dois fatores e backup autom\u00e1tico.<\/p>\n<p>Al\u00e9m disso, manter uma estrutura de pastas por m\u00eas, tipo de documento ou cliente ajuda muito na organiza\u00e7\u00e3o. E sempre que poss\u00edvel, evite salvar vers\u00f5es finais em Word \u2014 o PDF \u00e9 mais leve, seguro e universal.<\/p>\n<h2 class=\"wp-block-heading\" id=\"h-profissionalizar-a-documentacao-tambem-e-estrategia-de-crescimento\">Profissionalizar a documenta\u00e7\u00e3o tamb\u00e9m \u00e9 estrat\u00e9gia de crescimento<\/h2>\n<p>Ao formalizar um MEI, muitos empreendedores focam apenas na parte legal, mas a rotina de documentos pode se tornar um diferencial competitivo. Seja para fechar um contrato, enviar uma proposta ou apresentar um comprovante de pagamento, o cuidado com os arquivos mostra seriedade e preparo.<\/p>\n<p>E a boa not\u00edcia \u00e9 que a tecnologia est\u00e1 do lado dos pequenos neg\u00f3cios. Hoje \u00e9 poss\u00edvel organizar e converter todos os documentos mais importantes do seu dia a dia com poucos cliques, diretamente do navegador, sem precisar instalar nada \u2014 com plataformas acess\u00edveis, como o Smallpdf.<\/p>\n<p>Com informa\u00e7\u00e3o, estrat\u00e9gia e organiza\u00e7\u00e3o digital, seu neg\u00f3cio tem tudo para crescer com seguran\u00e7a e solidez.<\/p>\n<p><em>Siga o Acorda Cidade no<\/em><a href=\"https:\/\/news.google.com\/search?q=acorda%20cidade&amp;hl=pt-BR&amp;gl=BR&amp;ceid=BR%3Apt-419\"><strong><em>\u00a0Google Not\u00edcias<\/em><\/strong><\/a><em>\u00a0e receba os principais destaques do dia. Participe tamb\u00e9m dos nossos canais no\u00a0<\/em><a href=\"https:\/\/www.whatsapp.com\/channel\/0029Va6Rb4v3WHTNnsh8WI3N\"><strong><em>WhatsApp<\/em><\/strong><\/a><em>\u00a0e\u00a0<\/em><a href=\"https:\/\/www.youtube.com\/@acordacidadenoticias\/videos\"><strong>YouTube<\/strong><\/a><em>\u00a0e do grupo no\u00a0<\/em><a href=\"https:\/\/t.me\/+sSz0khrgARA0ZmRh\"><strong><em>Telegram<\/em><\/strong><\/a><\/p>\n<ol start=\"5\" class=\"wp-block-list\"><\/ol>\n<ol start=\"3\" class=\"wp-block-list\"><\/ol>\n<ol start=\"2\" class=\"wp-block-list\"><\/ol>\n<\/div>\n","protected":false},"excerpt":{"rendered":"<div>\n<div>\n<figure><img decoding=\"async\" src=\"https:\/\/uploads.acordacidade.com.br\/2025\/06\/5-passos-para-formalizar-seu-negocio-e-profissionalizar-a-rotina-de-documentos-em-PDF.jpg\" alt=\"5 passos para formalizar seu neg\u00f3cio e profissionalizar a rotina de documentos em PDF\"><figcaption>Foto: Imagem de S O C I A L . C U T no Unsplash <\/figcaption><\/figure>\n<\/div>\n<p>O n\u00famero de empreendedores no Brasil vem crescendo, em especial entre as empresas que pedem um investimento mais modesto, como \u00e9 o caso das microempresas individuais. Hoje vamos falar do tema!<\/p><\/div>\n","protected":false},"author":1,"featured_media":91198,"comment_status":"closed","ping_status":"closed","sticky":false,"template":"","format":"gallery","meta":{"footnotes":""},"categories":[8,9,6,57,56,10],"tags":[],"class_list":["post-91197","post","type-post","status-publish","format-gallery","has-post-thumbnail","hentry","category-bahia","category-brasil","category-feira-de-santana","category-mundo","category-policia","category-politica","post_format-post-format-gallery"],"featured_image_urls":{"full":["https:\/\/noticiasbahia360.com.br\/wp-content\/uploads\/2025\/06\/5-passos-para-formalizar-seu-negocio-e-profissionalizar-a-rotina-de-documentos-em-PDF.jpg",1200,798,false],"thumbnail":["https:\/\/noticiasbahia360.com.br\/wp-content\/uploads\/2025\/06\/5-passos-para-formalizar-seu-negocio-e-profissionalizar-a-rotina-de-documentos-em-PDF-150x150.jpg",150,150,true],"medium":["https:\/\/noticiasbahia360.com.br\/wp-content\/uploads\/2025\/06\/5-passos-para-formalizar-seu-negocio-e-profissionalizar-a-rotina-de-documentos-em-PDF-300x200.jpg",300,200,true],"medium_large":["https:\/\/noticiasbahia360.com.br\/wp-content\/uploads\/2025\/06\/5-passos-para-formalizar-seu-negocio-e-profissionalizar-a-rotina-de-documentos-em-PDF-768x511.jpg",640,426,true],"large":["https:\/\/noticiasbahia360.com.br\/wp-content\/uploads\/2025\/06\/5-passos-para-formalizar-seu-negocio-e-profissionalizar-a-rotina-de-documentos-em-PDF-1024x681.jpg",640,426,true],"1536x1536":["https:\/\/noticiasbahia360.com.br\/wp-content\/uploads\/2025\/06\/5-passos-para-formalizar-seu-negocio-e-profissionalizar-a-rotina-de-documentos-em-PDF.jpg",1200,798,false],"2048x2048":["https:\/\/noticiasbahia360.com.br\/wp-content\/uploads\/2025\/06\/5-passos-para-formalizar-seu-negocio-e-profissionalizar-a-rotina-de-documentos-em-PDF.jpg",1200,798,false],"chromenews-featured":["https:\/\/noticiasbahia360.com.br\/wp-content\/uploads\/2025\/06\/5-passos-para-formalizar-seu-negocio-e-profissionalizar-a-rotina-de-documentos-em-PDF-1024x681.jpg",1024,681,true],"chromenews-large":["https:\/\/noticiasbahia360.com.br\/wp-content\/uploads\/2025\/06\/5-passos-para-formalizar-seu-negocio-e-profissionalizar-a-rotina-de-documentos-em-PDF-825x575.jpg",825,575,true],"chromenews-medium":["https:\/\/noticiasbahia360.com.br\/wp-content\/uploads\/2025\/06\/5-passos-para-formalizar-seu-negocio-e-profissionalizar-a-rotina-de-documentos-em-PDF-590x410.jpg",590,410,true]},"author_info":{"display_name":"noticiasbahia360.com.br","author_link":"https:\/\/noticiasbahia360.com.br\/?author=1"},"category_info":"<a href=\"https:\/\/noticiasbahia360.com.br\/?cat=8\" rel=\"category\">Bahia<\/a> <a href=\"https:\/\/noticiasbahia360.com.br\/?cat=9\" rel=\"category\">Brasil<\/a> <a href=\"https:\/\/noticiasbahia360.com.br\/?cat=6\" rel=\"category\">Feira de Santana<\/a> <a href=\"https:\/\/noticiasbahia360.com.br\/?cat=57\" rel=\"category\">Mundo<\/a> <a href=\"https:\/\/noticiasbahia360.com.br\/?cat=56\" rel=\"category\">Pol\u00edcia<\/a> <a href=\"https:\/\/noticiasbahia360.com.br\/?cat=10\" rel=\"category\">Pol\u00edtica<\/a>","tag_info":"Pol\u00edtica","comment_count":"0","_links":{"self":[{"href":"https:\/\/noticiasbahia360.com.br\/index.php?rest_route=\/wp\/v2\/posts\/91197","targetHints":{"allow":["GET"]}}],"collection":[{"href":"https:\/\/noticiasbahia360.com.br\/index.php?rest_route=\/wp\/v2\/posts"}],"about":[{"href":"https:\/\/noticiasbahia360.com.br\/index.php?rest_route=\/wp\/v2\/types\/post"}],"author":[{"embeddable":true,"href":"https:\/\/noticiasbahia360.com.br\/index.php?rest_route=\/wp\/v2\/users\/1"}],"replies":[{"embeddable":true,"href":"https:\/\/noticiasbahia360.com.br\/index.php?rest_route=%2Fwp%2Fv2%2Fcomments&post=91197"}],"version-history":[{"count":0,"href":"https:\/\/noticiasbahia360.com.br\/index.php?rest_route=\/wp\/v2\/posts\/91197\/revisions"}],"wp:featuredmedia":[{"embeddable":true,"href":"https:\/\/noticiasbahia360.com.br\/index.php?rest_route=\/wp\/v2\/media\/91198"}],"wp:attachment":[{"href":"https:\/\/noticiasbahia360.com.br\/index.php?rest_route=%2Fwp%2Fv2%2Fmedia&parent=91197"}],"wp:term":[{"taxonomy":"category","embeddable":true,"href":"https:\/\/noticiasbahia360.com.br\/index.php?rest_route=%2Fwp%2Fv2%2Fcategories&post=91197"},{"taxonomy":"post_tag","embeddable":true,"href":"https:\/\/noticiasbahia360.com.br\/index.php?rest_route=%2Fwp%2Fv2%2Ftags&post=91197"}],"curies":[{"name":"wp","href":"https:\/\/api.w.org\/{rel}","templated":true}]}}