{"id":91199,"date":"2025-06-26T17:05:51","date_gmt":"2025-06-26T20:05:51","guid":{"rendered":"https:\/\/noticiasbahia360.com.br\/?p=91199"},"modified":"2025-06-26T17:05:51","modified_gmt":"2025-06-26T20:05:51","slug":"sao-joao-de-premios-campanha-da-cdl-iniciara-julho-com-a-fase-de-liquidacoes","status":"publish","type":"post","link":"https:\/\/noticiasbahia360.com.br\/?p=91199","title":{"rendered":"S\u00e3o Jo\u00e3o de Pr\u00eamios: campanha da CDL iniciar\u00e1 julho com a fase de liquida\u00e7\u00f5es"},"content":{"rendered":"<div>\n<div>\n<figure><img decoding=\"async\" src=\"http:\/\/noticiasbahia360.com.br\/wp-content\/uploads\/2025\/06\/comercio-tem-movimento-intenso-nas-ruas-e-nas-lojas-de-calcados-e-confeccoes-no-sao-joao2.jpg\" alt=\"com\u00e9rcio tem movimento intenso nas ruas e nas lojas de cal\u00e7ados e confec\u00e7\u00f5es no s\u00e3o jo\u00e3o\"><figcaption>Foto: Ney Silva\/Acorda Cidade<\/figcaption><\/figure>\n<\/div>\n<p>A Campanha S\u00e3o Jo\u00e3o de Pr\u00eamios da C\u00e2mara de Dirigentes Lojistas (CDL) de Feira de Santana teve in\u00edcio no dia 2 de junho. Neste ano, tr\u00eas carros Renault Kwid zero quil\u00f4metro ser\u00e3o sorteados, al\u00e9m de tr\u00eas vales-compra de 2 mil reais para consumidores que comprarem nas lojas participantes. Com os <a href=\"https:\/\/www.acordacidade.com.br\/tag\/festejos-juninos\/\">festejos juninos<\/a> chegando ao fim, os lojistas e \u00f3rg\u00e3os envolvidos na campanha, celebram o m\u00eas de vendas e se preparam para iniciar o m\u00eas de liquida\u00e7\u00f5es.<\/p>\n<p>Em entrevista ao Acorda Cidade, o presidente da CDL, Juscelino Brito, relatou que este ano a campanha est\u00e1 batendo recordes em rela\u00e7\u00e3o ao ano passado. \u201cTivemos um excelente m\u00eas, um m\u00eas que, com certeza, vai bater o recorde em rela\u00e7\u00e3o a 2024.\u201d<\/p>\n<figure class=\"wp-block-image size-large\"><img fetchpriority=\"high\" data-dominant-color=\"877f7c\" data-has-transparency=\"false\" style=\"--dominant-color: #877f7c;\" fetchpriority=\"high\" decoding=\"async\" width=\"1011\" height=\"768\" sizes=\"(max-width: 1011px) 100vw, 1011px\" src=\"http:\/\/noticiasbahia360.com.br\/wp-content\/uploads\/2025\/06\/RngoZSz3-juscelinobrito_presidenteCDL-feira_foto_neysilva_acordacidade-1011x768-1.webp\" alt=\"Juscelino Brito, presidente da CDL\" class=\"wp-image-569446 not-transparent\" srcset=\"https:\/\/uploads.acordacidade.com.br\/2025\/06\/RngoZSz3-juscelinobrito_presidenteCDL-feira_foto_neysilva_acordacidade-480x365.webp 480w, http:\/\/noticiasbahia360.com.br\/wp-content\/uploads\/2025\/06\/RngoZSz3-juscelinobrito_presidenteCDL-feira_foto_neysilva_acordacidade-1011x768-1.webp 1011w, https:\/\/uploads.acordacidade.com.br\/2025\/06\/RngoZSz3-juscelinobrito_presidenteCDL-feira_foto_neysilva_acordacidade-728x553.webp 728w, https:\/\/uploads.acordacidade.com.br\/2025\/06\/RngoZSz3-juscelinobrito_presidenteCDL-feira_foto_neysilva_acordacidade-150x114.webp 150w, https:\/\/uploads.acordacidade.com.br\/2025\/06\/RngoZSz3-juscelinobrito_presidenteCDL-feira_foto_neysilva_acordacidade.webp 1075w\"><figcaption class=\"wp-element-caption\">Juscelino Brito, presidente da CDL \u2013 Foto: Ney Silva\/Acorda Cidade<\/figcaption><\/figure>\n<p>A campanha segue at\u00e9 o dia 13 de julho, e com o fim dos festejos juninos, vem a baixa de pre\u00e7os e os produtos em liquida\u00e7\u00e3o. Esse tamb\u00e9m \u00e9 um momento com alto potencial de venda e compra.<\/p>\n<p>\u201cAgora, come\u00e7ando essa grande campanha de l\u00edquida para convidar o consumidor a participar nas lojas, das promo\u00e7\u00f5es, das liquida\u00e7\u00f5es. Porque ap\u00f3s um evento como esse, geralmente tem os saldos, tem aqueles produtos que os empres\u00e1rios precisam vender e nada melhor do que fomentar mais e dar essa oportunidade do consumidor participar e concorrer a esses tr\u00eas carros.\u201d, explica Juscelino.<\/p>\n<h2 class=\"wp-block-heading\" id=\"h-adesao-das-empresas\">Ades\u00e3o das empresas<\/h2>\n<p>Um outro n\u00famero positivo foi a quantidade de empresas que aderiram a participa\u00e7\u00e3o na campanha. Alana Carvalho, gerente comercial\u00a0 da CDL, falou que esse est\u00e1 sendo um momento de comemora\u00e7\u00e3o.<\/p>\n<p>\u201cHoje n\u00f3s temos quase mil pontos de vendas que j\u00e1 est\u00e3o ativos na campanha. N\u00f3s j\u00e1 temos mais de meio milh\u00e3o de cupons que est\u00e3o sendo trocados. J\u00e1 dobramos os n\u00fameros da nossa \u00faltima campanha. Ent\u00e3o, isso \u00e9 espetacular do ponto de vista estrat\u00e9gico do que n\u00f3s definimos enquanto institui\u00e7\u00e3o.\u201d<\/p>\n<figure class=\"wp-block-image size-large\"><img data-dominant-color=\"937f6a\" data-has-transparency=\"false\" style=\"--dominant-color: #937f6a;\" decoding=\"async\" width=\"1048\" height=\"768\" sizes=\"(max-width: 1048px) 100vw, 1048px\" src=\"http:\/\/noticiasbahia360.com.br\/wp-content\/uploads\/2025\/06\/vZqipHaU-alanacarvalho_gerentecomercial_CDLfeira_foto_neysilva_acordacidade-1048x768-1.webp\" alt=\"Alana Carvalho, gerente comercial da CDL\" class=\"wp-image-569441 not-transparent\" srcset=\"https:\/\/uploads.acordacidade.com.br\/2025\/06\/vZqipHaU-alanacarvalho_gerentecomercial_CDLfeira_foto_neysilva_acordacidade-498x365.webp 498w, http:\/\/noticiasbahia360.com.br\/wp-content\/uploads\/2025\/06\/vZqipHaU-alanacarvalho_gerentecomercial_CDLfeira_foto_neysilva_acordacidade-1048x768-1.webp 1048w, https:\/\/uploads.acordacidade.com.br\/2025\/06\/vZqipHaU-alanacarvalho_gerentecomercial_CDLfeira_foto_neysilva_acordacidade-755x553.webp 755w, https:\/\/uploads.acordacidade.com.br\/2025\/06\/vZqipHaU-alanacarvalho_gerentecomercial_CDLfeira_foto_neysilva_acordacidade-150x110.webp 150w, https:\/\/uploads.acordacidade.com.br\/2025\/06\/vZqipHaU-alanacarvalho_gerentecomercial_CDLfeira_foto_neysilva_acordacidade.webp 1200w\"><figcaption class=\"wp-element-caption\">Alana Carvalho, gerente comercial da CDL \u2013 Foto: Ney Silva\/Acorda Cidade<\/figcaption><\/figure>\n<p>Apesar da prepara\u00e7\u00e3o para o m\u00eas de julho, Alana relembra que o m\u00eas das festas juninas ainda n\u00e3o acabou, e esses \u00faltimos dias podem render n\u00fameros positivos ainda.<\/p>\n<p>\u201cA for\u00e7a do nosso com\u00e9rcio neste m\u00eas de junho, ela \u00e9 efetiva e n\u00f3s queremos ainda nesse m\u00eas, porque o m\u00eas n\u00e3o acabou, ent\u00e3o n\u00f3s queremos refor\u00e7ar o quanto que n\u00f3s vamos apoi\u00e1-los para a gente fechar junho com o maior crescimento da nossa hist\u00f3ria. J\u00e1 entregamos 10% de crescimento e a gente pode fechar junho com chave de ouro.\u201d<\/p>\n<p>A CDL conta com o apoio do poder p\u00fablico, Sebrae, Cielo, Renault e Sicomfs para realizar a a\u00e7\u00e3o. Juscelino Brito ressalta que a\u00e7\u00f5es como essas entregam o movimento financeiro e a credibilidade que o comerciante precisa para manter seu neg\u00f3cio, e a campanha S\u00e3o Jo\u00e3o de Pr\u00eamios chega como oportunidade para\u00a0 o empres\u00e1rio oferecer uma recompensa atrativa para o cliente.<\/p>\n<p>\u201cEm um mercado extremamente competitivo, isso \u00e9 um diferencial. Eu digo que nenhuma empresa consegue fazer uma campanha sem nenhum custo de opera\u00e7\u00e3o dessa, se n\u00e3o tivesse o apoio da CDL. E a CDL n\u00e3o faria um evento desse se n\u00e3o tivesse apoio, \u00e9 uma uni\u00e3o\u201d, finalizou.<\/p>\n<h2 class=\"wp-block-heading\" id=\"h-sorteio-na-cdl\">Sorteio na CDL<\/h2>\n<p>O sorteio dos pr\u00eamios acontecer\u00e1 no dia 23 de julho na sede da CDL. O presidente da CDL explica que empresas que desejam aderir a campanha ainda podem participar, procurando a CDL pessoalmente ou nas redes sociais.<\/p>\n<figure class=\"wp-block-image size-large is-resized\"><img data-dominant-color=\"55809f\" data-has-transparency=\"false\" decoding=\"async\" width=\"614\" height=\"768\" sizes=\"(max-width: 614px) 100vw, 614px\" src=\"http:\/\/noticiasbahia360.com.br\/wp-content\/uploads\/2025\/06\/SkldDVIS-Sao-Joao-de-Premios-614x768-1.webp\" alt=\"S\u00e3o Jo\u00e3o de Pr\u00eamios\" class=\"wp-image-560164 not-transparent\" style=\"--dominant-color: #55809f; width:840px;height:auto\" srcset=\"https:\/\/uploads.acordacidade.com.br\/2025\/05\/SkldDVIS-Sao-Joao-de-Premios-292x365.webp 292w, http:\/\/noticiasbahia360.com.br\/wp-content\/uploads\/2025\/06\/SkldDVIS-Sao-Joao-de-Premios-614x768-1.webp 614w, https:\/\/uploads.acordacidade.com.br\/2025\/05\/SkldDVIS-Sao-Joao-de-Premios-442x553.webp 442w, https:\/\/uploads.acordacidade.com.br\/2025\/05\/SkldDVIS-Sao-Joao-de-Premios-150x188.webp 150w, https:\/\/uploads.acordacidade.com.br\/2025\/05\/SkldDVIS-Sao-Joao-de-Premios.webp 1200w\"><figcaption class=\"wp-element-caption\">Foto: Divulga\u00e7\u00e3o <\/figcaption><\/figure>\n<p>Para as pr\u00f3ximas campanhas a CDL espera contar tanto com os parceiros, quanto com a ades\u00e3o cada vez maior dos empres\u00e1rios.\u00a0<\/p>\n<p>\u201cS\u00e3o tr\u00eas carros, todos s\u00e3o tributados, tem a premia\u00e7\u00e3o tamb\u00e9m dos vendedores. Ent\u00e3o, realmente \u00e9 uma campanha forte e que a gente precisa desse apoio. E o importante \u00e9 que a gente entrega isso para o empres\u00e1rio para ter um diferencial\u201d, finaliza.<\/p>\n<p><em>Com informa\u00e7\u00f5es do rep\u00f3rter Ney Silva do Acorda Cidade<\/em><\/p>\n<p><em>Siga o Acorda Cidade no<\/em><a href=\"https:\/\/news.google.com\/search?q=acorda%20cidade&amp;hl=pt-BR&amp;gl=BR&amp;ceid=BR%3Apt-419\"><strong><em> Google Not\u00edcias<\/em><\/strong><\/a><em> e receba os principais destaques do dia. Participe tamb\u00e9m dos nossos canais no <\/em><a href=\"https:\/\/whatsapp.com\/channel\/0029Va6Rb4v3WHTNnsh8WI3N\"><strong><em>WhatsApp<\/em><\/strong><\/a><em> e <\/em><a href=\"https:\/\/www.youtube.com\/@acordacidadenoticias\/videos\"><strong>Youtube<\/strong><\/a><em> e grupo de <\/em><a href=\"https:\/\/t.me\/+sSz0khrgARA0ZmRh\"><strong><em>Telegram<\/em><\/strong><\/a><em>.<\/em><\/p>\n<\/div>\n","protected":false},"excerpt":{"rendered":"<div>\n<div>\n<figure><img decoding=\"async\" src=\"https:\/\/uploads.acordacidade.com.br\/2025\/06\/comercio-tem-movimento-intenso-nas-ruas-e-nas-lojas-de-calcados-e-confeccoes-no-sao-joao2.jpg\" alt=\"com\u00e9rcio tem movimento intenso nas ruas e nas lojas de cal\u00e7ados e confec\u00e7\u00f5es no s\u00e3o jo\u00e3o\"><figcaption>Foto: Ney Silva\/Acorda Cidade<\/figcaption><\/figure>\n<\/div>\n<p>Campanha j\u00e1 ultrapassou a marca de meio milh\u00e3o de cupons. Sorteio acontecer\u00e1 no dia 23 de julho<\/p><\/div>\n","protected":false},"author":1,"featured_media":91200,"comment_status":"closed","ping_status":"closed","sticky":false,"template":"","format":"gallery","meta":{"footnotes":""},"categories":[8,9,6,57,56,10],"tags":[],"class_list":["post-91199","post","type-post","status-publish","format-gallery","has-post-thumbnail","hentry","category-bahia","category-brasil","category-feira-de-santana","category-mundo","category-policia","category-politica","post_format-post-format-gallery"],"featured_image_urls":{"full":["https:\/\/noticiasbahia360.com.br\/wp-content\/uploads\/2025\/06\/comercio-tem-movimento-intenso-nas-ruas-e-nas-lojas-de-calcados-e-confeccoes-no-sao-joao2.jpg",1200,900,false],"thumbnail":["https:\/\/noticiasbahia360.com.br\/wp-content\/uploads\/2025\/06\/comercio-tem-movimento-intenso-nas-ruas-e-nas-lojas-de-calcados-e-confeccoes-no-sao-joao2-150x150.jpg",150,150,true],"medium":["https:\/\/noticiasbahia360.com.br\/wp-content\/uploads\/2025\/06\/comercio-tem-movimento-intenso-nas-ruas-e-nas-lojas-de-calcados-e-confeccoes-no-sao-joao2-300x225.jpg",300,225,true],"medium_large":["https:\/\/noticiasbahia360.com.br\/wp-content\/uploads\/2025\/06\/comercio-tem-movimento-intenso-nas-ruas-e-nas-lojas-de-calcados-e-confeccoes-no-sao-joao2-768x576.jpg",640,480,true],"large":["https:\/\/noticiasbahia360.com.br\/wp-content\/uploads\/2025\/06\/comercio-tem-movimento-intenso-nas-ruas-e-nas-lojas-de-calcados-e-confeccoes-no-sao-joao2-1024x768.jpg",640,480,true],"1536x1536":["https:\/\/noticiasbahia360.com.br\/wp-content\/uploads\/2025\/06\/comercio-tem-movimento-intenso-nas-ruas-e-nas-lojas-de-calcados-e-confeccoes-no-sao-joao2.jpg",1200,900,false],"2048x2048":["https:\/\/noticiasbahia360.com.br\/wp-content\/uploads\/2025\/06\/comercio-tem-movimento-intenso-nas-ruas-e-nas-lojas-de-calcados-e-confeccoes-no-sao-joao2.jpg",1200,900,false],"chromenews-featured":["https:\/\/noticiasbahia360.com.br\/wp-content\/uploads\/2025\/06\/comercio-tem-movimento-intenso-nas-ruas-e-nas-lojas-de-calcados-e-confeccoes-no-sao-joao2-1024x768.jpg",1024,768,true],"chromenews-large":["https:\/\/noticiasbahia360.com.br\/wp-content\/uploads\/2025\/06\/comercio-tem-movimento-intenso-nas-ruas-e-nas-lojas-de-calcados-e-confeccoes-no-sao-joao2-825x575.jpg",825,575,true],"chromenews-medium":["https:\/\/noticiasbahia360.com.br\/wp-content\/uploads\/2025\/06\/comercio-tem-movimento-intenso-nas-ruas-e-nas-lojas-de-calcados-e-confeccoes-no-sao-joao2-590x410.jpg",590,410,true]},"author_info":{"display_name":"noticiasbahia360.com.br","author_link":"https:\/\/noticiasbahia360.com.br\/?author=1"},"category_info":"<a href=\"https:\/\/noticiasbahia360.com.br\/?cat=8\" rel=\"category\">Bahia<\/a> <a href=\"https:\/\/noticiasbahia360.com.br\/?cat=9\" rel=\"category\">Brasil<\/a> <a href=\"https:\/\/noticiasbahia360.com.br\/?cat=6\" rel=\"category\">Feira de Santana<\/a> <a href=\"https:\/\/noticiasbahia360.com.br\/?cat=57\" rel=\"category\">Mundo<\/a> <a href=\"https:\/\/noticiasbahia360.com.br\/?cat=56\" rel=\"category\">Pol\u00edcia<\/a> <a href=\"https:\/\/noticiasbahia360.com.br\/?cat=10\" rel=\"category\">Pol\u00edtica<\/a>","tag_info":"Pol\u00edtica","comment_count":"0","_links":{"self":[{"href":"https:\/\/noticiasbahia360.com.br\/index.php?rest_route=\/wp\/v2\/posts\/91199","targetHints":{"allow":["GET"]}}],"collection":[{"href":"https:\/\/noticiasbahia360.com.br\/index.php?rest_route=\/wp\/v2\/posts"}],"about":[{"href":"https:\/\/noticiasbahia360.com.br\/index.php?rest_route=\/wp\/v2\/types\/post"}],"author":[{"embeddable":true,"href":"https:\/\/noticiasbahia360.com.br\/index.php?rest_route=\/wp\/v2\/users\/1"}],"replies":[{"embeddable":true,"href":"https:\/\/noticiasbahia360.com.br\/index.php?rest_route=%2Fwp%2Fv2%2Fcomments&post=91199"}],"version-history":[{"count":0,"href":"https:\/\/noticiasbahia360.com.br\/index.php?rest_route=\/wp\/v2\/posts\/91199\/revisions"}],"wp:featuredmedia":[{"embeddable":true,"href":"https:\/\/noticiasbahia360.com.br\/index.php?rest_route=\/wp\/v2\/media\/91200"}],"wp:attachment":[{"href":"https:\/\/noticiasbahia360.com.br\/index.php?rest_route=%2Fwp%2Fv2%2Fmedia&parent=91199"}],"wp:term":[{"taxonomy":"category","embeddable":true,"href":"https:\/\/noticiasbahia360.com.br\/index.php?rest_route=%2Fwp%2Fv2%2Fcategories&post=91199"},{"taxonomy":"post_tag","embeddable":true,"href":"https:\/\/noticiasbahia360.com.br\/index.php?rest_route=%2Fwp%2Fv2%2Ftags&post=91199"}],"curies":[{"name":"wp","href":"https:\/\/api.w.org\/{rel}","templated":true}]}}