{"id":91204,"date":"2025-06-26T17:19:48","date_gmt":"2025-06-26T20:19:48","guid":{"rendered":"https:\/\/noticiasbahia360.com.br\/?p=91204"},"modified":"2025-06-26T17:19:48","modified_gmt":"2025-06-26T20:19:48","slug":"camara-vive-momento-de-harmonia-com-nova-presidencia-diz-lider-do-governo","status":"publish","type":"post","link":"https:\/\/noticiasbahia360.com.br\/?p=91204","title":{"rendered":"C\u00e2mara vive momento de harmonia com nova presid\u00eancia, diz l\u00edder do governo"},"content":{"rendered":"<div>\n<div>\n<figure><img decoding=\"async\" src=\"http:\/\/noticiasbahia360.com.br\/wp-content\/uploads\/2025\/06\/Vereador-Jose-Ze-Carneiro-Foto-Ney-Silva-Acorda-Cidade.jpg\" alt=\"Vereador-Jose-Ze-Carneiro-Foto-Ney-Silva-Acorda-Cidade\"><figcaption>Vereador Z\u00e9 Carneiro | Foto: Ney Silva\/Acorda Cidade <\/figcaption><\/figure>\n<\/div>\n<p>Durante a \u00faltima sess\u00e3o do semestre legislativo, realizada nesta quinta-feira (26), o l\u00edder do governo na C\u00e2mara Municipal de Feira de Santana, vereador<a href=\"https:\/\/www.acordacidade.com.br\/tag\/ze-carneiro\/\"> Jos\u00e9 Carneiro<\/a>, fez uma avalia\u00e7\u00e3o positiva do atual momento da Casa. Segundo ele, a <a href=\"https:\/\/www.acordacidade.com.br\/tag\/camara\/\">C\u00e2mara<\/a> vive hoje uma fase de harmonia entre os poderes e de resgate da credibilidade junto \u00e0 popula\u00e7\u00e3o, algo que, de acordo com o parlamentar, n\u00e3o acontecia na gest\u00e3o anterior.<\/p>\n<p><strong>Z\u00e9 Carneiro<\/strong> apontou que no per\u00edodo em que a vereadora Eremita Mota presidiu a Casa, o cen\u00e1rio era marcado por conflitos, den\u00fancias e desgaste institucional.<\/p>\n<p>\u201cN\u00f3s vivemos um per\u00edodo no ano passado, na gest\u00e3o passada, que a gente n\u00e3o podia falar da C\u00e2mara, porque a <strong>C\u00e2mara<\/strong> tinha uma imagem t\u00e3o negativa, t\u00e3o ruim, que era vergonhoso at\u00e9 para todos n\u00f3s dizer que era vereador na cidade\u201d, declarou.<\/p>\n<p>O parlamentar elogiou a condu\u00e7\u00e3o do atual presidente, vereador Marcos Lima, e afirmou ao Acorda Cidade que ele tem conseguido devolver \u00e0 Casa a confian\u00e7a da sociedade.<\/p>\n<p>\u201cO presidente Marcos Lima tem buscado resgatar essa credibilidade. Tem feito com que a sociedade acredite nos seus representantes. Diferente de um passado que os senhores e senhoras ouviam apenas ofensas, brigas e muita den\u00fancia de corrup\u00e7\u00e3o\u201d, disse, citando como exemplo a pol\u00eamica do pr\u00e9dio anexo da C\u00e2mara, que, segundo ele, permanece em ru\u00ednas e sem explica\u00e7\u00f5es sobre o destino dos recursos investidos.<\/p>\n<h2 class=\"wp-block-heading\" id=\"h-avaliacao-positiva-da-camara-municipal\">Avalia\u00e7\u00e3o positiva da C\u00e2mara Municipal<\/h2>\n<figure class=\"wp-block-image size-large\"><img fetchpriority=\"high\" data-dominant-color=\"636a63\" data-has-transparency=\"false\" style=\"--dominant-color: #636a63;\" fetchpriority=\"high\" decoding=\"async\" width=\"1024\" height=\"768\" sizes=\"(max-width: 1024px) 100vw, 1024px\" src=\"http:\/\/noticiasbahia360.com.br\/wp-content\/uploads\/2025\/06\/wlR8lUdw-Camara-Municipal-de-Feira-de-Santana-Recesso-Sao-Joao-Sao-Pedro-Foto-Ney-Silva-1024x768-1.webp\" alt=\"Camara-Municipal-de-Feira-de-Santana-Recesso-Sao-Joao-Sao-Pedro-Foto-Ney-Silva\" class=\"wp-image-569468 not-transparent\" srcset=\"https:\/\/uploads.acordacidade.com.br\/2025\/06\/wlR8lUdw-Camara-Municipal-de-Feira-de-Santana-Recesso-Sao-Joao-Sao-Pedro-Foto-Ney-Silva--487x365.webp 487w, http:\/\/noticiasbahia360.com.br\/wp-content\/uploads\/2025\/06\/wlR8lUdw-Camara-Municipal-de-Feira-de-Santana-Recesso-Sao-Joao-Sao-Pedro-Foto-Ney-Silva-1024x768-1.webp 1024w, https:\/\/uploads.acordacidade.com.br\/2025\/06\/wlR8lUdw-Camara-Municipal-de-Feira-de-Santana-Recesso-Sao-Joao-Sao-Pedro-Foto-Ney-Silva--737x553.webp 737w, https:\/\/uploads.acordacidade.com.br\/2025\/06\/wlR8lUdw-Camara-Municipal-de-Feira-de-Santana-Recesso-Sao-Joao-Sao-Pedro-Foto-Ney-Silva--150x113.webp 150w, https:\/\/uploads.acordacidade.com.br\/2025\/06\/wlR8lUdw-Camara-Municipal-de-Feira-de-Santana-Recesso-Sao-Joao-Sao-Pedro-Foto-Ney-Silva-.webp 1200w\"><figcaption class=\"wp-element-caption\">C\u00e2mara Municipal de Feira de Santana | Foto: Ney Silva\/Acorda Cidade<\/figcaption><\/figure>\n<p><strong>Z\u00e9 Carneiro<\/strong> destacou ainda que a atual legislatura tem sido produtiva, com vereadores atuando de forma comprometida com a cidade. \u201cTemos vereadores que apresentam requerimentos, projetos de lei, indica\u00e7\u00f5es. E isso com certeza contribui com o resgate da credibilidade da Casa e tamb\u00e9m ajuda o governo municipal\u201d, afirmou.<\/p>\n<p>O l\u00edder do governo tamb\u00e9m refor\u00e7ou que a rela\u00e7\u00e3o entre Legislativo e Executivo precisa ser pautada pela independ\u00eancia, mas tamb\u00e9m pela colabora\u00e7\u00e3o. \u201cEu acho que os poderes t\u00eam que ser independentes, mas t\u00eam que ter harmonia. Coisa que n\u00e3o acontecia no passado, infelizmente\u201d, concluiu.<\/p>\n<p><strong>Com o fim do semestre legislativo, a C\u00e2mara entra em recesso e retoma as atividades no dia 5 de agosto.<\/strong><\/p>\n<\/p>\n<p><em>Siga o Acorda Cidade no<\/em><a href=\"https:\/\/news.google.com\/search?q=acorda%20cidade&amp;hl=pt-BR&amp;gl=BR&amp;ceid=BR%3Apt-419\"><strong><em>\u00a0Google Not\u00edcias<\/em><\/strong><\/a><em>\u00a0e receba os principais destaques do dia. Participe tamb\u00e9m dos nossos canais no\u00a0<\/em><a href=\"https:\/\/www.whatsapp.com\/channel\/0029Va6Rb4v3WHTNnsh8WI3N\"><strong><em>WhatsApp<\/em><\/strong><\/a><em>\u00a0e\u00a0<\/em><a href=\"https:\/\/www.youtube.com\/@acordacidadenoticias\/videos\"><strong>Youtube<\/strong><\/a><em>\u00a0e grupo de\u00a0<\/em><a href=\"https:\/\/t.me\/+sSz0khrgARA0ZmRh\"><strong><em>Telegram<\/em><\/strong><\/a><em>.<\/em><a href=\"https:\/\/www.acordacidade.com.br\/colunas\/dilton-e-feito\/\"><\/a><\/p>\n<\/div>\n","protected":false},"excerpt":{"rendered":"<div>\n<div>\n<figure><img decoding=\"async\" src=\"https:\/\/uploads.acordacidade.com.br\/2025\/06\/Vereador-Jose-Ze-Carneiro-Foto-Ney-Silva-Acorda-Cidade.jpg\" alt=\"Vereador-Jose-Ze-Carneiro-Foto-Ney-Silva-Acorda-Cidade\"><figcaption>Vereador Z\u00e9 Carneiro | Foto: Ney Silva\/Acorda Cidade <\/figcaption><\/figure>\n<\/div>\n<p>Com o fim do semestre legislativo, a C\u00e2mara entra em recesso e retoma as atividades no dia 5 de agosto.<\/p><\/div>\n","protected":false},"author":1,"featured_media":91205,"comment_status":"closed","ping_status":"closed","sticky":false,"template":"","format":"gallery","meta":{"footnotes":""},"categories":[8,9,6,57,56,10],"tags":[],"class_list":["post-91204","post","type-post","status-publish","format-gallery","has-post-thumbnail","hentry","category-bahia","category-brasil","category-feira-de-santana","category-mundo","category-policia","category-politica","post_format-post-format-gallery"],"featured_image_urls":{"full":["https:\/\/noticiasbahia360.com.br\/wp-content\/uploads\/2025\/06\/Vereador-Jose-Ze-Carneiro-Foto-Ney-Silva-Acorda-Cidade.jpg",1200,900,false],"thumbnail":["https:\/\/noticiasbahia360.com.br\/wp-content\/uploads\/2025\/06\/Vereador-Jose-Ze-Carneiro-Foto-Ney-Silva-Acorda-Cidade-150x150.jpg",150,150,true],"medium":["https:\/\/noticiasbahia360.com.br\/wp-content\/uploads\/2025\/06\/Vereador-Jose-Ze-Carneiro-Foto-Ney-Silva-Acorda-Cidade-300x225.jpg",300,225,true],"medium_large":["https:\/\/noticiasbahia360.com.br\/wp-content\/uploads\/2025\/06\/Vereador-Jose-Ze-Carneiro-Foto-Ney-Silva-Acorda-Cidade-768x576.jpg",640,480,true],"large":["https:\/\/noticiasbahia360.com.br\/wp-content\/uploads\/2025\/06\/Vereador-Jose-Ze-Carneiro-Foto-Ney-Silva-Acorda-Cidade-1024x768.jpg",640,480,true],"1536x1536":["https:\/\/noticiasbahia360.com.br\/wp-content\/uploads\/2025\/06\/Vereador-Jose-Ze-Carneiro-Foto-Ney-Silva-Acorda-Cidade.jpg",1200,900,false],"2048x2048":["https:\/\/noticiasbahia360.com.br\/wp-content\/uploads\/2025\/06\/Vereador-Jose-Ze-Carneiro-Foto-Ney-Silva-Acorda-Cidade.jpg",1200,900,false],"chromenews-featured":["https:\/\/noticiasbahia360.com.br\/wp-content\/uploads\/2025\/06\/Vereador-Jose-Ze-Carneiro-Foto-Ney-Silva-Acorda-Cidade-1024x768.jpg",1024,768,true],"chromenews-large":["https:\/\/noticiasbahia360.com.br\/wp-content\/uploads\/2025\/06\/Vereador-Jose-Ze-Carneiro-Foto-Ney-Silva-Acorda-Cidade-825x575.jpg",825,575,true],"chromenews-medium":["https:\/\/noticiasbahia360.com.br\/wp-content\/uploads\/2025\/06\/Vereador-Jose-Ze-Carneiro-Foto-Ney-Silva-Acorda-Cidade-590x410.jpg",590,410,true]},"author_info":{"display_name":"noticiasbahia360.com.br","author_link":"https:\/\/noticiasbahia360.com.br\/?author=1"},"category_info":"<a href=\"https:\/\/noticiasbahia360.com.br\/?cat=8\" rel=\"category\">Bahia<\/a> <a href=\"https:\/\/noticiasbahia360.com.br\/?cat=9\" rel=\"category\">Brasil<\/a> <a href=\"https:\/\/noticiasbahia360.com.br\/?cat=6\" rel=\"category\">Feira de Santana<\/a> <a href=\"https:\/\/noticiasbahia360.com.br\/?cat=57\" rel=\"category\">Mundo<\/a> <a href=\"https:\/\/noticiasbahia360.com.br\/?cat=56\" rel=\"category\">Pol\u00edcia<\/a> <a href=\"https:\/\/noticiasbahia360.com.br\/?cat=10\" rel=\"category\">Pol\u00edtica<\/a>","tag_info":"Pol\u00edtica","comment_count":"0","_links":{"self":[{"href":"https:\/\/noticiasbahia360.com.br\/index.php?rest_route=\/wp\/v2\/posts\/91204","targetHints":{"allow":["GET"]}}],"collection":[{"href":"https:\/\/noticiasbahia360.com.br\/index.php?rest_route=\/wp\/v2\/posts"}],"about":[{"href":"https:\/\/noticiasbahia360.com.br\/index.php?rest_route=\/wp\/v2\/types\/post"}],"author":[{"embeddable":true,"href":"https:\/\/noticiasbahia360.com.br\/index.php?rest_route=\/wp\/v2\/users\/1"}],"replies":[{"embeddable":true,"href":"https:\/\/noticiasbahia360.com.br\/index.php?rest_route=%2Fwp%2Fv2%2Fcomments&post=91204"}],"version-history":[{"count":0,"href":"https:\/\/noticiasbahia360.com.br\/index.php?rest_route=\/wp\/v2\/posts\/91204\/revisions"}],"wp:featuredmedia":[{"embeddable":true,"href":"https:\/\/noticiasbahia360.com.br\/index.php?rest_route=\/wp\/v2\/media\/91205"}],"wp:attachment":[{"href":"https:\/\/noticiasbahia360.com.br\/index.php?rest_route=%2Fwp%2Fv2%2Fmedia&parent=91204"}],"wp:term":[{"taxonomy":"category","embeddable":true,"href":"https:\/\/noticiasbahia360.com.br\/index.php?rest_route=%2Fwp%2Fv2%2Fcategories&post=91204"},{"taxonomy":"post_tag","embeddable":true,"href":"https:\/\/noticiasbahia360.com.br\/index.php?rest_route=%2Fwp%2Fv2%2Ftags&post=91204"}],"curies":[{"name":"wp","href":"https:\/\/api.w.org\/{rel}","templated":true}]}}