{"id":91210,"date":"2025-06-26T17:51:05","date_gmt":"2025-06-26T20:51:05","guid":{"rendered":"https:\/\/noticiasbahia360.com.br\/?p=91210"},"modified":"2025-06-26T17:51:05","modified_gmt":"2025-06-26T20:51:05","slug":"ze-felipe-inicia-processo-de-divorcio-com-virginia-fonseca","status":"publish","type":"post","link":"https:\/\/noticiasbahia360.com.br\/?p=91210","title":{"rendered":"Z\u00e9 Felipe inicia processo de div\u00f3rcio com Virginia Fonseca"},"content":{"rendered":"<div>\n<div>\n<figure><img decoding=\"async\" src=\"http:\/\/noticiasbahia360.com.br\/wp-content\/uploads\/2025\/06\/Virginia-e-Felipe-2.jpg\" alt=\"Z\u00e9 Felipe d\u00e1 entrada em processo de div\u00f3rcio com Virginia Fonseca\"><figcaption>Virginia Fonseca e Z\u00e9 Felipe | Foto: Reprodu\u00e7\u00e3o\/ Redes Sociais <\/figcaption><\/figure>\n<\/div>\n<p>O cantor Z\u00e9 Felipe entrou com um processo de div\u00f3rcio no Tribunal de Justi\u00e7a de Goi\u00e1s, na \u00faltima quarta-feira (25), para por fim oficialmente no seu casamento com Virginia Fonseca.<\/p>\n<p>As informa\u00e7\u00f5es foram publicadas no portal LeoDias. Nesta quinta-feira (26), a assessoria de Z\u00e9 Felipe e Virginia confirmou o processo, que segundo eles \u00e9 necess\u00e1rio quando h\u00e1 menores envolvidos.<\/p>\n<p>No processo \u00e9 mencionada \u00e0 guarda compartilhada dos filhos, tendo como referencial o lar materno. Z\u00e9 e Virginia s\u00e3o pais de Maria Alice, de 4 anos, Maria Flor, de 2, e Jos\u00e9 Leonardo, de 9 meses. <\/p>\n<p>O ex-casal anunciou o fim do casamento em maio de 2025, por meio de uma postagem compartilhada no Instagram, ap\u00f3s um relacionamento de 5 anos.<\/p>\n<p><strong>Leia tamb\u00e9m:<\/strong><\/p>\n<p><a href=\"https:\/\/www.acordacidade.com.br\/entretenimento\/virginia-fonseca-e-ze-felipe-dividirao-um-patrimonio-milionario-apos-separacao\/\" target=\"_blank\" rel=\"noreferrer noopener\">Virginia Fonseca e Z\u00e9 Felipe dividir\u00e3o patrim\u00f4nio milion\u00e1rio ap\u00f3s separa\u00e7\u00e3o<\/a><\/p>\n<p><em>Siga o Acorda Cidade no<\/em><a href=\"https:\/\/news.google.com\/search?q=acorda%20cidade&amp;hl=pt-BR&amp;gl=BR&amp;ceid=BR%3Apt-419\"><strong><em>\u00a0Google Not\u00edcias<\/em><\/strong><\/a><em>\u00a0e receba os principais destaques do dia. Participe tamb\u00e9m dos nossos canais no\u00a0<\/em><a href=\"https:\/\/www.whatsapp.com\/channel\/0029Va6Rb4v3WHTNnsh8WI3N\"><strong><em>WhatsApp<\/em><\/strong><\/a><em>\u00a0e\u00a0<\/em><a href=\"https:\/\/www.youtube.com\/@acordacidadenoticias\/videos\"><strong>Youtube<\/strong><\/a><em>\u00a0e grupo de\u00a0<\/em><a href=\"https:\/\/t.me\/+sSz0khrgARA0ZmRh\"><strong><em>Telegram<\/em><\/strong><\/a><em>.<\/em><\/p>\n<\/div>\n","protected":false},"excerpt":{"rendered":"<div>\n<div>\n<figure><img decoding=\"async\" src=\"https:\/\/uploads.acordacidade.com.br\/2025\/05\/Virginia-e-Felipe-2.jpg\" alt=\"Z\u00e9 Felipe d\u00e1 entrada em processo de div\u00f3rcio com Virginia Fonseca\"><figcaption>Virginia Fonseca e Z\u00e9 Felipe | Foto: Reprodu\u00e7\u00e3o\/ Redes Sociais <\/figcaption><\/figure>\n<\/div>\n<p>No processo \u00e9 mencionada \u00e0 guarda compartilhada dos filhos, tendo como referencial o lar materno.<\/p><\/div>\n","protected":false},"author":1,"featured_media":91211,"comment_status":"closed","ping_status":"closed","sticky":false,"template":"","format":"gallery","meta":{"footnotes":""},"categories":[8,9,6,57,56,10],"tags":[],"class_list":["post-91210","post","type-post","status-publish","format-gallery","has-post-thumbnail","hentry","category-bahia","category-brasil","category-feira-de-santana","category-mundo","category-policia","category-politica","post_format-post-format-gallery"],"featured_image_urls":{"full":["https:\/\/noticiasbahia360.com.br\/wp-content\/uploads\/2025\/06\/Virginia-e-Felipe-2.jpg",1080,788,false],"thumbnail":["https:\/\/noticiasbahia360.com.br\/wp-content\/uploads\/2025\/06\/Virginia-e-Felipe-2-150x150.jpg",150,150,true],"medium":["https:\/\/noticiasbahia360.com.br\/wp-content\/uploads\/2025\/06\/Virginia-e-Felipe-2-300x219.jpg",300,219,true],"medium_large":["https:\/\/noticiasbahia360.com.br\/wp-content\/uploads\/2025\/06\/Virginia-e-Felipe-2-768x560.jpg",640,467,true],"large":["https:\/\/noticiasbahia360.com.br\/wp-content\/uploads\/2025\/06\/Virginia-e-Felipe-2-1024x747.jpg",640,467,true],"1536x1536":["https:\/\/noticiasbahia360.com.br\/wp-content\/uploads\/2025\/06\/Virginia-e-Felipe-2.jpg",1080,788,false],"2048x2048":["https:\/\/noticiasbahia360.com.br\/wp-content\/uploads\/2025\/06\/Virginia-e-Felipe-2.jpg",1080,788,false],"chromenews-featured":["https:\/\/noticiasbahia360.com.br\/wp-content\/uploads\/2025\/06\/Virginia-e-Felipe-2-1024x747.jpg",1024,747,true],"chromenews-large":["https:\/\/noticiasbahia360.com.br\/wp-content\/uploads\/2025\/06\/Virginia-e-Felipe-2-825x575.jpg",825,575,true],"chromenews-medium":["https:\/\/noticiasbahia360.com.br\/wp-content\/uploads\/2025\/06\/Virginia-e-Felipe-2-590x410.jpg",590,410,true]},"author_info":{"display_name":"noticiasbahia360.com.br","author_link":"https:\/\/noticiasbahia360.com.br\/?author=1"},"category_info":"<a href=\"https:\/\/noticiasbahia360.com.br\/?cat=8\" rel=\"category\">Bahia<\/a> <a href=\"https:\/\/noticiasbahia360.com.br\/?cat=9\" rel=\"category\">Brasil<\/a> <a href=\"https:\/\/noticiasbahia360.com.br\/?cat=6\" rel=\"category\">Feira de Santana<\/a> <a href=\"https:\/\/noticiasbahia360.com.br\/?cat=57\" rel=\"category\">Mundo<\/a> <a href=\"https:\/\/noticiasbahia360.com.br\/?cat=56\" rel=\"category\">Pol\u00edcia<\/a> <a href=\"https:\/\/noticiasbahia360.com.br\/?cat=10\" rel=\"category\">Pol\u00edtica<\/a>","tag_info":"Pol\u00edtica","comment_count":"0","_links":{"self":[{"href":"https:\/\/noticiasbahia360.com.br\/index.php?rest_route=\/wp\/v2\/posts\/91210","targetHints":{"allow":["GET"]}}],"collection":[{"href":"https:\/\/noticiasbahia360.com.br\/index.php?rest_route=\/wp\/v2\/posts"}],"about":[{"href":"https:\/\/noticiasbahia360.com.br\/index.php?rest_route=\/wp\/v2\/types\/post"}],"author":[{"embeddable":true,"href":"https:\/\/noticiasbahia360.com.br\/index.php?rest_route=\/wp\/v2\/users\/1"}],"replies":[{"embeddable":true,"href":"https:\/\/noticiasbahia360.com.br\/index.php?rest_route=%2Fwp%2Fv2%2Fcomments&post=91210"}],"version-history":[{"count":0,"href":"https:\/\/noticiasbahia360.com.br\/index.php?rest_route=\/wp\/v2\/posts\/91210\/revisions"}],"wp:featuredmedia":[{"embeddable":true,"href":"https:\/\/noticiasbahia360.com.br\/index.php?rest_route=\/wp\/v2\/media\/91211"}],"wp:attachment":[{"href":"https:\/\/noticiasbahia360.com.br\/index.php?rest_route=%2Fwp%2Fv2%2Fmedia&parent=91210"}],"wp:term":[{"taxonomy":"category","embeddable":true,"href":"https:\/\/noticiasbahia360.com.br\/index.php?rest_route=%2Fwp%2Fv2%2Fcategories&post=91210"},{"taxonomy":"post_tag","embeddable":true,"href":"https:\/\/noticiasbahia360.com.br\/index.php?rest_route=%2Fwp%2Fv2%2Ftags&post=91210"}],"curies":[{"name":"wp","href":"https:\/\/api.w.org\/{rel}","templated":true}]}}