{"id":91212,"date":"2025-06-26T19:08:33","date_gmt":"2025-06-26T22:08:33","guid":{"rendered":"https:\/\/noticiasbahia360.com.br\/?p=91212"},"modified":"2025-06-26T19:08:33","modified_gmt":"2025-06-26T22:08:33","slug":"stf-decide-que-redes-devem-ser-responsabilizadas-por-conteudos-ilegais","status":"publish","type":"post","link":"https:\/\/noticiasbahia360.com.br\/?p=91212","title":{"rendered":"STF decide que redes devem ser responsabilizadas por conte\u00fados ilegais"},"content":{"rendered":"<div>\n<div>\n<figure><img decoding=\"async\" src=\"http:\/\/noticiasbahia360.com.br\/wp-content\/uploads\/2025\/06\/stf-supremo-tribunal-federal-foto-fabio-rodrigues-pozzebom-abr.jpg\" alt=\"Supremo Tribunal Federal (STF)\"><figcaption>Foto: Fabio Rodrigues-Pozzebom\/ Ag\u00eancia Brasil<\/figcaption><\/figure>\n<\/div>\n<p>Ag\u00eancia Brasil \u2013 Por 8 votos a 3, o Supremo Tribunal Federal (STF) decidiu nesta quinta-feira (26) que as plataformas que operam as <a href=\"https:\/\/www.acordacidade.com.br\/tag\/redes-sociais\/\">redes sociais<\/a> devem ser responsabilizadas diretamente pelas postagens ilegais feitas por seus usu\u00e1rios.<\/p>\n<p>Ap\u00f3s seis sess\u00f5es seguidas para julgar o caso, a Corte decidiu pela inconstitucionalidade do Artigo 19 do Marco Civil da <a href=\"https:\/\/www.acordacidade.com.br\/tag\/internet\/\">Internet <\/a>(Lei 12.965\/2014), norma que estabeleceu os direitos e deveres para o uso da internet no Brasil.<\/p>\n<p>O dispositivo estabelecia que, \u201ccom o intuito de assegurar a liberdade de express\u00e3o e impedir a censura\u201d, as plataformas s\u00f3 poderiam ser responsabilizadas pelas postagens de seus usu\u00e1rios se, ap\u00f3s ordem judicial, n\u00e3o tomarem provid\u00eancias para retirar o conte\u00fado ilegal.<\/p>\n<p>Dessa forma, antes da decis\u00e3o do STF, as big techs n\u00e3o respondiam civilmente pelos conte\u00fados ilegais, como postagens antidemocr\u00e1ticas, mensagens com discurso de \u00f3dio e ofensas pessoais, entre outras.<\/p>\n<p>Com o final do julgamento, a Corte aprovou uma tese jur\u00eddica, que cont\u00e9m as regras que as plataformas dever\u00e3o seguir para retirar as postagens.<\/p>\n<p>O texto final definiu que o Artigo 19 n\u00e3o protege os direitos fundamentais e a democracia. Al\u00e9m disso, enquanto n\u00e3o for aprovada nova lei sobre a quest\u00e3o, os provedores estar\u00e3o sujeitos \u00e0 responsabiliza\u00e7\u00e3o civil pelas postagens de usu\u00e1rios.<\/p>\n<p>Pela decis\u00e3o, as plataformas devem retirar os seguintes tipos de conte\u00fado ilegais ap\u00f3s notifica\u00e7\u00e3o extrajudicial:<\/p>\n<ul class=\"wp-block-list\">\n<li>Atos antidemocr\u00e1ticos;<\/li>\n<li>Terrorismo;<\/li>\n<li>Induzimento ao suic\u00eddio e automutila\u00e7\u00e3o;<\/li>\n<li>Incita\u00e7\u00e3o \u00e0 discrimina\u00e7\u00e3o por ra\u00e7a, religi\u00e3o, identidade de g\u00eanero, condutas homof\u00f3bicas e transf\u00f3bicas;<\/li>\n<li>Crimes contra a mulher e conte\u00fados que propagam \u00f3dio contra a mulher;<\/li>\n<li>Pornografia infantil;<\/li>\n<li>Tr\u00e1fico de pessoas.<\/li>\n<\/ul>\n<h2 class=\"wp-block-heading\" id=\"h-votos\">Votos<\/h2>\n<p>O \u00faltimo voto sobre a quest\u00e3o foi proferido na sess\u00e3o desta quinta pelo ministro Nunes Marques, que votou contra a responsabiliza\u00e7\u00e3o direta das redes. O ministro defendeu que a responsabiliza\u00e7\u00e3o direta deve ser criada pelo Congresso.<\/p>\n<p>Segundo Nunes, a liberdade de express\u00e3o \u00e9 clausula p\u00e9trea da Constitui\u00e7\u00e3o e deve ser protegida. Dessa forma, a responsabilidade pela publica\u00e7\u00e3o de conte\u00fados \u00e9 de quem causou o dano, ou seja, o usu\u00e1rio.<\/p>\n<p>\u201cA liberdade de express\u00e3o \u00e9 pedra fundamental para necess\u00e1ria troca de ideias, que geram o desenvolvimento da sociedade, isto \u00e9, apenas por meio do debate livre de ideias, o indiv\u00edduo e a sociedade poder\u00e3o se desenvolver em todos os campos do conhecimento humano\u201d, afirmou.<\/p>\n<p>Nas sess\u00f5es anteriores, os ministros Fl\u00e1vio Dino, Alexandre de Moraes, Gilmar Mendes, Cristiano Zanin, Luiz Fux, Dias Toffoli, Lu\u00eds Roberto Barroso e C\u00e1rmen L\u00facia se manifestaram pela responsabiliza\u00e7\u00e3o.<\/p>\n<p>Os ministros Andr\u00e9 Mendon\u00e7a e Edson Fachin votaram pela manuten\u00e7\u00e3o das atuais regras que impedem a responsabiliza\u00e7\u00e3o direta das redes.<\/p>\n<h2 class=\"wp-block-heading\" id=\"h-casos-julgados\">Casos julgados<\/h2>\n<p>O STF julgou dois casos concretos que envolvem o Marco Civil da Internet e que chegaram \u00e0 Corte por meio de recursos.<\/p>\n<p>Na a\u00e7\u00e3o relatada pelo ministro Dias Toffoli, o tribunal julga a validade da regra que exige ordem judicial pr\u00e9via para responsabiliza\u00e7\u00e3o dos provedores por atos il\u00edcitos. O caso trata de um recurso do Facebook para derrubar decis\u00e3o judicial que condenou a plataforma por danos morais pela cria\u00e7\u00e3o de perfil falso de um usu\u00e1rio.<\/p>\n<p>No processo relatado pelo ministro Luiz Fux, o STF discute se uma empresa que hospeda um site na internet deve fiscalizar conte\u00fados ofensivos e retir\u00e1-los do ar sem interven\u00e7\u00e3o judicial. O recurso foi protocolado pelo Google.<\/p>\n<p><em>Siga o Acorda Cidade no<\/em><a href=\"https:\/\/news.google.com\/search?q=acorda%20cidade&amp;hl=pt-BR&amp;gl=BR&amp;ceid=BR%3Apt-419\"><strong><em>\u00a0Google Not\u00edcias<\/em><\/strong><\/a><em>\u00a0e receba os principais destaques do dia. Participe tamb\u00e9m dos nossos canais no\u00a0<\/em><a href=\"https:\/\/www.whatsapp.com\/channel\/0029Va6Rb4v3WHTNnsh8WI3N\"><strong><em>WhatsApp<\/em><\/strong><\/a><em>\u00a0e\u00a0<\/em><a href=\"https:\/\/www.youtube.com\/@acordacidadenoticias\/videos\"><strong>YouTube<\/strong><\/a><em>\u00a0e do grupo no\u00a0<\/em><a href=\"https:\/\/t.me\/+sSz0khrgARA0ZmRh\"><strong><em>Telegram<\/em><\/strong><\/a><\/p>\n<\/div>\n","protected":false},"excerpt":{"rendered":"<div>\n<div>\n<figure><img decoding=\"async\" src=\"https:\/\/uploads.acordacidade.com.br\/wp-content\/uploads\/2023\/05\/10231647\/stf-supremo-tribunal-federal-foto-fabio-rodrigues-pozzebom-abr.jpg\" alt=\"Supremo Tribunal Federal (STF)\"><figcaption>Foto: Fabio Rodrigues-Pozzebom\/ Ag\u00eancia Brasil<\/figcaption><\/figure>\n<\/div>\n<p>Por 8 a 3, corte declarou Artigo 19 do Marco Civil inconstitucional<\/p><\/div>\n","protected":false},"author":1,"featured_media":91213,"comment_status":"closed","ping_status":"closed","sticky":false,"template":"","format":"gallery","meta":{"footnotes":""},"categories":[8,9,6,57,56,10],"tags":[],"class_list":["post-91212","post","type-post","status-publish","format-gallery","has-post-thumbnail","hentry","category-bahia","category-brasil","category-feira-de-santana","category-mundo","category-policia","category-politica","post_format-post-format-gallery"],"featured_image_urls":{"full":["https:\/\/noticiasbahia360.com.br\/wp-content\/uploads\/2025\/06\/stf-supremo-tribunal-federal-foto-fabio-rodrigues-pozzebom-abr.jpg",640,383,false],"thumbnail":["https:\/\/noticiasbahia360.com.br\/wp-content\/uploads\/2025\/06\/stf-supremo-tribunal-federal-foto-fabio-rodrigues-pozzebom-abr-150x150.jpg",150,150,true],"medium":["https:\/\/noticiasbahia360.com.br\/wp-content\/uploads\/2025\/06\/stf-supremo-tribunal-federal-foto-fabio-rodrigues-pozzebom-abr-300x180.jpg",300,180,true],"medium_large":["https:\/\/noticiasbahia360.com.br\/wp-content\/uploads\/2025\/06\/stf-supremo-tribunal-federal-foto-fabio-rodrigues-pozzebom-abr.jpg",640,383,false],"large":["https:\/\/noticiasbahia360.com.br\/wp-content\/uploads\/2025\/06\/stf-supremo-tribunal-federal-foto-fabio-rodrigues-pozzebom-abr.jpg",640,383,false],"1536x1536":["https:\/\/noticiasbahia360.com.br\/wp-content\/uploads\/2025\/06\/stf-supremo-tribunal-federal-foto-fabio-rodrigues-pozzebom-abr.jpg",640,383,false],"2048x2048":["https:\/\/noticiasbahia360.com.br\/wp-content\/uploads\/2025\/06\/stf-supremo-tribunal-federal-foto-fabio-rodrigues-pozzebom-abr.jpg",640,383,false],"chromenews-featured":["https:\/\/noticiasbahia360.com.br\/wp-content\/uploads\/2025\/06\/stf-supremo-tribunal-federal-foto-fabio-rodrigues-pozzebom-abr.jpg",640,383,false],"chromenews-large":["https:\/\/noticiasbahia360.com.br\/wp-content\/uploads\/2025\/06\/stf-supremo-tribunal-federal-foto-fabio-rodrigues-pozzebom-abr.jpg",640,383,false],"chromenews-medium":["https:\/\/noticiasbahia360.com.br\/wp-content\/uploads\/2025\/06\/stf-supremo-tribunal-federal-foto-fabio-rodrigues-pozzebom-abr-590x383.jpg",590,383,true]},"author_info":{"display_name":"noticiasbahia360.com.br","author_link":"https:\/\/noticiasbahia360.com.br\/?author=1"},"category_info":"<a href=\"https:\/\/noticiasbahia360.com.br\/?cat=8\" rel=\"category\">Bahia<\/a> <a href=\"https:\/\/noticiasbahia360.com.br\/?cat=9\" rel=\"category\">Brasil<\/a> <a href=\"https:\/\/noticiasbahia360.com.br\/?cat=6\" rel=\"category\">Feira de Santana<\/a> <a href=\"https:\/\/noticiasbahia360.com.br\/?cat=57\" rel=\"category\">Mundo<\/a> <a href=\"https:\/\/noticiasbahia360.com.br\/?cat=56\" rel=\"category\">Pol\u00edcia<\/a> <a href=\"https:\/\/noticiasbahia360.com.br\/?cat=10\" rel=\"category\">Pol\u00edtica<\/a>","tag_info":"Pol\u00edtica","comment_count":"0","_links":{"self":[{"href":"https:\/\/noticiasbahia360.com.br\/index.php?rest_route=\/wp\/v2\/posts\/91212","targetHints":{"allow":["GET"]}}],"collection":[{"href":"https:\/\/noticiasbahia360.com.br\/index.php?rest_route=\/wp\/v2\/posts"}],"about":[{"href":"https:\/\/noticiasbahia360.com.br\/index.php?rest_route=\/wp\/v2\/types\/post"}],"author":[{"embeddable":true,"href":"https:\/\/noticiasbahia360.com.br\/index.php?rest_route=\/wp\/v2\/users\/1"}],"replies":[{"embeddable":true,"href":"https:\/\/noticiasbahia360.com.br\/index.php?rest_route=%2Fwp%2Fv2%2Fcomments&post=91212"}],"version-history":[{"count":0,"href":"https:\/\/noticiasbahia360.com.br\/index.php?rest_route=\/wp\/v2\/posts\/91212\/revisions"}],"wp:featuredmedia":[{"embeddable":true,"href":"https:\/\/noticiasbahia360.com.br\/index.php?rest_route=\/wp\/v2\/media\/91213"}],"wp:attachment":[{"href":"https:\/\/noticiasbahia360.com.br\/index.php?rest_route=%2Fwp%2Fv2%2Fmedia&parent=91212"}],"wp:term":[{"taxonomy":"category","embeddable":true,"href":"https:\/\/noticiasbahia360.com.br\/index.php?rest_route=%2Fwp%2Fv2%2Fcategories&post=91212"},{"taxonomy":"post_tag","embeddable":true,"href":"https:\/\/noticiasbahia360.com.br\/index.php?rest_route=%2Fwp%2Fv2%2Ftags&post=91212"}],"curies":[{"name":"wp","href":"https:\/\/api.w.org\/{rel}","templated":true}]}}