{"id":91214,"date":"2025-06-26T19:08:34","date_gmt":"2025-06-26T22:08:34","guid":{"rendered":"https:\/\/noticiasbahia360.com.br\/?p=91214"},"modified":"2025-06-26T19:08:34","modified_gmt":"2025-06-26T22:08:34","slug":"criterios-de-gratificacao-para-diretor-e-vice-escolar-sofrem-mudancas","status":"publish","type":"post","link":"https:\/\/noticiasbahia360.com.br\/?p=91214","title":{"rendered":"Crit\u00e9rios de gratifica\u00e7\u00e3o para diretor e vice escolar sofrem mudan\u00e7as"},"content":{"rendered":"<div>\n<div>\n<figure><img decoding=\"async\" src=\"http:\/\/noticiasbahia360.com.br\/wp-content\/uploads\/2025\/06\/Inauguracao-Escola-Municipal-Jose-Raimundo-Pereira-de-Azevedo-sala-de-aula-ft-paulo-jose-acorda-cidade4.jpg\" alt=\"Inaugura\u00e7\u00e3o Escola Municipal Jos\u00e9 Raimundo Pereira de Azevedo - sala de aula gratifica\u00e7\u00e3o professor\"><figcaption>Foto: Paulo Jos\u00e9\/Acorda Cidade<\/figcaption><\/figure>\n<\/div>\n<p>As regras para gratifica\u00e7\u00e3o dos profissionais que assumem as fun\u00e7\u00f5es de diretores e vice-diretores de escolas municipais e\/ ou conveniadas v\u00e3o sofrer mudan\u00e7as. A <a href=\"https:\/\/www.acordacidade.com.br\/tag\/camara-municipal\/\">C\u00e2mara <\/a>aprovou besta quinta (26) projeto de lei do Poder Executivo alterando a tipologia da unidade escolar, que determinar\u00e1 os percentuais da Fun\u00e7\u00e3o Gratificada em Educa\u00e7\u00e3o (FGE).<\/p>\n<p>Para o diretor que exer\u00e7a a fun\u00e7\u00e3o em escola que tenha a partir de 901 <a href=\"https:\/\/www.acordacidade.com.br\/tag\/alunos\/\">alunos <\/a>matriculados em tempo parcial e a partir de 451 em tempo integral, a gratifica\u00e7\u00e3o ser\u00e1 o correspondente a 40% (quarenta por cento) do vencimento atribu\u00eddo ao professor de acordo com o n\u00edvel e refer\u00eancia; para o que desempenha o cargo em escola que tenha de 501 at\u00e9 900 alunos matriculados em tempo parcial, e at\u00e9 450 em tempo integral, ser\u00e1 de 35% (trinta e cinco por cento); o que atua em escola de at\u00e9 500 alunos em tempo parcial, ser\u00e1 de 30% (trinta por cento).<\/p>\n<p>J\u00e1 o vice-diretor que exerce a fun\u00e7\u00e3o em escola que tenha a partir de 901 alunos matriculados em tempo parcial, e a partir de 451 em tempo integral, a gratifica\u00e7\u00e3o ser\u00e1 de 30% (trinta por cento); na escola de 501 at\u00e9 900 alunos matriculados em tempo parcial, e at\u00e9 450 em tempo integral, 25% (vinte e cinco por cento), e o atuante em unidade escolar de at\u00e9 500 alunos em tempo parcial, 20 % (vinte por cento).<\/p>\n<p>A gratifica\u00e7\u00e3o por fun\u00e7\u00e3o de coordena\u00e7\u00e3o pedag\u00f3gica, destinada ao professor ou especialista em educa\u00e7\u00e3o e os profissionais que estejam participando de projetos especiais de educa\u00e7\u00e3o, ser\u00e1 de 15 % (quinze por cento).<\/p>\n<p>A Secretaria Municipal de <a href=\"https:\/\/www.acordacidade.com.br\/educacao\/\">Educa\u00e7\u00e3o <\/a>estabelecer\u00e1 crit\u00e9rios para a avalia\u00e7\u00e3o de m\u00e9rito e desempenho dos professores ou especialistas em educa\u00e7\u00e3o ocupantes das fun\u00e7\u00f5es de diretor e vice. Esta ser\u00e1 sistematizada em uma escala de 01 a 10 pontos, com base a indicadores espec\u00edficos e ter\u00e1 como objetivo determinar se o profissional poder\u00e1 ser reconduzido ao cargo.<\/p>\n<p>Para a recondu\u00e7\u00e3o ser\u00e1 considerada uma m\u00e9dia m\u00ednima de 8 pontos. Fazem parte do barema a taxa de evas\u00e3o escolar (0,5 ponto); taxa de repet\u00eancia (0,5 ponto); indicadores de aprendizagem (1,0 ponto); elabora\u00e7\u00e3o, execu\u00e7\u00e3o e monitoramento de Plano de Desenvolvimento da Escola (0,5 ponto); organiza\u00e7\u00e3o e execu\u00e7\u00e3o do Projeto- Pedag\u00f3gico (0,5 ponto); conserva\u00e7\u00e3o e uso adequado de patrim\u00f4nio p\u00fablico escolar (0,5 ponto); assiduidade e pontualidade dos professores e demais servidores da unidade (0,5 ponto); cumprimento do calend\u00e1rio e jornada escolar (1,0 ponto).<\/p>\n<p>E mais: relacionamento com a comunidade escolar (0,5 ponto); participa\u00e7\u00e3o em forma\u00e7\u00f5es continuadas, promovidas pela rede e implementa\u00e7\u00e3o das orienta\u00e7\u00f5es pedag\u00f3gicas (0,5 ponto); ado\u00e7\u00e3o de estrat\u00e9gias para equidade e inclus\u00e3o (0,5 ponto); efici\u00eancia na gest\u00e3o dos recursos materiais, financeiros e humanos dispon\u00edveis (1,0 ponto); cumprimento das determina\u00e7\u00f5es legais e orienta\u00e7\u00f5es da Seduc (1,0 ponto); capacidade de lideran\u00e7a, escuta e resolu\u00e7\u00e3o de conflitos (0,5 ponto) e presta\u00e7\u00e3o de contas dentro dos prazos estabelecidos (1,0 ponto).<\/p>\n<p><em>Siga o Acorda Cidade no<\/em><a href=\"https:\/\/news.google.com\/search?q=acorda%20cidade&amp;hl=pt-BR&amp;gl=BR&amp;ceid=BR%3Apt-419\"><strong><em>\u00a0Google Not\u00edcias<\/em><\/strong><\/a><em>\u00a0e receba os principais destaques do dia. Participe tamb\u00e9m dos nossos canais no\u00a0<\/em><a href=\"https:\/\/www.whatsapp.com\/channel\/0029Va6Rb4v3WHTNnsh8WI3N\"><strong><em>WhatsApp<\/em><\/strong><\/a><em>\u00a0e\u00a0<\/em><a href=\"https:\/\/www.youtube.com\/@acordacidadenoticias\/videos\"><strong>YouTube<\/strong><\/a><em>\u00a0e do grupo no\u00a0<\/em><a href=\"https:\/\/t.me\/+sSz0khrgARA0ZmRh\"><strong><em>Telegram<\/em><\/strong><\/a><a href=\"https:\/\/www.acordacidade.com.br\/colunas\/dilton-e-feito\/\"><\/a><\/p>\n<\/div>\n","protected":false},"excerpt":{"rendered":"<div>\n<div>\n<figure><img decoding=\"async\" src=\"https:\/\/uploads.acordacidade.com.br\/wp-content\/uploads\/2024\/02\/19110435\/Inauguracao-Escola-Municipal-Jose-Raimundo-Pereira-de-Azevedo-sala-de-aula-ft-paulo-jose-acorda-cidade4.jpg\" alt=\"Inaugura\u00e7\u00e3o Escola Municipal Jos\u00e9 Raimundo Pereira de Azevedo - sala de aula gratifica\u00e7\u00e3o professor\"><figcaption>Foto: Paulo Jos\u00e9\/Acorda Cidade<\/figcaption><\/figure>\n<\/div>\n<p>A Secretaria Municipal de Educa\u00e7\u00e3o estabelecer\u00e1 crit\u00e9rios para a avalia\u00e7\u00e3o de m\u00e9rito e desempenho dos professores ou especialistas em educa\u00e7\u00e3o ocupantes das fun\u00e7\u00f5es de diretor e vice.<\/p><\/div>\n","protected":false},"author":1,"featured_media":91215,"comment_status":"closed","ping_status":"closed","sticky":false,"template":"","format":"gallery","meta":{"footnotes":""},"categories":[8,9,6,57,56,10],"tags":[],"class_list":["post-91214","post","type-post","status-publish","format-gallery","has-post-thumbnail","hentry","category-bahia","category-brasil","category-feira-de-santana","category-mundo","category-policia","category-politica","post_format-post-format-gallery"],"featured_image_urls":{"full":["https:\/\/noticiasbahia360.com.br\/wp-content\/uploads\/2025\/06\/Inauguracao-Escola-Municipal-Jose-Raimundo-Pereira-de-Azevedo-sala-de-aula-ft-paulo-jose-acorda-cidade4.jpg",640,288,false],"thumbnail":["https:\/\/noticiasbahia360.com.br\/wp-content\/uploads\/2025\/06\/Inauguracao-Escola-Municipal-Jose-Raimundo-Pereira-de-Azevedo-sala-de-aula-ft-paulo-jose-acorda-cidade4-150x150.jpg",150,150,true],"medium":["https:\/\/noticiasbahia360.com.br\/wp-content\/uploads\/2025\/06\/Inauguracao-Escola-Municipal-Jose-Raimundo-Pereira-de-Azevedo-sala-de-aula-ft-paulo-jose-acorda-cidade4-300x135.jpg",300,135,true],"medium_large":["https:\/\/noticiasbahia360.com.br\/wp-content\/uploads\/2025\/06\/Inauguracao-Escola-Municipal-Jose-Raimundo-Pereira-de-Azevedo-sala-de-aula-ft-paulo-jose-acorda-cidade4.jpg",640,288,false],"large":["https:\/\/noticiasbahia360.com.br\/wp-content\/uploads\/2025\/06\/Inauguracao-Escola-Municipal-Jose-Raimundo-Pereira-de-Azevedo-sala-de-aula-ft-paulo-jose-acorda-cidade4.jpg",640,288,false],"1536x1536":["https:\/\/noticiasbahia360.com.br\/wp-content\/uploads\/2025\/06\/Inauguracao-Escola-Municipal-Jose-Raimundo-Pereira-de-Azevedo-sala-de-aula-ft-paulo-jose-acorda-cidade4.jpg",640,288,false],"2048x2048":["https:\/\/noticiasbahia360.com.br\/wp-content\/uploads\/2025\/06\/Inauguracao-Escola-Municipal-Jose-Raimundo-Pereira-de-Azevedo-sala-de-aula-ft-paulo-jose-acorda-cidade4.jpg",640,288,false],"chromenews-featured":["https:\/\/noticiasbahia360.com.br\/wp-content\/uploads\/2025\/06\/Inauguracao-Escola-Municipal-Jose-Raimundo-Pereira-de-Azevedo-sala-de-aula-ft-paulo-jose-acorda-cidade4.jpg",640,288,false],"chromenews-large":["https:\/\/noticiasbahia360.com.br\/wp-content\/uploads\/2025\/06\/Inauguracao-Escola-Municipal-Jose-Raimundo-Pereira-de-Azevedo-sala-de-aula-ft-paulo-jose-acorda-cidade4.jpg",640,288,false],"chromenews-medium":["https:\/\/noticiasbahia360.com.br\/wp-content\/uploads\/2025\/06\/Inauguracao-Escola-Municipal-Jose-Raimundo-Pereira-de-Azevedo-sala-de-aula-ft-paulo-jose-acorda-cidade4-590x288.jpg",590,288,true]},"author_info":{"display_name":"noticiasbahia360.com.br","author_link":"https:\/\/noticiasbahia360.com.br\/?author=1"},"category_info":"<a href=\"https:\/\/noticiasbahia360.com.br\/?cat=8\" rel=\"category\">Bahia<\/a> <a href=\"https:\/\/noticiasbahia360.com.br\/?cat=9\" rel=\"category\">Brasil<\/a> <a href=\"https:\/\/noticiasbahia360.com.br\/?cat=6\" rel=\"category\">Feira de Santana<\/a> <a href=\"https:\/\/noticiasbahia360.com.br\/?cat=57\" rel=\"category\">Mundo<\/a> <a href=\"https:\/\/noticiasbahia360.com.br\/?cat=56\" rel=\"category\">Pol\u00edcia<\/a> <a href=\"https:\/\/noticiasbahia360.com.br\/?cat=10\" rel=\"category\">Pol\u00edtica<\/a>","tag_info":"Pol\u00edtica","comment_count":"0","_links":{"self":[{"href":"https:\/\/noticiasbahia360.com.br\/index.php?rest_route=\/wp\/v2\/posts\/91214","targetHints":{"allow":["GET"]}}],"collection":[{"href":"https:\/\/noticiasbahia360.com.br\/index.php?rest_route=\/wp\/v2\/posts"}],"about":[{"href":"https:\/\/noticiasbahia360.com.br\/index.php?rest_route=\/wp\/v2\/types\/post"}],"author":[{"embeddable":true,"href":"https:\/\/noticiasbahia360.com.br\/index.php?rest_route=\/wp\/v2\/users\/1"}],"replies":[{"embeddable":true,"href":"https:\/\/noticiasbahia360.com.br\/index.php?rest_route=%2Fwp%2Fv2%2Fcomments&post=91214"}],"version-history":[{"count":0,"href":"https:\/\/noticiasbahia360.com.br\/index.php?rest_route=\/wp\/v2\/posts\/91214\/revisions"}],"wp:featuredmedia":[{"embeddable":true,"href":"https:\/\/noticiasbahia360.com.br\/index.php?rest_route=\/wp\/v2\/media\/91215"}],"wp:attachment":[{"href":"https:\/\/noticiasbahia360.com.br\/index.php?rest_route=%2Fwp%2Fv2%2Fmedia&parent=91214"}],"wp:term":[{"taxonomy":"category","embeddable":true,"href":"https:\/\/noticiasbahia360.com.br\/index.php?rest_route=%2Fwp%2Fv2%2Fcategories&post=91214"},{"taxonomy":"post_tag","embeddable":true,"href":"https:\/\/noticiasbahia360.com.br\/index.php?rest_route=%2Fwp%2Fv2%2Ftags&post=91214"}],"curies":[{"name":"wp","href":"https:\/\/api.w.org\/{rel}","templated":true}]}}