{"id":91216,"date":"2025-06-26T19:26:14","date_gmt":"2025-06-26T22:26:14","guid":{"rendered":"https:\/\/noticiasbahia360.com.br\/?p=91216"},"modified":"2025-06-26T19:26:14","modified_gmt":"2025-06-26T22:26:14","slug":"policia-civil-prende-homem-por-trafico-de-drogas-e-posse-ilegal-de-arma-de-fogo","status":"publish","type":"post","link":"https:\/\/noticiasbahia360.com.br\/?p=91216","title":{"rendered":"Pol\u00edcia Civil prende homem por tr\u00e1fico de drogas e posse ilegal de arma de fogo"},"content":{"rendered":"<div>\n<div>\n<figure><img decoding=\"async\" src=\"http:\/\/noticiasbahia360.com.br\/wp-content\/uploads\/2025\/06\/Policia-Civil-prende-homem-por-trafico-de-drogas-e-posse-ilegal-de-arma-de-fogo.jpg\" alt=\"Pol\u00edcia Civil prende homem por tr\u00e1fico de drogas e posse ilegal de arma de fogo\"><figcaption>Foto: Pol\u00edcia Civil <\/figcaption><\/figure>\n<\/div>\n<p>A <a href=\"https:\/\/www.acordacidade.com.br\/tag\/policia-civil\/\">Pol\u00edcia Civil<\/a> da Bahia, por meio da 9\u00aa Delegacia de T\u00f3xicos e Entorpecentes (DTE) de Feira de Santana, realizou uma opera\u00e7\u00e3o direcionada ao combate ao tr\u00e1fico de drogas e armas de fogo, na manh\u00e3 desta quinta-feira (26), como parte das a\u00e7\u00f5es da Opera\u00e7\u00e3o Narke, coordenada pelo Minist\u00e9rio da Justi\u00e7a e Seguran\u00e7a P\u00fablica. A a\u00e7\u00e3o marcou tamb\u00e9m o Dia Internacional de Combate \u00e0s <a href=\"https:\/\/www.acordacidade.com.br\/tag\/drogas\/\">Drogas<\/a>, refor\u00e7ando o compromisso da institui\u00e7\u00e3o no enfrentamento ao crime organizado.<\/p>\n<p>As equipes da 9\u00aa DTE, ap\u00f3s receberem informa\u00e7\u00f5es sobre a atua\u00e7\u00e3o de um homem envolvido nos crimes de tr\u00e1fico de drogas e posse ilegal de arma de fogo em <a href=\"https:\/\/www.acordacidade.com.br\/feira-de-santana\/\">Feira de Santana<\/a>, deram in\u00edcio a uma s\u00e9rie de dilig\u00eancias para investigar os fatos. Durante a opera\u00e7\u00e3o, ao perceber a presen\u00e7a policial, o suspeito tentou fugir, mas foi alcan\u00e7ado e preso.<\/p>\n<p><strong>Com o indiv\u00edduo, foram apreendidos diversos materiais il\u00edcitos, incluindo:<\/strong><\/p>\n<ul class=\"wp-block-list\">\n<li>4 kg de <a href=\"https:\/\/www.acordacidade.com.br\/tag\/cocaina\/\">coca\u00edna<\/a>;<\/li>\n<li>600 g de crack;<\/li>\n<li>3 por\u00e7\u00f5es de <a href=\"https:\/\/www.acordacidade.com.br\/tag\/maconha\/\">maconha<\/a>;<\/li>\n<li>1 pistola calibre .380;<\/li>\n<li>7 muni\u00e7\u00f5es calibre .380;<\/li>\n<li>1 carregador de pistola;<\/li>\n<li>4 balan\u00e7as de precis\u00e3o;<\/li>\n<li>Diversos apetrechos usados para fracionamento e embalagem de entorpecentes.<\/li>\n<\/ul>\n<p>A opera\u00e7\u00e3o resultou na pris\u00e3o em flagrante do suspeito pelos crimes de <a href=\"https:\/\/www.acordacidade.com.br\/tag\/trafico-de-drogas\/\">tr\u00e1fico de drogas<\/a> e posse ilegal de arma de fogo de uso permitido. O material apreendido representa um preju\u00edzo estimado em mais de R$ 225.000,00 ao crime organizado.<\/p>\n<p>De acordo com a Pol\u00edcia Civil, o preso foi submetido aos exames de praxe e j\u00e1 se encontra \u00e0 disposi\u00e7\u00e3o do Poder Judici\u00e1rio. <\/p>\n<p><em>Siga o Acorda Cidade no<\/em><a href=\"https:\/\/news.google.com\/search?q=acorda%20cidade&amp;hl=pt-BR&amp;gl=BR&amp;ceid=BR%3Apt-419\"><strong><em>\u00a0Google Not\u00edcias<\/em><\/strong><\/a><em>\u00a0e receba os principais destaques do dia. Participe tamb\u00e9m dos nossos canais no\u00a0<\/em><a href=\"https:\/\/www.whatsapp.com\/channel\/0029Va6Rb4v3WHTNnsh8WI3N\"><strong><em>WhatsApp<\/em><\/strong><\/a><em>\u00a0e\u00a0<\/em><a href=\"https:\/\/www.youtube.com\/@acordacidadenoticias\/videos\"><strong>YouTube<\/strong><\/a><em>\u00a0e do grupo no\u00a0<\/em><a href=\"https:\/\/t.me\/+sSz0khrgARA0ZmRh\"><strong><em>Telegram<\/em><\/strong><\/a><a href=\"https:\/\/www.acordacidade.com.br\/colunas\/dilton-e-feito\/\"><\/a><\/p>\n<\/div>\n","protected":false},"excerpt":{"rendered":"<div>\n<div>\n<figure><img decoding=\"async\" src=\"https:\/\/uploads.acordacidade.com.br\/2025\/06\/Policia-Civil-prende-homem-por-trafico-de-drogas-e-posse-ilegal-de-arma-de-fogo.jpg\" alt=\"Pol\u00edcia Civil prende homem por tr\u00e1fico de drogas e posse ilegal de arma de fogo\"><figcaption>Foto: Pol\u00edcia Civil <\/figcaption><\/figure>\n<\/div>\n<p>A a\u00e7\u00e3o marcou o Dia Internacional de Combate \u00e0s Drogas, refor\u00e7ando o compromisso da institui\u00e7\u00e3o no enfrentamento ao crime organizado.<\/p><\/div>\n","protected":false},"author":1,"featured_media":91217,"comment_status":"closed","ping_status":"closed","sticky":false,"template":"","format":"gallery","meta":{"footnotes":""},"categories":[8,9,6,57,56,10],"tags":[],"class_list":["post-91216","post","type-post","status-publish","format-gallery","has-post-thumbnail","hentry","category-bahia","category-brasil","category-feira-de-santana","category-mundo","category-policia","category-politica","post_format-post-format-gallery"],"featured_image_urls":{"full":["https:\/\/noticiasbahia360.com.br\/wp-content\/uploads\/2025\/06\/Policia-Civil-prende-homem-por-trafico-de-drogas-e-posse-ilegal-de-arma-de-fogo.jpg",1200,901,false],"thumbnail":["https:\/\/noticiasbahia360.com.br\/wp-content\/uploads\/2025\/06\/Policia-Civil-prende-homem-por-trafico-de-drogas-e-posse-ilegal-de-arma-de-fogo-150x150.jpg",150,150,true],"medium":["https:\/\/noticiasbahia360.com.br\/wp-content\/uploads\/2025\/06\/Policia-Civil-prende-homem-por-trafico-de-drogas-e-posse-ilegal-de-arma-de-fogo-300x225.jpg",300,225,true],"medium_large":["https:\/\/noticiasbahia360.com.br\/wp-content\/uploads\/2025\/06\/Policia-Civil-prende-homem-por-trafico-de-drogas-e-posse-ilegal-de-arma-de-fogo-768x577.jpg",640,481,true],"large":["https:\/\/noticiasbahia360.com.br\/wp-content\/uploads\/2025\/06\/Policia-Civil-prende-homem-por-trafico-de-drogas-e-posse-ilegal-de-arma-de-fogo-1024x769.jpg",640,481,true],"1536x1536":["https:\/\/noticiasbahia360.com.br\/wp-content\/uploads\/2025\/06\/Policia-Civil-prende-homem-por-trafico-de-drogas-e-posse-ilegal-de-arma-de-fogo.jpg",1200,901,false],"2048x2048":["https:\/\/noticiasbahia360.com.br\/wp-content\/uploads\/2025\/06\/Policia-Civil-prende-homem-por-trafico-de-drogas-e-posse-ilegal-de-arma-de-fogo.jpg",1200,901,false],"chromenews-featured":["https:\/\/noticiasbahia360.com.br\/wp-content\/uploads\/2025\/06\/Policia-Civil-prende-homem-por-trafico-de-drogas-e-posse-ilegal-de-arma-de-fogo-1024x769.jpg",1024,769,true],"chromenews-large":["https:\/\/noticiasbahia360.com.br\/wp-content\/uploads\/2025\/06\/Policia-Civil-prende-homem-por-trafico-de-drogas-e-posse-ilegal-de-arma-de-fogo-825x575.jpg",825,575,true],"chromenews-medium":["https:\/\/noticiasbahia360.com.br\/wp-content\/uploads\/2025\/06\/Policia-Civil-prende-homem-por-trafico-de-drogas-e-posse-ilegal-de-arma-de-fogo-590x410.jpg",590,410,true]},"author_info":{"display_name":"noticiasbahia360.com.br","author_link":"https:\/\/noticiasbahia360.com.br\/?author=1"},"category_info":"<a href=\"https:\/\/noticiasbahia360.com.br\/?cat=8\" rel=\"category\">Bahia<\/a> <a href=\"https:\/\/noticiasbahia360.com.br\/?cat=9\" rel=\"category\">Brasil<\/a> <a href=\"https:\/\/noticiasbahia360.com.br\/?cat=6\" rel=\"category\">Feira de Santana<\/a> <a href=\"https:\/\/noticiasbahia360.com.br\/?cat=57\" rel=\"category\">Mundo<\/a> <a href=\"https:\/\/noticiasbahia360.com.br\/?cat=56\" rel=\"category\">Pol\u00edcia<\/a> <a href=\"https:\/\/noticiasbahia360.com.br\/?cat=10\" rel=\"category\">Pol\u00edtica<\/a>","tag_info":"Pol\u00edtica","comment_count":"0","_links":{"self":[{"href":"https:\/\/noticiasbahia360.com.br\/index.php?rest_route=\/wp\/v2\/posts\/91216","targetHints":{"allow":["GET"]}}],"collection":[{"href":"https:\/\/noticiasbahia360.com.br\/index.php?rest_route=\/wp\/v2\/posts"}],"about":[{"href":"https:\/\/noticiasbahia360.com.br\/index.php?rest_route=\/wp\/v2\/types\/post"}],"author":[{"embeddable":true,"href":"https:\/\/noticiasbahia360.com.br\/index.php?rest_route=\/wp\/v2\/users\/1"}],"replies":[{"embeddable":true,"href":"https:\/\/noticiasbahia360.com.br\/index.php?rest_route=%2Fwp%2Fv2%2Fcomments&post=91216"}],"version-history":[{"count":0,"href":"https:\/\/noticiasbahia360.com.br\/index.php?rest_route=\/wp\/v2\/posts\/91216\/revisions"}],"wp:featuredmedia":[{"embeddable":true,"href":"https:\/\/noticiasbahia360.com.br\/index.php?rest_route=\/wp\/v2\/media\/91217"}],"wp:attachment":[{"href":"https:\/\/noticiasbahia360.com.br\/index.php?rest_route=%2Fwp%2Fv2%2Fmedia&parent=91216"}],"wp:term":[{"taxonomy":"category","embeddable":true,"href":"https:\/\/noticiasbahia360.com.br\/index.php?rest_route=%2Fwp%2Fv2%2Fcategories&post=91216"},{"taxonomy":"post_tag","embeddable":true,"href":"https:\/\/noticiasbahia360.com.br\/index.php?rest_route=%2Fwp%2Fv2%2Ftags&post=91216"}],"curies":[{"name":"wp","href":"https:\/\/api.w.org\/{rel}","templated":true}]}}