{"id":91218,"date":"2025-06-26T19:26:19","date_gmt":"2025-06-26T22:26:19","guid":{"rendered":"https:\/\/noticiasbahia360.com.br\/?p=91218"},"modified":"2025-06-26T19:26:19","modified_gmt":"2025-06-26T22:26:19","slug":"acao-social-marca-dia-nacional-do-diabetes-em-feira-de-santana","status":"publish","type":"post","link":"https:\/\/noticiasbahia360.com.br\/?p=91218","title":{"rendered":"A\u00e7\u00e3o social marca Dia Nacional do Diabetes em Feira de Santana"},"content":{"rendered":"<div>\n<div>\n<figure><img decoding=\"async\" src=\"http:\/\/noticiasbahia360.com.br\/wp-content\/uploads\/2025\/06\/acao-cadh-dia-combate-a-diabtes-foto-ney-silva-acorda-cidade-1.jpeg\" alt=\"diabetes\"><figcaption>Foto: Ney Silva \/ Acorda Cidade <\/figcaption><\/figure>\n<\/div>\n<div class=\"wp-block-group\">\n<div class=\"wp-block-group__inner-container is-layout-constrained wp-block-group-is-layout-constrained\">\n<p>Durante todo o dia desta quinta-feira (26), o Centro de Aten\u00e7\u00e3o ao Diab\u00e9tico e Hipertenso (Cadh), em Feira de Santana, realizou uma programa\u00e7\u00e3o especial em alus\u00e3o ao Dia Nacional do <a href=\"https:\/\/www.acordacidade.com.br\/tag\/diabetes\/\">Diabetes<\/a>. A programa\u00e7\u00e3o contou com rastreamento para o tipo 2 da doen\u00e7a, aferi\u00e7\u00e3o de press\u00e3o arterial, teste de glicemia, avalia\u00e7\u00e3o de IMC, medi\u00e7\u00e3o da circunfer\u00eancia abdominal e vacina\u00e7\u00e3o.<\/p>\n<p>A equipe do Programa de Humaniza\u00e7\u00e3o da Secretaria Municipal de Sa\u00fade tamb\u00e9m participou com atividades educativas na sala de espera, abordando o tema \u201c<strong>Diabetes: Mais Controle, Mais Sa\u00fade, Mais Vida\u201d<\/strong>. A a\u00e7\u00e3o ainda contou com sorteios de brindes para os participantes.<\/p>\n<figure class=\"wp-block-image size-large\"><img fetchpriority=\"high\" data-dominant-color=\"a1a5a9\" data-has-transparency=\"false\" style=\"--dominant-color: #a1a5a9;\" fetchpriority=\"high\" decoding=\"async\" width=\"1024\" height=\"768\" sizes=\"(max-width: 1024px) 100vw, 1024px\" src=\"http:\/\/noticiasbahia360.com.br\/wp-content\/uploads\/2025\/06\/JdZJcoLi-Isabela-Liborio-acao-cadh-dia-combate-a-diabtes-foto-ney-silva-acorda-cidade-2-1024x768-1.webp\" alt=\"\" class=\"wp-image-569465 not-transparent\" srcset=\"https:\/\/uploads.acordacidade.com.br\/2025\/06\/JdZJcoLi-Isabela-Liborio-acao-cadh-dia-combate-a-diabtes-foto-ney-silva-acorda-cidade-2-487x365.webp 487w, http:\/\/noticiasbahia360.com.br\/wp-content\/uploads\/2025\/06\/JdZJcoLi-Isabela-Liborio-acao-cadh-dia-combate-a-diabtes-foto-ney-silva-acorda-cidade-2-1024x768-1.webp 1024w, https:\/\/uploads.acordacidade.com.br\/2025\/06\/JdZJcoLi-Isabela-Liborio-acao-cadh-dia-combate-a-diabtes-foto-ney-silva-acorda-cidade-2-737x553.webp 737w, https:\/\/uploads.acordacidade.com.br\/2025\/06\/JdZJcoLi-Isabela-Liborio-acao-cadh-dia-combate-a-diabtes-foto-ney-silva-acorda-cidade-2-1536x1152.webp 1536w, https:\/\/uploads.acordacidade.com.br\/2025\/06\/JdZJcoLi-Isabela-Liborio-acao-cadh-dia-combate-a-diabtes-foto-ney-silva-acorda-cidade-2-150x113.webp 150w, https:\/\/uploads.acordacidade.com.br\/2025\/06\/JdZJcoLi-Isabela-Liborio-acao-cadh-dia-combate-a-diabtes-foto-ney-silva-acorda-cidade-2.webp 1600w\"><figcaption class=\"wp-element-caption\">Isabela Lib\u00f3rio, enfermeira | Foto: Ney Silva \/ Acorda Cidade <\/figcaption><\/figure>\n<p>\u201cEstamos aqui promovendo para os nossos pacientes, tamb\u00e9m informa\u00e7\u00e3o, que \u00e9 importante, \u00e9 a base de tudo, atrav\u00e9s de palestras. Ent\u00e3o, estamos aqui comemorando esse Dia Nacional do Diabetes, o dia todo, tanto para pacientes quanto para seus familiares. \u00c9 um dia realmente para acolher e trazer mais informa\u00e7\u00f5es para quem mais precisa\u201d, disse a enfermeira Isabela Lib\u00f3rio.<\/p>\n<figure class=\"wp-block-image size-large\"><img data-dominant-color=\"757377\" data-has-transparency=\"false\" style=\"--dominant-color: #757377;\" decoding=\"async\" width=\"1024\" height=\"768\" sizes=\"(max-width: 1024px) 100vw, 1024px\" src=\"http:\/\/noticiasbahia360.com.br\/wp-content\/uploads\/2025\/06\/WvKHGtBX-acao-cadh-dia-combate-a-diabtes-foto-ney-silva-acorda-cidade-7-1024x768-1.webp\" alt=\"\" class=\"wp-image-569460 not-transparent\" srcset=\"https:\/\/uploads.acordacidade.com.br\/2025\/06\/WvKHGtBX-acao-cadh-dia-combate-a-diabtes-foto-ney-silva-acorda-cidade-7-487x365.webp 487w, http:\/\/noticiasbahia360.com.br\/wp-content\/uploads\/2025\/06\/WvKHGtBX-acao-cadh-dia-combate-a-diabtes-foto-ney-silva-acorda-cidade-7-1024x768-1.webp 1024w, https:\/\/uploads.acordacidade.com.br\/2025\/06\/WvKHGtBX-acao-cadh-dia-combate-a-diabtes-foto-ney-silva-acorda-cidade-7-737x553.webp 737w, https:\/\/uploads.acordacidade.com.br\/2025\/06\/WvKHGtBX-acao-cadh-dia-combate-a-diabtes-foto-ney-silva-acorda-cidade-7-1536x1152.webp 1536w, https:\/\/uploads.acordacidade.com.br\/2025\/06\/WvKHGtBX-acao-cadh-dia-combate-a-diabtes-foto-ney-silva-acorda-cidade-7-150x113.webp 150w, https:\/\/uploads.acordacidade.com.br\/2025\/06\/WvKHGtBX-acao-cadh-dia-combate-a-diabtes-foto-ney-silva-acorda-cidade-7.webp 1600w\"><figcaption class=\"wp-element-caption\">Foto: Ney Silva \/ Acorda Cidade <\/figcaption><\/figure>\n<\/div>\n<\/div>\n<div class=\"wp-block-group\">\n<div class=\"wp-block-group__inner-container is-layout-constrained wp-block-group-is-layout-constrained\">\n<h3 class=\"wp-block-heading\" id=\"h-boa-alimentacao\">Boa alimenta\u00e7\u00e3o <\/h3>\n<p>Andr\u00e9ia Silva, coordenadora do Cadh, falou sobre a import\u00e2ncia das atividades que foram realizadas durante todo o dia, com foco na efic\u00e1cia de uma boa alimenta\u00e7\u00e3o no combate ao diabetes.<\/p>\n<figure class=\"wp-block-image size-large\"><img data-dominant-color=\"9d9fa4\" data-has-transparency=\"false\" style=\"--dominant-color: #9d9fa4;\" decoding=\"async\" width=\"1024\" height=\"768\" sizes=\"(max-width: 1024px) 100vw, 1024px\" src=\"http:\/\/noticiasbahia360.com.br\/wp-content\/uploads\/2025\/06\/22HhtCAE-Andreia-Silva-acao-cadh-dia-combate-a-diabtes-foto-ney-silva-acorda-cidade-3-1024x768-1.webp\" alt=\"\" class=\"wp-image-569464 not-transparent\" srcset=\"https:\/\/uploads.acordacidade.com.br\/2025\/06\/22HhtCAE-Andreia-Silva-acao-cadh-dia-combate-a-diabtes-foto-ney-silva-acorda-cidade-3-487x365.webp 487w, http:\/\/noticiasbahia360.com.br\/wp-content\/uploads\/2025\/06\/22HhtCAE-Andreia-Silva-acao-cadh-dia-combate-a-diabtes-foto-ney-silva-acorda-cidade-3-1024x768-1.webp 1024w, https:\/\/uploads.acordacidade.com.br\/2025\/06\/22HhtCAE-Andreia-Silva-acao-cadh-dia-combate-a-diabtes-foto-ney-silva-acorda-cidade-3-737x553.webp 737w, https:\/\/uploads.acordacidade.com.br\/2025\/06\/22HhtCAE-Andreia-Silva-acao-cadh-dia-combate-a-diabtes-foto-ney-silva-acorda-cidade-3-1536x1152.webp 1536w, https:\/\/uploads.acordacidade.com.br\/2025\/06\/22HhtCAE-Andreia-Silva-acao-cadh-dia-combate-a-diabtes-foto-ney-silva-acorda-cidade-3-150x113.webp 150w, https:\/\/uploads.acordacidade.com.br\/2025\/06\/22HhtCAE-Andreia-Silva-acao-cadh-dia-combate-a-diabtes-foto-ney-silva-acorda-cidade-3.webp 1600w\"><figcaption class=\"wp-element-caption\">Andr\u00e9ia Silva, coordenadora do Cadh | Foto: Ney SIlva \/ Acorda Cidade <\/figcaption><\/figure>\n<p>\u201cTudo no intuito de sensibilizar a popula\u00e7\u00e3o acerca do diabetes, que hoje \u00e9 um problema de sa\u00fade p\u00fablica mundial, em que nosso pa\u00eds acomete aproximadamente 20 milh\u00f5es de pessoas. Dentro do nosso centro, temos hoje 3.165 pessoas sendo acompanhadas, portadoras de diabetes e suas complica\u00e7\u00f5es. Ent\u00e3o, \u00e9 uma doen\u00e7a que pode ser evitada, e essa a\u00e7\u00e3o veio trazer a promo\u00e7\u00e3o e preven\u00e7\u00e3o de sa\u00fade\u201d, disse.<\/p>\n<p>Andrea contou que os mais de tr\u00eas mil pacientes cadastrados t\u00eam uma rotina de, a cada tr\u00eas meses, retornar \u00e0 unidade para serem atendidos por uma equipe multiprofissional, a fim de avaliar o estado de sa\u00fade de cada um deles. A coordenadora refor\u00e7ou o quanto a alimenta\u00e7\u00e3o representa um divisor de \u00e1guas na vida de pacientes com a doen\u00e7a.<\/p>\n<p>\u201cN\u00f3s realizamos um rastreamento com a verifica\u00e7\u00e3o da glicemia e uma avalia\u00e7\u00e3o cl\u00ednica acerca dos riscos. Entregamos panfletos com informa\u00e7\u00f5es sobre a quest\u00e3o da alimenta\u00e7\u00e3o, com foco na alimenta\u00e7\u00e3o in natura, para evitar os alimentos ultraprocessados, evitar os alimentos com alto teor de s\u00f3dio, carboidratos simples, e optar por uma alimenta\u00e7\u00e3o mais saud\u00e1vel, com frutas, verduras, vegetais integrais, para que tenhamos uma melhor qualidade de vida\u201d, disse Andrea.<\/p>\n<figure class=\"wp-block-image size-large\"><img data-dominant-color=\"a59f9b\" data-has-transparency=\"false\" style=\"--dominant-color: #a59f9b;\" decoding=\"async\" width=\"1024\" height=\"768\" sizes=\"(max-width: 1024px) 100vw, 1024px\" src=\"http:\/\/noticiasbahia360.com.br\/wp-content\/uploads\/2025\/06\/pez7mzwo-Kathllyn-Thaynara-acao-cadh-dia-combate-a-diabtes-foto-ney-silva-acorda-cidade-5-1024x768-1.webp\" alt=\"\" class=\"wp-image-569462 not-transparent\" srcset=\"https:\/\/uploads.acordacidade.com.br\/2025\/06\/pez7mzwo-Kathllyn-Thaynara-acao-cadh-dia-combate-a-diabtes-foto-ney-silva-acorda-cidade-5-487x365.webp 487w, http:\/\/noticiasbahia360.com.br\/wp-content\/uploads\/2025\/06\/pez7mzwo-Kathllyn-Thaynara-acao-cadh-dia-combate-a-diabtes-foto-ney-silva-acorda-cidade-5-1024x768-1.webp 1024w, https:\/\/uploads.acordacidade.com.br\/2025\/06\/pez7mzwo-Kathllyn-Thaynara-acao-cadh-dia-combate-a-diabtes-foto-ney-silva-acorda-cidade-5-737x553.webp 737w, https:\/\/uploads.acordacidade.com.br\/2025\/06\/pez7mzwo-Kathllyn-Thaynara-acao-cadh-dia-combate-a-diabtes-foto-ney-silva-acorda-cidade-5-1536x1152.webp 1536w, https:\/\/uploads.acordacidade.com.br\/2025\/06\/pez7mzwo-Kathllyn-Thaynara-acao-cadh-dia-combate-a-diabtes-foto-ney-silva-acorda-cidade-5-150x113.webp 150w, https:\/\/uploads.acordacidade.com.br\/2025\/06\/pez7mzwo-Kathllyn-Thaynara-acao-cadh-dia-combate-a-diabtes-foto-ney-silva-acorda-cidade-5.webp 1600w\"><figcaption class=\"wp-element-caption\">Kathllyn Thaynara Cerqueira | Foto: Ney Silva \/ Acorda Cidade <\/figcaption><\/figure>\n<p>A nutricionista Kathllyn Thaynara Cerqueira, que tamb\u00e9m estava participando da a\u00e7\u00e3o dando orienta\u00e7\u00f5es, refor\u00e7ou os cuidados alertados pela coordena\u00e7\u00e3o do Cadh. \u201cA boa alimenta\u00e7\u00e3o \u00e9 fundamental para o controle do diabetes. Mantenha a alimenta\u00e7\u00e3o adequada, com carboidratos, prote\u00ednas, gorduras. Quem tem diabetes n\u00e3o pode comer tudo, tem que ter uma alimenta\u00e7\u00e3o controlada. Evitando ao m\u00e1ximo carboidrato simples, farinha, p\u00e3es, biscoitos, beiju, a\u00e7\u00facar, doces e lanches.\u201d<\/p>\n<\/div>\n<\/div>\n<div class=\"wp-block-group\">\n<div class=\"wp-block-group__inner-container is-layout-constrained wp-block-group-is-layout-constrained\">\n<h3 class=\"wp-block-heading\" id=\"h-acompanhamento-medico\">Acompanhamento m\u00e9dico <\/h3>\n<p>A nefrologista Isabel Sento S\u00e9, m\u00e9dica especialista em doen\u00e7as renais e do sistema urin\u00e1rio, falou para o Acorda Cidade sobre a import\u00e2ncia de controlar o diabetes para que a doen\u00e7a n\u00e3o acabe comprometendo o bom funcionamento dos rins.<\/p>\n<figure class=\"wp-block-image size-large\"><img loading=\"lazy\" data-dominant-color=\"a09c9b\" data-has-transparency=\"false\" style=\"--dominant-color: #a09c9b;\" decoding=\"async\" width=\"1024\" height=\"768\" sizes=\"(max-width: 1024px) 100vw, 1024px\" src=\"http:\/\/noticiasbahia360.com.br\/wp-content\/uploads\/2025\/06\/RYgHPXEm-Isabel-Sento-Se-acao-cadh-dia-combate-a-diabtes-foto-ney-silva-acorda-cidade-4-1024x768-1.webp\" alt=\"\" class=\"wp-image-569463 not-transparent\" srcset=\"https:\/\/uploads.acordacidade.com.br\/2025\/06\/RYgHPXEm-Isabel-Sento-Se-acao-cadh-dia-combate-a-diabtes-foto-ney-silva-acorda-cidade-4-487x365.webp 487w, http:\/\/noticiasbahia360.com.br\/wp-content\/uploads\/2025\/06\/RYgHPXEm-Isabel-Sento-Se-acao-cadh-dia-combate-a-diabtes-foto-ney-silva-acorda-cidade-4-1024x768-1.webp 1024w, https:\/\/uploads.acordacidade.com.br\/2025\/06\/RYgHPXEm-Isabel-Sento-Se-acao-cadh-dia-combate-a-diabtes-foto-ney-silva-acorda-cidade-4-737x553.webp 737w, https:\/\/uploads.acordacidade.com.br\/2025\/06\/RYgHPXEm-Isabel-Sento-Se-acao-cadh-dia-combate-a-diabtes-foto-ney-silva-acorda-cidade-4-1536x1152.webp 1536w, https:\/\/uploads.acordacidade.com.br\/2025\/06\/RYgHPXEm-Isabel-Sento-Se-acao-cadh-dia-combate-a-diabtes-foto-ney-silva-acorda-cidade-4-150x113.webp 150w, https:\/\/uploads.acordacidade.com.br\/2025\/06\/RYgHPXEm-Isabel-Sento-Se-acao-cadh-dia-combate-a-diabtes-foto-ney-silva-acorda-cidade-4.webp 1600w\"><figcaption class=\"wp-element-caption\">Isabel Sento S\u00e9, m\u00e9dica nefrologista | Foto: Ney Silva \/ Acorda Cidade <\/figcaption><\/figure>\n<p>\u201cExames simples, como uma creatinina no sangue, um sum\u00e1rio de urina, podem alertar se esse paciente \u00e9 portador de uma doen\u00e7a renal sem saber, porque as manifesta\u00e7\u00f5es s\u00e3o muito silenciosas. O controle da obesidade e a pr\u00e1tica de atividade f\u00edsica regular s\u00e3o fundamentais para o paciente controlar o diabetes\u201d, disse a m\u00e9dica.<\/p>\n<figure class=\"wp-block-image size-large\"><img loading=\"lazy\" data-dominant-color=\"6d728e\" data-has-transparency=\"false\" style=\"--dominant-color: #6d728e;\" decoding=\"async\" width=\"1024\" height=\"768\" sizes=\"(max-width: 1024px) 100vw, 1024px\" src=\"http:\/\/noticiasbahia360.com.br\/wp-content\/uploads\/2025\/06\/XK3z1W0y-acao-cadh-dia-combate-a-diabtes-foto-ney-silva-acorda-cidade-6-1024x768-1.webp\" alt=\"\" class=\"wp-image-569461 not-transparent\" srcset=\"https:\/\/uploads.acordacidade.com.br\/2025\/06\/XK3z1W0y-acao-cadh-dia-combate-a-diabtes-foto-ney-silva-acorda-cidade-6-487x365.webp 487w, http:\/\/noticiasbahia360.com.br\/wp-content\/uploads\/2025\/06\/XK3z1W0y-acao-cadh-dia-combate-a-diabtes-foto-ney-silva-acorda-cidade-6-1024x768-1.webp 1024w, https:\/\/uploads.acordacidade.com.br\/2025\/06\/XK3z1W0y-acao-cadh-dia-combate-a-diabtes-foto-ney-silva-acorda-cidade-6-737x553.webp 737w, https:\/\/uploads.acordacidade.com.br\/2025\/06\/XK3z1W0y-acao-cadh-dia-combate-a-diabtes-foto-ney-silva-acorda-cidade-6-1536x1152.webp 1536w, https:\/\/uploads.acordacidade.com.br\/2025\/06\/XK3z1W0y-acao-cadh-dia-combate-a-diabtes-foto-ney-silva-acorda-cidade-6-150x113.webp 150w, https:\/\/uploads.acordacidade.com.br\/2025\/06\/XK3z1W0y-acao-cadh-dia-combate-a-diabtes-foto-ney-silva-acorda-cidade-6.webp 1600w\"><figcaption class=\"wp-element-caption\">Foto: Ney Silva \/ Acorda Cidade <\/figcaption><\/figure>\n<p>A nefrologista explicou que no Cadh os pacientes s\u00e3o acompanhados por uma equipe multidisciplinar, composta por profissionais de diversas \u00e1reas, como endocrinologista, assistente social, psic\u00f3logo e um m\u00e9dico cl\u00ednico. Isabel finalizou a entrevista explicando a diferen\u00e7a entre os tipos de diabetes mais comuns.<\/p>\n<p>\u201cO diabetes tipo 1 \u00e9 um diabetes autoimune e o diabetes tipo 2, que \u00e9 o que mais acomete a popula\u00e7\u00e3o, est\u00e1 ligado aos fatores de vida, como dieta, alimenta\u00e7\u00e3o, obesidade; tudo \u00e9 fator de risco para o desenvolvimento do diabetes tipo 2. [Para os pacientes que est\u00e3o no pr\u00e9-diabetes] com glicemia de 100 a 126 [em jejum], isso pode tamb\u00e9m ser revertido com o controle da dieta e atividade f\u00edsica, mas \u00e9 super importante que v\u00e1 tamb\u00e9m ao endocrinologista para ver se isso n\u00e3o j\u00e1 est\u00e1 sendo instalado h\u00e1 muito tempo e se j\u00e1 n\u00e3o \u00e9 um diabetes\u201d, finalizou a m\u00e9dica.<\/p>\n<\/div>\n<\/div>\n<div class=\"wp-block-group\">\n<div class=\"wp-block-group__inner-container is-layout-constrained wp-block-group-is-layout-constrained\">\n<p><em>Com informa\u00e7\u00f5es do rep\u00f3rter Ney Silva do Acorda Cidade <\/em><\/p>\n<p><em>Reportagem escrita pelo estagi\u00e1rio de jornalismo Jefferson Ara\u00fajo sob supervis\u00e3o\u00a0da jornalista Daniela Cardoso<\/em><\/p>\n<p><em>Siga o Acorda Cidade no<\/em><a href=\"https:\/\/news.google.com\/search?q=acorda%20cidade&amp;hl=pt-BR&amp;gl=BR&amp;ceid=BR%3Apt-419\"><strong><em>\u00a0Google Not\u00edcias<\/em><\/strong><\/a><em>\u00a0e receba os principais destaques do dia. Participe tamb\u00e9m dos nossos canais no\u00a0<\/em><a href=\"https:\/\/www.whatsapp.com\/channel\/0029Va6Rb4v3WHTNnsh8WI3N\"><strong><em>WhatsApp<\/em><\/strong><\/a><em>\u00a0e\u00a0<\/em><a href=\"https:\/\/www.youtube.com\/@acordacidadenoticias\/videos\"><strong>YouTube<\/strong><\/a><em>\u00a0e do grupo no\u00a0<\/em><a href=\"https:\/\/t.me\/+sSz0khrgARA0ZmRh\"><strong><em>Telegram<\/em><\/strong><\/a><\/p>\n<\/div>\n<\/div>\n<\/div>\n","protected":false},"excerpt":{"rendered":"<div>\n<div>\n<figure><img decoding=\"async\" src=\"https:\/\/uploads.acordacidade.com.br\/2025\/06\/acao-cadh-dia-combate-a-diabtes-foto-ney-silva-acorda-cidade-1.jpeg\" alt=\"diabetes\"><figcaption>Foto: Ney Silva \/ Acorda Cidade <\/figcaption><\/figure>\n<\/div>\n<p>A programa\u00e7\u00e3o contou com rastreamento para o diabetes tipo 2 da doen\u00e7a, aferi\u00e7\u00e3o de press\u00e3o arterial, teste de glicemia e avalia\u00e7\u00e3o de IMC.<\/p><\/div>\n","protected":false},"author":1,"featured_media":91219,"comment_status":"closed","ping_status":"closed","sticky":false,"template":"","format":"gallery","meta":{"footnotes":""},"categories":[8,9,6,57,56,10],"tags":[],"class_list":["post-91218","post","type-post","status-publish","format-gallery","has-post-thumbnail","hentry","category-bahia","category-brasil","category-feira-de-santana","category-mundo","category-policia","category-politica","post_format-post-format-gallery"],"featured_image_urls":{"full":["https:\/\/noticiasbahia360.com.br\/wp-content\/uploads\/2025\/06\/acao-cadh-dia-combate-a-diabtes-foto-ney-silva-acorda-cidade-1.jpeg",1600,1200,false],"thumbnail":["https:\/\/noticiasbahia360.com.br\/wp-content\/uploads\/2025\/06\/acao-cadh-dia-combate-a-diabtes-foto-ney-silva-acorda-cidade-1-150x150.jpeg",150,150,true],"medium":["https:\/\/noticiasbahia360.com.br\/wp-content\/uploads\/2025\/06\/acao-cadh-dia-combate-a-diabtes-foto-ney-silva-acorda-cidade-1-300x225.jpeg",300,225,true],"medium_large":["https:\/\/noticiasbahia360.com.br\/wp-content\/uploads\/2025\/06\/acao-cadh-dia-combate-a-diabtes-foto-ney-silva-acorda-cidade-1-768x576.jpeg",640,480,true],"large":["https:\/\/noticiasbahia360.com.br\/wp-content\/uploads\/2025\/06\/acao-cadh-dia-combate-a-diabtes-foto-ney-silva-acorda-cidade-1-1024x768.jpeg",640,480,true],"1536x1536":["https:\/\/noticiasbahia360.com.br\/wp-content\/uploads\/2025\/06\/acao-cadh-dia-combate-a-diabtes-foto-ney-silva-acorda-cidade-1-1536x1152.jpeg",1536,1152,true],"2048x2048":["https:\/\/noticiasbahia360.com.br\/wp-content\/uploads\/2025\/06\/acao-cadh-dia-combate-a-diabtes-foto-ney-silva-acorda-cidade-1.jpeg",1600,1200,false],"chromenews-featured":["https:\/\/noticiasbahia360.com.br\/wp-content\/uploads\/2025\/06\/acao-cadh-dia-combate-a-diabtes-foto-ney-silva-acorda-cidade-1-1024x768.jpeg",1024,768,true],"chromenews-large":["https:\/\/noticiasbahia360.com.br\/wp-content\/uploads\/2025\/06\/acao-cadh-dia-combate-a-diabtes-foto-ney-silva-acorda-cidade-1-825x575.jpeg",825,575,true],"chromenews-medium":["https:\/\/noticiasbahia360.com.br\/wp-content\/uploads\/2025\/06\/acao-cadh-dia-combate-a-diabtes-foto-ney-silva-acorda-cidade-1-590x410.jpeg",590,410,true]},"author_info":{"display_name":"noticiasbahia360.com.br","author_link":"https:\/\/noticiasbahia360.com.br\/?author=1"},"category_info":"<a href=\"https:\/\/noticiasbahia360.com.br\/?cat=8\" rel=\"category\">Bahia<\/a> <a href=\"https:\/\/noticiasbahia360.com.br\/?cat=9\" rel=\"category\">Brasil<\/a> <a href=\"https:\/\/noticiasbahia360.com.br\/?cat=6\" rel=\"category\">Feira de Santana<\/a> <a href=\"https:\/\/noticiasbahia360.com.br\/?cat=57\" rel=\"category\">Mundo<\/a> <a href=\"https:\/\/noticiasbahia360.com.br\/?cat=56\" rel=\"category\">Pol\u00edcia<\/a> <a href=\"https:\/\/noticiasbahia360.com.br\/?cat=10\" rel=\"category\">Pol\u00edtica<\/a>","tag_info":"Pol\u00edtica","comment_count":"0","_links":{"self":[{"href":"https:\/\/noticiasbahia360.com.br\/index.php?rest_route=\/wp\/v2\/posts\/91218","targetHints":{"allow":["GET"]}}],"collection":[{"href":"https:\/\/noticiasbahia360.com.br\/index.php?rest_route=\/wp\/v2\/posts"}],"about":[{"href":"https:\/\/noticiasbahia360.com.br\/index.php?rest_route=\/wp\/v2\/types\/post"}],"author":[{"embeddable":true,"href":"https:\/\/noticiasbahia360.com.br\/index.php?rest_route=\/wp\/v2\/users\/1"}],"replies":[{"embeddable":true,"href":"https:\/\/noticiasbahia360.com.br\/index.php?rest_route=%2Fwp%2Fv2%2Fcomments&post=91218"}],"version-history":[{"count":0,"href":"https:\/\/noticiasbahia360.com.br\/index.php?rest_route=\/wp\/v2\/posts\/91218\/revisions"}],"wp:featuredmedia":[{"embeddable":true,"href":"https:\/\/noticiasbahia360.com.br\/index.php?rest_route=\/wp\/v2\/media\/91219"}],"wp:attachment":[{"href":"https:\/\/noticiasbahia360.com.br\/index.php?rest_route=%2Fwp%2Fv2%2Fmedia&parent=91218"}],"wp:term":[{"taxonomy":"category","embeddable":true,"href":"https:\/\/noticiasbahia360.com.br\/index.php?rest_route=%2Fwp%2Fv2%2Fcategories&post=91218"},{"taxonomy":"post_tag","embeddable":true,"href":"https:\/\/noticiasbahia360.com.br\/index.php?rest_route=%2Fwp%2Fv2%2Ftags&post=91218"}],"curies":[{"name":"wp","href":"https:\/\/api.w.org\/{rel}","templated":true}]}}