{"id":91226,"date":"2025-06-26T20:24:35","date_gmt":"2025-06-26T23:24:35","guid":{"rendered":"https:\/\/noticiasbahia360.com.br\/?p=91226"},"modified":"2025-06-26T20:24:35","modified_gmt":"2025-06-26T23:24:35","slug":"golpe-do-falso-advogado-entenda-como-funciona-e-como-se-proteger-dessa-fraude","status":"publish","type":"post","link":"https:\/\/noticiasbahia360.com.br\/?p=91226","title":{"rendered":"Golpe do Falso Advogado: entenda como funciona e como se proteger dessa fraude"},"content":{"rendered":"<div>\n<div>\n<figure><img decoding=\"async\" src=\"http:\/\/noticiasbahia360.com.br\/wp-content\/uploads\/2025\/06\/Advogado-de-Feira-de-Santana-alerta-para-golpe-do-falso-advogado.jpg\" alt=\"Advogado de Feira de Santana alerta para golpe do falso advogado\"><figcaption>Foto: Reprodu\u00e7\u00e3o<\/figcaption><\/figure>\n<\/div>\n<p>O advogado feirense Ronaldo Mendes usou as redes sociais para denunciar um novo golpe que tem feito diversas v\u00edtimas, o \u2018Golpe do Falso Advogado\u2019. Ele relatou que est\u00e1 sofrendo em consequ\u00eancia desse golpe, j\u00e1 que os criminosos est\u00e3o usando seu nome para pedir dinheiro e alertou: \u201cN\u00e3o caia nesse golpe\u201d.<\/p>\n<figure class=\"wp-block-image size-large\"><img fetchpriority=\"high\" data-dominant-color=\"7c3b88\" data-has-transparency=\"false\" style=\"--dominant-color: #7c3b88;\" fetchpriority=\"high\" decoding=\"async\" width=\"1138\" height=\"768\" sizes=\"(max-width: 1138px) 100vw, 1138px\" src=\"http:\/\/noticiasbahia360.com.br\/wp-content\/uploads\/2025\/06\/doW8Xby3-Advogado-de-Feira-de-Santana-alerta-para-golpe-do-falso-advogado1-1138x768-1.webp\" alt=\"Advogado de Feira de Santana alerta para \u2018golpe do falso advogado\" class=\"wp-image-569506 not-transparent\" srcset=\"https:\/\/uploads.acordacidade.com.br\/2025\/06\/doW8Xby3-Advogado-de-Feira-de-Santana-alerta-para-golpe-do-falso-advogado1-541x365.webp 541w, http:\/\/noticiasbahia360.com.br\/wp-content\/uploads\/2025\/06\/doW8Xby3-Advogado-de-Feira-de-Santana-alerta-para-golpe-do-falso-advogado1-1138x768-1.webp 1138w, https:\/\/uploads.acordacidade.com.br\/2025\/06\/doW8Xby3-Advogado-de-Feira-de-Santana-alerta-para-golpe-do-falso-advogado1-819x553.webp 819w, https:\/\/uploads.acordacidade.com.br\/2025\/06\/doW8Xby3-Advogado-de-Feira-de-Santana-alerta-para-golpe-do-falso-advogado1-150x101.webp 150w, https:\/\/uploads.acordacidade.com.br\/2025\/06\/doW8Xby3-Advogado-de-Feira-de-Santana-alerta-para-golpe-do-falso-advogado1.webp 1200w\"><figcaption class=\"wp-element-caption\">Foto: Reprodu\u00e7\u00e3o<\/figcaption><\/figure>\n<p>Os criminosos invadem sistemas da Justi\u00e7a ou acessam bancos de dados p\u00fablicos, onde obt\u00e9m informa\u00e7\u00f5es detalhadas das v\u00edtimas como nome completo, CPF, n\u00fameros de processos judiciais, o nome dos advogados que representam as partes nas a\u00e7\u00f5es judiciais, entre outros.<\/p>\n<figure class=\"wp-block-image size-large\"><img data-dominant-color=\"e2e0e0\" data-has-transparency=\"false\" style=\"--dominant-color: #e2e0e0;\" decoding=\"async\" width=\"871\" height=\"768\" sizes=\"(max-width: 871px) 100vw, 871px\" src=\"http:\/\/noticiasbahia360.com.br\/wp-content\/uploads\/2025\/06\/9kVz3TLS-Advogado-de-Feira-de-Santana-alerta-para-golpe-do-falso-advogado2-871x768-1.webp\" alt=\"Advogado de Feira de Santana alerta para \u2018golpe do falso advogado\" class=\"wp-image-569505 not-transparent\" srcset=\"https:\/\/uploads.acordacidade.com.br\/2025\/06\/9kVz3TLS-Advogado-de-Feira-de-Santana-alerta-para-\u2018golpe-do-falso-advogado2-414x365.webp 414w, http:\/\/noticiasbahia360.com.br\/wp-content\/uploads\/2025\/06\/9kVz3TLS-Advogado-de-Feira-de-Santana-alerta-para-golpe-do-falso-advogado2-871x768-1.webp 871w, https:\/\/uploads.acordacidade.com.br\/2025\/06\/9kVz3TLS-Advogado-de-Feira-de-Santana-alerta-para-\u2018golpe-do-falso-advogado2-627x553.webp 627w, https:\/\/uploads.acordacidade.com.br\/2025\/06\/9kVz3TLS-Advogado-de-Feira-de-Santana-alerta-para-\u2018golpe-do-falso-advogado2-150x132.webp 150w, https:\/\/uploads.acordacidade.com.br\/2025\/06\/9kVz3TLS-Advogado-de-Feira-de-Santana-alerta-para-\u2018golpe-do-falso-advogado2.webp 1200w\"><figcaption class=\"wp-element-caption\">Criminosos usam n\u00famero de telefone falso e foto e nome de advogados reais | Foto: Reprodu\u00e7\u00e3o<\/figcaption><\/figure>\n<p>De posse dos dados, eles entram em contato com as v\u00edtimas, principalmente por meio de aplicativos de mensagens, apresentando-se como advogados, assessores jur\u00eddicos ou como funcion\u00e1rios do advogado verdadeiro. Em muitos casos, eles utilizam a foto do profissional, nome e at\u00e9 o logotipo do escrit\u00f3rio para dar credibilidade \u00e0 fraude.<\/p>\n<p>As v\u00edtimas, muitas vezes em situa\u00e7\u00e3o de fragilidade emocional ou econ\u00f4mica, s\u00e3o induzidas a realizar pagamentos via PIX com a promessa de recebimento de valores judiciais.<\/p>\n<h2 class=\"wp-block-heading\" id=\"h-oab-lanca-campanha-e-plataforma-de-verificacao\">OAB lan\u00e7a campanha e plataforma de verifica\u00e7\u00e3o<\/h2>\n<p>O golpe prejudica n\u00e3o apenas os cidad\u00e3os lesados, mas tamb\u00e9m os profissionais da \u00e1rea jur\u00eddica, que t\u00eam suas imagens utilizadas de maneira fraudulenta. Por isso, a Ordem dos Advogados do Brasil (OAB) lan\u00e7ou uma campanha nacional e uma plataforma de verifica\u00e7\u00e3o contra \u2018golpe do falso advogado\u2019.<\/p>\n<p>A iniciativa tem como pilares a orienta\u00e7\u00e3o da popula\u00e7\u00e3o, a preven\u00e7\u00e3o de novas v\u00edtimas e a disponibiliza\u00e7\u00e3o de ferramentas pr\u00e1ticas, como a plataforma digital <a href=\"https:\/\/confirmadv.oab.org.br\/\" target=\"_blank\" rel=\"noreferrer noopener\">ConfirmADV<\/a> \u2014 um site que permite verificar a identidade de advogados de forma r\u00e1pida e segura.<\/p>\n<p>A campanha, conduzida pelo Conselho Federal da OAB em parceria com as 27 seccionais, alerta para os principais formatos do chamado golpe do falso advogado.<\/p>\n<p>Com o ConfirmADV, qualquer cidad\u00e3o poder\u00e1 confirmar a identidade de um advogado regularmente inscrito nos quadros da OAB de forma r\u00e1pida e simples, garantindo que o contato seja, de fato, com o profissional contratado. A ferramenta \u00e9 integrada ao Cadastro Nacional dos Advogados (CNA).<\/p>\n<h2 class=\"wp-block-heading\" id=\"h-confirmacao-on-line\">Confirma\u00e7\u00e3o on-line<\/h2>\n<p>Ao acessar o site do ConfirmADV, o cidad\u00e3o poder\u00e1 verificar a identidade de um advogado. Para isso, dever\u00e1 informar dados como o n\u00famero de inscri\u00e7\u00e3o na OAB, o estado de registro e o e-mail informado pelo suposto advogado.<\/p>\n<p>A partir dessas informa\u00e7\u00f5es, ser\u00e1 enviada uma solicita\u00e7\u00e3o autom\u00e1tica para o e-mail do advogado, informando que um cliente deseja confirmar sua identidade. O profissional ent\u00e3o ter\u00e1 at\u00e9 5 minutos para responder e confirmar os dados. Caso a confirma\u00e7\u00e3o seja feita dentro desse prazo, o cidad\u00e3o receber\u00e1 a autentica\u00e7\u00e3o validada do advogado.<\/p>\n<p>Se o tempo expirar sem resposta, tanto o cidad\u00e3o quanto o advogado ser\u00e3o notificados de que a verifica\u00e7\u00e3o n\u00e3o foi conclu\u00edda.<\/p>\n<h2 class=\"wp-block-heading\" id=\"h-canal-de-denuncias\">Canal de den\u00fancias<\/h2>\n<p>Caso o cidad\u00e3o tenha sido v\u00edtima de uma tentativa de golpe, ou j\u00e1 tenha realizado um pagamento indevido, \u00e9 poss\u00edvel fazer uma den\u00fancia diretamente pelo canal oficial da OAB Nacional, acessando o site <a href=\"https:\/\/fiscalizacao.oab.org.br\/\" target=\"_blank\" rel=\"noreferrer noopener\">https:\/\/fiscalizacao.oab.org.br<\/a>. As den\u00fancias ser\u00e3o encaminhadas para apura\u00e7\u00e3o e para as seccionais correspondentes.<\/p>\n<h2 class=\"wp-block-heading\" id=\"h-orientacoes-da-oab-para-identificar-e-evitar-esse-tipo-de-golpe\">Orienta\u00e7\u00f5es da OAB para identificar e evitar esse tipo de golpe<\/h2>\n<ul class=\"wp-block-list\">\n<li>Confirmar a identidade do advogado por meio dos contatos j\u00e1 conhecidos ou previamente informados no contrato de presta\u00e7\u00e3o de servi\u00e7os;<\/li>\n<li>Evitar qualquer tipo de pagamento solicitado por mensagens ou liga\u00e7\u00f5es, sem a devida checagem;<\/li>\n<li>Desconfiar de pedidos urgentes de transfer\u00eancia via PIX, especialmente quando envolvem valores a serem supostamente liberados pela Justi\u00e7a;<\/li>\n<li>Guardar prints de conversas e comprovantes, que devem ser levados \u00e0 delegacia para registro de boletim de ocorr\u00eancia.<\/li>\n<\/ul>\n<p>As orienta\u00e7\u00f5es s\u00e3o baseadas em experi\u00eancias consolidadas por seccionais da OAB em todo o pa\u00eds e tamb\u00e9m em materiais de apoio desenvolvidos pelas comiss\u00f5es de prerrogativas e fiscaliza\u00e7\u00e3o.<\/p>\n<p><em>Siga o Acorda Cidade no<\/em><a href=\"https:\/\/news.google.com\/search?q=acorda%20cidade&amp;hl=pt-BR&amp;gl=BR&amp;ceid=BR%3Apt-419\"><strong><em>\u00a0Google Not\u00edcias<\/em><\/strong><\/a><em>\u00a0e receba os principais destaques do dia. Participe tamb\u00e9m dos nossos canais no\u00a0<\/em><a href=\"https:\/\/www.whatsapp.com\/channel\/0029Va6Rb4v3WHTNnsh8WI3N\"><strong><em>WhatsApp<\/em><\/strong><\/a><em>\u00a0e\u00a0<\/em><a href=\"https:\/\/www.youtube.com\/@acordacidadenoticias\/videos\"><strong>Youtube<\/strong><\/a><em>\u00a0e grupo de\u00a0<\/em><a href=\"https:\/\/t.me\/+sSz0khrgARA0ZmRh\"><strong><em>Telegram<\/em><\/strong><\/a><em>.<\/em><\/p>\n<\/div>\n","protected":false},"excerpt":{"rendered":"<div>\n<div>\n<figure><img decoding=\"async\" src=\"https:\/\/uploads.acordacidade.com.br\/2025\/06\/Advogado-de-Feira-de-Santana-alerta-para-golpe-do-falso-advogado.jpg\" alt=\"Advogado de Feira de Santana alerta para golpe do falso advogado\"><figcaption>Foto: Reprodu\u00e7\u00e3o<\/figcaption><\/figure>\n<\/div>\n<p>A Ordem dos Advogados do Brasil (OAB) lan\u00e7ou uma campanha nacional e uma plataforma de verifica\u00e7\u00e3o contra \u2018golpe do falso advogado\u2019.<\/p><\/div>\n","protected":false},"author":1,"featured_media":91227,"comment_status":"closed","ping_status":"closed","sticky":false,"template":"","format":"gallery","meta":{"footnotes":""},"categories":[8,9,6,57,56,10],"tags":[],"class_list":["post-91226","post","type-post","status-publish","format-gallery","has-post-thumbnail","hentry","category-bahia","category-brasil","category-feira-de-santana","category-mundo","category-policia","category-politica","post_format-post-format-gallery"],"featured_image_urls":{"full":["https:\/\/noticiasbahia360.com.br\/wp-content\/uploads\/2025\/06\/Advogado-de-Feira-de-Santana-alerta-para-golpe-do-falso-advogado.jpg",1200,902,false],"thumbnail":["https:\/\/noticiasbahia360.com.br\/wp-content\/uploads\/2025\/06\/Advogado-de-Feira-de-Santana-alerta-para-golpe-do-falso-advogado-150x150.jpg",150,150,true],"medium":["https:\/\/noticiasbahia360.com.br\/wp-content\/uploads\/2025\/06\/Advogado-de-Feira-de-Santana-alerta-para-golpe-do-falso-advogado-300x226.jpg",300,226,true],"medium_large":["https:\/\/noticiasbahia360.com.br\/wp-content\/uploads\/2025\/06\/Advogado-de-Feira-de-Santana-alerta-para-golpe-do-falso-advogado-768x577.jpg",640,481,true],"large":["https:\/\/noticiasbahia360.com.br\/wp-content\/uploads\/2025\/06\/Advogado-de-Feira-de-Santana-alerta-para-golpe-do-falso-advogado-1024x770.jpg",640,481,true],"1536x1536":["https:\/\/noticiasbahia360.com.br\/wp-content\/uploads\/2025\/06\/Advogado-de-Feira-de-Santana-alerta-para-golpe-do-falso-advogado.jpg",1200,902,false],"2048x2048":["https:\/\/noticiasbahia360.com.br\/wp-content\/uploads\/2025\/06\/Advogado-de-Feira-de-Santana-alerta-para-golpe-do-falso-advogado.jpg",1200,902,false],"chromenews-featured":["https:\/\/noticiasbahia360.com.br\/wp-content\/uploads\/2025\/06\/Advogado-de-Feira-de-Santana-alerta-para-golpe-do-falso-advogado-1024x770.jpg",1024,770,true],"chromenews-large":["https:\/\/noticiasbahia360.com.br\/wp-content\/uploads\/2025\/06\/Advogado-de-Feira-de-Santana-alerta-para-golpe-do-falso-advogado-825x575.jpg",825,575,true],"chromenews-medium":["https:\/\/noticiasbahia360.com.br\/wp-content\/uploads\/2025\/06\/Advogado-de-Feira-de-Santana-alerta-para-golpe-do-falso-advogado-590x410.jpg",590,410,true]},"author_info":{"display_name":"noticiasbahia360.com.br","author_link":"https:\/\/noticiasbahia360.com.br\/?author=1"},"category_info":"<a href=\"https:\/\/noticiasbahia360.com.br\/?cat=8\" rel=\"category\">Bahia<\/a> <a href=\"https:\/\/noticiasbahia360.com.br\/?cat=9\" rel=\"category\">Brasil<\/a> <a href=\"https:\/\/noticiasbahia360.com.br\/?cat=6\" rel=\"category\">Feira de Santana<\/a> <a href=\"https:\/\/noticiasbahia360.com.br\/?cat=57\" rel=\"category\">Mundo<\/a> <a href=\"https:\/\/noticiasbahia360.com.br\/?cat=56\" rel=\"category\">Pol\u00edcia<\/a> <a href=\"https:\/\/noticiasbahia360.com.br\/?cat=10\" rel=\"category\">Pol\u00edtica<\/a>","tag_info":"Pol\u00edtica","comment_count":"0","_links":{"self":[{"href":"https:\/\/noticiasbahia360.com.br\/index.php?rest_route=\/wp\/v2\/posts\/91226","targetHints":{"allow":["GET"]}}],"collection":[{"href":"https:\/\/noticiasbahia360.com.br\/index.php?rest_route=\/wp\/v2\/posts"}],"about":[{"href":"https:\/\/noticiasbahia360.com.br\/index.php?rest_route=\/wp\/v2\/types\/post"}],"author":[{"embeddable":true,"href":"https:\/\/noticiasbahia360.com.br\/index.php?rest_route=\/wp\/v2\/users\/1"}],"replies":[{"embeddable":true,"href":"https:\/\/noticiasbahia360.com.br\/index.php?rest_route=%2Fwp%2Fv2%2Fcomments&post=91226"}],"version-history":[{"count":0,"href":"https:\/\/noticiasbahia360.com.br\/index.php?rest_route=\/wp\/v2\/posts\/91226\/revisions"}],"wp:featuredmedia":[{"embeddable":true,"href":"https:\/\/noticiasbahia360.com.br\/index.php?rest_route=\/wp\/v2\/media\/91227"}],"wp:attachment":[{"href":"https:\/\/noticiasbahia360.com.br\/index.php?rest_route=%2Fwp%2Fv2%2Fmedia&parent=91226"}],"wp:term":[{"taxonomy":"category","embeddable":true,"href":"https:\/\/noticiasbahia360.com.br\/index.php?rest_route=%2Fwp%2Fv2%2Fcategories&post=91226"},{"taxonomy":"post_tag","embeddable":true,"href":"https:\/\/noticiasbahia360.com.br\/index.php?rest_route=%2Fwp%2Fv2%2Ftags&post=91226"}],"curies":[{"name":"wp","href":"https:\/\/api.w.org\/{rel}","templated":true}]}}