{"id":91232,"date":"2025-06-26T21:41:02","date_gmt":"2025-06-27T00:41:02","guid":{"rendered":"https:\/\/noticiasbahia360.com.br\/?p=91232"},"modified":"2025-06-26T21:41:02","modified_gmt":"2025-06-27T00:41:02","slug":"eunapolis-jovem-que-testemunhou-homicidio-em-mercado-e-suspeita-de-ter-atraido-vitima-para-o-local-ela-foi-morta-dois-dias-depois","status":"publish","type":"post","link":"https:\/\/noticiasbahia360.com.br\/?p=91232","title":{"rendered":"Eun\u00e1polis: jovem que testemunhou homic\u00eddio em mercado \u00e9 suspeita de ter atra\u00eddo v\u00edtima para o local; ela foi morta dois dias depois"},"content":{"rendered":"<div>\n<div>\n<figure><img decoding=\"async\" src=\"http:\/\/noticiasbahia360.com.br\/wp-content\/uploads\/2025\/06\/A-mulher-saiu-do-mercado-e-o-suspeito-atira-mais-vezes-na-vitima.jpg\" alt=\"As imagens mostram que Anna Luiza se abaixou, olhou para o jovem e depois falou com alguma pessoa atrav\u00e9s de um celular.\"><figcaption>Foto: Reprodu\u00e7\u00e3o\/Redes Sociais<\/figcaption><\/figure>\n<\/div>\n<p>A jovem que testemunhou o homic\u00eddio de Matheus Rodrigues de Souza, de 24 anos, dentro de um mercado de Eun\u00e1polis, cidade no extremo sul da Bahia, \u00e9 apontada como suspeita de envolvimento no crime. A informa\u00e7\u00e3o foi divulgada pela Pol\u00edcia Civil (PC) nesta quinta-feira (26), tr\u00eas dias ap\u00f3s o assassinato.<\/p>\n<p>Anna Luiza Lima Brito, de 21 anos, \u00e9 apontada como respons\u00e1vel por levar a v\u00edtima ao mercado e indicar para o autor do crime que ele estava no local, segundo informou o delegado Moabe Macedo Lima, titular da 23\u00aa Coordenadoria Regional de Pol\u00edcia do Interior (Coorpin\/Eun\u00e1polis). Ela tamb\u00e9m foi assassinada dois dias depois.<\/p>\n<figure class=\"wp-block-image size-full\"><img fetchpriority=\"high\" data-dominant-color=\"a8a89d\" data-has-transparency=\"false\" style=\"--dominant-color: #a8a89d;\" fetchpriority=\"high\" decoding=\"async\" width=\"1200\" height=\"727\" sizes=\"(max-width: 1200px) 100vw, 1200px\" src=\"http:\/\/noticiasbahia360.com.br\/wp-content\/uploads\/2025\/06\/tMniwzQM-Ana-Beatriz-conversa-com-alguma-pessoa-no-celular.webp\" alt=\"Ana Beatriz conversa com alguma pessoa no celular ap\u00f3s Matheus Rodrigues ser atingido \" class=\"wp-image-569517 not-transparent\" srcset=\"https:\/\/uploads.acordacidade.com.br\/2025\/06\/tMniwzQM-Ana-Beatriz-conversa-com-alguma-pessoa-no-celular-602x365.webp 602w, https:\/\/uploads.acordacidade.com.br\/2025\/06\/tMniwzQM-Ana-Beatriz-conversa-com-alguma-pessoa-no-celular-913x553.webp 913w, https:\/\/uploads.acordacidade.com.br\/2025\/06\/tMniwzQM-Ana-Beatriz-conversa-com-alguma-pessoa-no-celular-150x91.webp 150w, http:\/\/noticiasbahia360.com.br\/wp-content\/uploads\/2025\/06\/tMniwzQM-Ana-Beatriz-conversa-com-alguma-pessoa-no-celular.webp 1200w\"><figcaption class=\"wp-element-caption\">Foto: Reprodu\u00e7\u00e3o\/Redes Sociais<\/figcaption><\/figure>\n<p>\u201cNo v\u00eddeo que circulou em redes sociais e foi amplamente divulgado, se percebe o comportamento meio que irregular de Anna Luiza, que deu a entender que ela indicou o alvo a ser executado\u201d, disse o delegado.<\/p>\n<p>Conforme o titular da unidade policial, a morte da jovem, ocorrida na quarta-feira (25), pode ter sido motivada por vingan\u00e7a. A suspeita \u00e9 de que ela foi sequestrada e esquartejada depois que o grupo criminoso do qual Matheus Rodrigues fazia parte descobriu a situa\u00e7\u00e3o.<\/p>\n<p>Ainda segundo a Pol\u00edcia Civil (PC), a jovem era envolvida com o tr\u00e1fico de drogas e usava as redes sociais para fazer transmiss\u00f5es ao vivo, \u201cpromovendo\u201d a venda dos entorpecentes. H\u00e1 tamb\u00e9m ind\u00edcios de vincula\u00e7\u00e3o da v\u00edtima a uma fac\u00e7\u00e3o criminosa do munic\u00edpio.<\/p>\n<p>\u201cAnna Luiza j\u00e1 era conhecida pela popula\u00e7\u00e3o e pela pol\u00edcia por ser envolvida com o tr\u00e1fico de drogas. Nas redes sociais, chegou a publicar v\u00eddeos da comercializa\u00e7\u00e3o indevida\u201d, afirmou o delegado Moabe Macedo.<\/p>\n<h2 class=\"wp-block-heading\" id=\"h-desabafo-da-mae\">Desabafo da m\u00e3e<\/h2>\n<figure class=\"wp-block-image size-full\"><img data-dominant-color=\"817264\" data-has-transparency=\"false\" style=\"--dominant-color: #817264;\" decoding=\"async\" width=\"1200\" height=\"751\" sizes=\"(max-width: 1200px) 100vw, 1200px\" src=\"http:\/\/noticiasbahia360.com.br\/wp-content\/uploads\/2025\/06\/cV5Df1Il-Ana-Beatriz-tinha-21-anos.webp\" alt=\"Ana Beatriz tinha 21 anos\" class=\"wp-image-569518 not-transparent\" srcset=\"https:\/\/uploads.acordacidade.com.br\/2025\/06\/cV5Df1Il-Ana-Beatriz-tinha-21-anos-583x365.webp 583w, https:\/\/uploads.acordacidade.com.br\/2025\/06\/cV5Df1Il-Ana-Beatriz-tinha-21-anos-884x553.webp 884w, https:\/\/uploads.acordacidade.com.br\/2025\/06\/cV5Df1Il-Ana-Beatriz-tinha-21-anos-150x94.webp 150w, http:\/\/noticiasbahia360.com.br\/wp-content\/uploads\/2025\/06\/cV5Df1Il-Ana-Beatriz-tinha-21-anos.webp 1200w\"><figcaption class=\"wp-element-caption\">Ana Beatriz tinha 21 anos | Foto: Arquivo Pessoal<\/figcaption><\/figure>\n<p>Ap\u00f3s a morte da filha, a m\u00e3e de Anna Luiza desabafou nas redes sociais. Identificada apenas como Lih Lima, a mulher contou que j\u00e1 tinha conversado com a jovem sobre as poss\u00edveis consequ\u00eancias sofridas por pessoas que cometem crimes. \u201cIsso que aconteceu com a minha filha \u00e9 fruto da desobedi\u00eancia, da rebeldia, de achar que \u00e9 dona do mundo. Jovem n\u00e3o pensa, acha que todo mundo est\u00e1 errado e s\u00f3 ele est\u00e1 certo\u201d, disse.<\/p>\n<p>A m\u00e3e conta que Anna Luiza dizia n\u00e3o ter medo de morrer, mas sim da forma como isso poderia acontecer. Segundo Lih Lima, v\u00eddeos da jovem assassinada foram divulgados nas redes sociais.<\/p>\n<p>\u201cEu falei com ela: \u2018Anna, da forma que voc\u00ea est\u00e1 vivendo, voc\u00ea n\u00e3o vai morrer com 80 anos, deitada em uma cama. Vai ser sofrido\u2019. S\u00f3 que eu n\u00e3o imaginava que seria tanto. Assistir aos v\u00eddeos que eles fizeram e espalharam pela cidade me arrebentou por dentro\u201d.<br \/>A m\u00e3e da jovem disse ainda que n\u00e3o vai \u201cclamar por justi\u00e7a\u201d e nem protestar na rua pela perda. \u201cEu disse para ela que a gente ia sofrer, mas vida ia seguir. \u00c9 um caminho que ela escolheu. Quem entra no crime sabe tudo que pode acontecer e eu acho incr\u00edvel a coragem e burrice que ela teve, porque ela n\u00e3o precisava\u201d, lamentou.<\/p>\n<p>\u201cAnna Luiza tinha apoio e fam\u00edlia, mas mergulhou de cabe\u00e7a [no crime]. Descobrir quem fez [isso], n\u00e3o vai trazer minha filha de volta\u201d.<\/p>\n<h2 class=\"wp-block-heading\" id=\"h-cameras-registraram-assassinato\"><strong>C\u00e2meras registraram assassinato<\/strong><\/h2>\n<p>O assassinato de Matheus Rodrigues de Souza foi filmado por c\u00e2meras de seguran\u00e7a instaladas no mercado onde o crime aconteceu, na noite de segunda-feira (23).<\/p>\n<p>Nos v\u00eddeos, \u00e9 poss\u00edvel ver o momento em que o rapaz conversava com Anna Luiza. Em seguida, o suspeito entrou no estabelecimento com um capacete e atirou contra a v\u00edtima, que caiu no ch\u00e3o.<\/p>\n<p>Ap\u00f3s atirar em Matheus Rodrigues, o suspeito fugiu do local. As imagens mostram que Anna Luiza se abaixou, olhou para o jovem e depois falou com alguma pessoa atrav\u00e9s de um celular.<\/p>\n<figure class=\"wp-block-image size-full\"><img data-dominant-color=\"574a40\" data-has-transparency=\"false\" style=\"--dominant-color: #574a40;\" decoding=\"async\" width=\"1200\" height=\"759\" sizes=\"(max-width: 1200px) 100vw, 1200px\" src=\"http:\/\/noticiasbahia360.com.br\/wp-content\/uploads\/2025\/06\/pyXKhBUw-Jovem-e-morto-a-tiros-dentro-de-estabelecimento-na-Bahia.webp\" alt=\"Jovem \u00e9 morto a tiros dentro de estabelecimento na Bahi\" class=\"wp-image-569515 not-transparent\" srcset=\"https:\/\/uploads.acordacidade.com.br\/2025\/06\/pyXKhBUw-Jovem-e-morto-a-tiros-dentro-de-estabelecimento-na-Bahia-577x365.webp 577w, https:\/\/uploads.acordacidade.com.br\/2025\/06\/pyXKhBUw-Jovem-e-morto-a-tiros-dentro-de-estabelecimento-na-Bahia-874x553.webp 874w, https:\/\/uploads.acordacidade.com.br\/2025\/06\/pyXKhBUw-Jovem-e-morto-a-tiros-dentro-de-estabelecimento-na-Bahia-150x95.webp 150w, http:\/\/noticiasbahia360.com.br\/wp-content\/uploads\/2025\/06\/pyXKhBUw-Jovem-e-morto-a-tiros-dentro-de-estabelecimento-na-Bahia.webp 1200w\"><figcaption class=\"wp-element-caption\">Jovem \u00e9 morto a tiros dentro de estabelecimento na Bahia | Foto: Reprodu\u00e7\u00e3o\/Redes Sociais<\/figcaption><\/figure>\n<p>Segundos depois, a jovem saiu do mercado com o celular de Matheus. O autor do crime ainda voltou ao estabelecimento e atirou outras vezes contra a v\u00edtima.<\/p>\n<p>Os assassinatos s\u00e3o investigados pela 1\u00aa Delegacia Territorial (DT\/Eun\u00e1polis). As imagens das c\u00e2meras de seguran\u00e7a s\u00e3o analisadas pela unidade policial.<\/p>\n<p>Fonte: g1<\/p>\n<p><em>Siga o Acorda Cidade no<\/em><a href=\"https:\/\/news.google.com\/search?q=acorda%20cidade&amp;hl=pt-BR&amp;gl=BR&amp;ceid=BR%3Apt-419\"><strong><em>\u00a0Google Not\u00edcias<\/em><\/strong><\/a><em>\u00a0e receba os principais destaques do dia. Participe tamb\u00e9m dos nossos canais no\u00a0<\/em><a href=\"https:\/\/www.whatsapp.com\/channel\/0029Va6Rb4v3WHTNnsh8WI3N\"><strong><em>WhatsApp<\/em><\/strong><\/a><em>\u00a0e\u00a0<\/em><a href=\"https:\/\/www.youtube.com\/@acordacidadenoticias\/videos\"><strong>YouTube<\/strong><\/a><em>\u00a0e do grupo no\u00a0<\/em><a href=\"https:\/\/t.me\/+sSz0khrgARA0ZmRh\"><strong><em>Telegram<\/em><\/strong><\/a><\/p>\n<\/div>\n","protected":false},"excerpt":{"rendered":"<div>\n<div>\n<figure><img decoding=\"async\" src=\"https:\/\/uploads.acordacidade.com.br\/2025\/06\/A-mulher-saiu-do-mercado-e-o-suspeito-atira-mais-vezes-na-vitima.jpg\" alt=\"As imagens mostram que Anna Luiza se abaixou, olhou para o jovem e depois falou com alguma pessoa atrav\u00e9s de um celular.\"><figcaption>Foto: Reprodu\u00e7\u00e3o\/Redes Sociais<\/figcaption><\/figure>\n<\/div>\n<p>A jovem que testemunhou o homic\u00eddio de Matheus Rodrigues de Souza, de 24 anos, dentro de um mercado de Eun\u00e1polis, cidade no extremo sul da Bahia, \u00e9 apontada como suspeita de envolvimento no crime. A informa\u00e7\u00e3o foi divulgada pela Pol\u00edcia Civil (PC) nesta quinta-feira (26), tr\u00eas dias ap\u00f3s o assassinato. Anna Luiza Lima Brito, de [\u2026]<\/p><\/div>\n","protected":false},"author":1,"featured_media":91233,"comment_status":"closed","ping_status":"closed","sticky":false,"template":"","format":"gallery","meta":{"footnotes":""},"categories":[8,9,6,57,56,10],"tags":[],"class_list":["post-91232","post","type-post","status-publish","format-gallery","has-post-thumbnail","hentry","category-bahia","category-brasil","category-feira-de-santana","category-mundo","category-policia","category-politica","post_format-post-format-gallery"],"featured_image_urls":{"full":["https:\/\/noticiasbahia360.com.br\/wp-content\/uploads\/2025\/06\/A-mulher-saiu-do-mercado-e-o-suspeito-atira-mais-vezes-na-vitima.jpg",1200,781,false],"thumbnail":["https:\/\/noticiasbahia360.com.br\/wp-content\/uploads\/2025\/06\/A-mulher-saiu-do-mercado-e-o-suspeito-atira-mais-vezes-na-vitima-150x150.jpg",150,150,true],"medium":["https:\/\/noticiasbahia360.com.br\/wp-content\/uploads\/2025\/06\/A-mulher-saiu-do-mercado-e-o-suspeito-atira-mais-vezes-na-vitima-300x195.jpg",300,195,true],"medium_large":["https:\/\/noticiasbahia360.com.br\/wp-content\/uploads\/2025\/06\/A-mulher-saiu-do-mercado-e-o-suspeito-atira-mais-vezes-na-vitima-768x500.jpg",640,417,true],"large":["https:\/\/noticiasbahia360.com.br\/wp-content\/uploads\/2025\/06\/A-mulher-saiu-do-mercado-e-o-suspeito-atira-mais-vezes-na-vitima-1024x666.jpg",640,416,true],"1536x1536":["https:\/\/noticiasbahia360.com.br\/wp-content\/uploads\/2025\/06\/A-mulher-saiu-do-mercado-e-o-suspeito-atira-mais-vezes-na-vitima.jpg",1200,781,false],"2048x2048":["https:\/\/noticiasbahia360.com.br\/wp-content\/uploads\/2025\/06\/A-mulher-saiu-do-mercado-e-o-suspeito-atira-mais-vezes-na-vitima.jpg",1200,781,false],"chromenews-featured":["https:\/\/noticiasbahia360.com.br\/wp-content\/uploads\/2025\/06\/A-mulher-saiu-do-mercado-e-o-suspeito-atira-mais-vezes-na-vitima-1024x666.jpg",1024,666,true],"chromenews-large":["https:\/\/noticiasbahia360.com.br\/wp-content\/uploads\/2025\/06\/A-mulher-saiu-do-mercado-e-o-suspeito-atira-mais-vezes-na-vitima-825x575.jpg",825,575,true],"chromenews-medium":["https:\/\/noticiasbahia360.com.br\/wp-content\/uploads\/2025\/06\/A-mulher-saiu-do-mercado-e-o-suspeito-atira-mais-vezes-na-vitima-590x410.jpg",590,410,true]},"author_info":{"display_name":"noticiasbahia360.com.br","author_link":"https:\/\/noticiasbahia360.com.br\/?author=1"},"category_info":"<a href=\"https:\/\/noticiasbahia360.com.br\/?cat=8\" rel=\"category\">Bahia<\/a> <a href=\"https:\/\/noticiasbahia360.com.br\/?cat=9\" rel=\"category\">Brasil<\/a> <a href=\"https:\/\/noticiasbahia360.com.br\/?cat=6\" rel=\"category\">Feira de Santana<\/a> <a href=\"https:\/\/noticiasbahia360.com.br\/?cat=57\" rel=\"category\">Mundo<\/a> <a href=\"https:\/\/noticiasbahia360.com.br\/?cat=56\" rel=\"category\">Pol\u00edcia<\/a> <a href=\"https:\/\/noticiasbahia360.com.br\/?cat=10\" rel=\"category\">Pol\u00edtica<\/a>","tag_info":"Pol\u00edtica","comment_count":"0","_links":{"self":[{"href":"https:\/\/noticiasbahia360.com.br\/index.php?rest_route=\/wp\/v2\/posts\/91232","targetHints":{"allow":["GET"]}}],"collection":[{"href":"https:\/\/noticiasbahia360.com.br\/index.php?rest_route=\/wp\/v2\/posts"}],"about":[{"href":"https:\/\/noticiasbahia360.com.br\/index.php?rest_route=\/wp\/v2\/types\/post"}],"author":[{"embeddable":true,"href":"https:\/\/noticiasbahia360.com.br\/index.php?rest_route=\/wp\/v2\/users\/1"}],"replies":[{"embeddable":true,"href":"https:\/\/noticiasbahia360.com.br\/index.php?rest_route=%2Fwp%2Fv2%2Fcomments&post=91232"}],"version-history":[{"count":0,"href":"https:\/\/noticiasbahia360.com.br\/index.php?rest_route=\/wp\/v2\/posts\/91232\/revisions"}],"wp:featuredmedia":[{"embeddable":true,"href":"https:\/\/noticiasbahia360.com.br\/index.php?rest_route=\/wp\/v2\/media\/91233"}],"wp:attachment":[{"href":"https:\/\/noticiasbahia360.com.br\/index.php?rest_route=%2Fwp%2Fv2%2Fmedia&parent=91232"}],"wp:term":[{"taxonomy":"category","embeddable":true,"href":"https:\/\/noticiasbahia360.com.br\/index.php?rest_route=%2Fwp%2Fv2%2Fcategories&post=91232"},{"taxonomy":"post_tag","embeddable":true,"href":"https:\/\/noticiasbahia360.com.br\/index.php?rest_route=%2Fwp%2Fv2%2Ftags&post=91232"}],"curies":[{"name":"wp","href":"https:\/\/api.w.org\/{rel}","templated":true}]}}