{"id":91237,"date":"2025-06-26T23:10:53","date_gmt":"2025-06-27T02:10:53","guid":{"rendered":"https:\/\/noticiasbahia360.com.br\/?p=91237"},"modified":"2025-06-26T23:10:53","modified_gmt":"2025-06-27T02:10:53","slug":"juri-simulado-na-uefs-discute-condenacao-ou-absolvicao-por-homicidio-e-canibalismo-em-situacao-de-desespero","status":"publish","type":"post","link":"https:\/\/noticiasbahia360.com.br\/?p=91237","title":{"rendered":"J\u00fari simulado na Uefs discute condena\u00e7\u00e3o ou absolvi\u00e7\u00e3o por homic\u00eddio e canibalismo em situa\u00e7\u00e3o de desespero"},"content":{"rendered":"<div>\n<div>\n<figure><img decoding=\"async\" src=\"http:\/\/noticiasbahia360.com.br\/wp-content\/uploads\/2025\/06\/Professor-Agenor-Sampaio.jpg\" alt=\"Professor Agenor Sampaio\"><figcaption>Foto: Divulga\u00e7\u00e3o<\/figcaption><\/figure>\n<\/div>\n<p>Estudantes do curso de Direito da<a href=\"https:\/\/www.acordacidade.com.br\/tag\/uefs\/\"> Universidade Estadual de Feira de Santana (Uefs) <\/a>v\u00e3o encarar um dilema extremo durante um j\u00fari simulado que promete envolver o p\u00fablico. Como resultados poss\u00edveis, a condena\u00e7\u00e3o ou absolvi\u00e7\u00e3o de sobreviventes que cometeram homic\u00eddio e canibalismo em situa\u00e7\u00e3o de desespero.<\/p>\n<p>O caso apresentado \u00e9 inspirado na obra cl\u00e1ssica \u2018O caso dos exploradores de caverna\u2019, do jurista Lon L. Fuller, publicada originalmente em 1949. A simula\u00e7\u00e3o acontece na pr\u00f3xima segunda-feira, 30 de junho, a partir das 18h30, no Audit\u00f3rio do M\u00f3dulo 4, com inscri\u00e7\u00f5es no local. A atividade \u00e9 gratuita e aberta \u00e0 comunidade.<\/p>\n<p>A proposta faz parte da disciplina Hermen\u00eautica Jur\u00eddica (2025.1), ministrada pelo professor Agenor Sampaio Neto. Segundo ele, a pr\u00e1tica do j\u00fari contribui para desenvolver habilidades fundamentais na forma\u00e7\u00e3o jur\u00eddica, como orat\u00f3ria, argumenta\u00e7\u00e3o e dom\u00ednio da ret\u00f3rica. \u201cA atua\u00e7\u00e3o no j\u00fari popular exige do jurista n\u00e3o apenas conhecimento t\u00e9cnico, mas tamb\u00e9m sensibilidade interpretativa e capacidade de persuas\u00e3o\u201d, destaca o docente.<\/p>\n<p>Para a estudante Maria J\u00falia Matos de Oliveira, l\u00edder da turma respons\u00e1vel pelo j\u00fari, a experi\u00eancia \u00e9 uma chance de vivenciar o Direito na pr\u00e1tica. \u201cEssa atividade aproxima o estudante da realidade profissional e mostra como a teoria se transforma em a\u00e7\u00e3o no exerc\u00edcio do Direito\u201d, afirma.<\/p>\n<h2 class=\"wp-block-heading\" id=\"h-relatorio-adotado-no-juri-simulado-adaptado-a-realidade-de-feira-de-santana\"><strong>Relat\u00f3rio adotado no j\u00fari simulado adaptado \u00e0 realidade de Feira de Santana<\/strong><\/h2>\n<p>(Processo a ser julgado pelo Tribunal do J\u00fari da Comarca de Feira de Santana referente aos 3 R\u00e9us acusados do crime de Homic\u00eddio (Art. 121 do C\u00f3digo Penal) e Canibalismo (Art. 211 do C\u00f3digo Penal). Processo conhecido como \u201cO Caso dos Exploradores de Caverna\u201d).<\/p>\n<p>No dia 11\/09\/2021 5 (cinco) Espele\u00f3logos foram explorar uma caverna no Distrito de Maria Quit\u00e9ria na Cidade de Feira de Santana (BA), mas devido a fortes chuvas, rajadas de vento, houve um desmoronamento o que acabou tampando a \u00fanica sa\u00edda existente na caverna.<\/p>\n<p>Dentro de algum tempo as fam\u00edlias percebendo a demora, pediram ajuda ao resgate. O resgate foi dif\u00edcil, pois devido ao prolongamento das fortes chuvas na regi\u00e3o, novos desmoronamentos ocorreram, num deles 10 (dez) pessoas da equipe de resgate morreram. <\/p>\n<p>Depois de 20 (vinte) dias, conseguiram comunicar-se com os exploradores de caverna atrav\u00e9s de um r\u00e1dio, neste r\u00e1dio eles perguntaram quanto tempo demoraria para eles sa\u00edrem e a resposta foi mais 10 (dez) dias, depois perguntaram para um m\u00e9dico se eles poderiam sobreviver sem comer por mais 10 (dez) dias e ele respondeu que provavelmente n\u00e3o.<\/p>\n<p>Houve um tempo de sil\u00eancio, ent\u00e3o eles perguntaram se comendo carne humana eles poderiam sobrevier, o m\u00e9dico respondeu que provavelmente sim, ent\u00e3o os exploradores recorreram as autoridades religiosas, pol\u00edticas, m\u00e9dicas e ningu\u00e9m aceitou participar da decis\u00e3o sobre sacrificar um dos exploradores de caverna.<\/p>\n<p>Todavia, um dos exploradores, Sebasti\u00e3o Sabino Silva prop\u00f4s aos demais exploradores de caverna que jogassem dados e quem perdesse seria morto e ofertado de alimento para os seus colegas. Antes de ser jogado os dados Sebasti\u00e3o Sabino Silva pediu para adiar o tal \u201csorteio\u201d por mais 7 (sete) dias, mas seus parceiros n\u00e3o aceitaram, ent\u00e3o feito o sorteio e justamente Sebasti\u00e3o Sabino Silva perdeu (foi sorteado nos dados), em seguida, foi morto e na sequ\u00eancia foi feito de alimento pelos outros exploradores de caverna.<\/p>\n<p><em>Siga o Acorda Cidade no<\/em><a href=\"https:\/\/news.google.com\/search?q=acorda%20cidade&amp;hl=pt-BR&amp;gl=BR&amp;ceid=BR%3Apt-419\"><strong><em>\u00a0Google Not\u00edcias<\/em><\/strong><\/a><em>\u00a0e receba os principais destaques do dia. Participe tamb\u00e9m dos nossos canais no\u00a0<\/em><a href=\"https:\/\/www.whatsapp.com\/channel\/0029Va6Rb4v3WHTNnsh8WI3N\"><strong><em>WhatsApp<\/em><\/strong><\/a><em>\u00a0e\u00a0<\/em><a href=\"https:\/\/www.youtube.com\/@acordacidadenoticias\/videos\"><strong>Youtube<\/strong><\/a><em>\u00a0e grupo de\u00a0<\/em><a href=\"https:\/\/t.me\/+sSz0khrgARA0ZmRh\"><strong><em>Telegram<\/em><\/strong><\/a><em>.<\/em><\/p>\n<\/div>\n","protected":false},"excerpt":{"rendered":"<div>\n<div>\n<figure><img decoding=\"async\" src=\"https:\/\/uploads.acordacidade.com.br\/2025\/06\/Professor-Agenor-Sampaio.jpg\" alt=\"Professor Agenor Sampaio\"><figcaption>Foto: Divulga\u00e7\u00e3o<\/figcaption><\/figure>\n<\/div>\n<p>O caso apresentado \u00e9 inspirado na obra cl\u00e1ssica \u2018O caso dos exploradores de caverna\u2019, do jurista Lon L. Fuller, publicada em 1949.<\/p><\/div>\n","protected":false},"author":1,"featured_media":91238,"comment_status":"closed","ping_status":"closed","sticky":false,"template":"","format":"gallery","meta":{"footnotes":""},"categories":[8,9,6,57,56,10],"tags":[],"class_list":["post-91237","post","type-post","status-publish","format-gallery","has-post-thumbnail","hentry","category-bahia","category-brasil","category-feira-de-santana","category-mundo","category-policia","category-politica","post_format-post-format-gallery"],"featured_image_urls":{"full":["https:\/\/noticiasbahia360.com.br\/wp-content\/uploads\/2025\/06\/Professor-Agenor-Sampaio.jpg",1200,868,false],"thumbnail":["https:\/\/noticiasbahia360.com.br\/wp-content\/uploads\/2025\/06\/Professor-Agenor-Sampaio-150x150.jpg",150,150,true],"medium":["https:\/\/noticiasbahia360.com.br\/wp-content\/uploads\/2025\/06\/Professor-Agenor-Sampaio-300x217.jpg",300,217,true],"medium_large":["https:\/\/noticiasbahia360.com.br\/wp-content\/uploads\/2025\/06\/Professor-Agenor-Sampaio-768x556.jpg",640,463,true],"large":["https:\/\/noticiasbahia360.com.br\/wp-content\/uploads\/2025\/06\/Professor-Agenor-Sampaio-1024x741.jpg",640,463,true],"1536x1536":["https:\/\/noticiasbahia360.com.br\/wp-content\/uploads\/2025\/06\/Professor-Agenor-Sampaio.jpg",1200,868,false],"2048x2048":["https:\/\/noticiasbahia360.com.br\/wp-content\/uploads\/2025\/06\/Professor-Agenor-Sampaio.jpg",1200,868,false],"chromenews-featured":["https:\/\/noticiasbahia360.com.br\/wp-content\/uploads\/2025\/06\/Professor-Agenor-Sampaio-1024x741.jpg",1024,741,true],"chromenews-large":["https:\/\/noticiasbahia360.com.br\/wp-content\/uploads\/2025\/06\/Professor-Agenor-Sampaio-825x575.jpg",825,575,true],"chromenews-medium":["https:\/\/noticiasbahia360.com.br\/wp-content\/uploads\/2025\/06\/Professor-Agenor-Sampaio-590x410.jpg",590,410,true]},"author_info":{"display_name":"noticiasbahia360.com.br","author_link":"https:\/\/noticiasbahia360.com.br\/?author=1"},"category_info":"<a href=\"https:\/\/noticiasbahia360.com.br\/?cat=8\" rel=\"category\">Bahia<\/a> <a href=\"https:\/\/noticiasbahia360.com.br\/?cat=9\" rel=\"category\">Brasil<\/a> <a href=\"https:\/\/noticiasbahia360.com.br\/?cat=6\" rel=\"category\">Feira de Santana<\/a> <a href=\"https:\/\/noticiasbahia360.com.br\/?cat=57\" rel=\"category\">Mundo<\/a> <a href=\"https:\/\/noticiasbahia360.com.br\/?cat=56\" rel=\"category\">Pol\u00edcia<\/a> <a href=\"https:\/\/noticiasbahia360.com.br\/?cat=10\" rel=\"category\">Pol\u00edtica<\/a>","tag_info":"Pol\u00edtica","comment_count":"0","_links":{"self":[{"href":"https:\/\/noticiasbahia360.com.br\/index.php?rest_route=\/wp\/v2\/posts\/91237","targetHints":{"allow":["GET"]}}],"collection":[{"href":"https:\/\/noticiasbahia360.com.br\/index.php?rest_route=\/wp\/v2\/posts"}],"about":[{"href":"https:\/\/noticiasbahia360.com.br\/index.php?rest_route=\/wp\/v2\/types\/post"}],"author":[{"embeddable":true,"href":"https:\/\/noticiasbahia360.com.br\/index.php?rest_route=\/wp\/v2\/users\/1"}],"replies":[{"embeddable":true,"href":"https:\/\/noticiasbahia360.com.br\/index.php?rest_route=%2Fwp%2Fv2%2Fcomments&post=91237"}],"version-history":[{"count":0,"href":"https:\/\/noticiasbahia360.com.br\/index.php?rest_route=\/wp\/v2\/posts\/91237\/revisions"}],"wp:featuredmedia":[{"embeddable":true,"href":"https:\/\/noticiasbahia360.com.br\/index.php?rest_route=\/wp\/v2\/media\/91238"}],"wp:attachment":[{"href":"https:\/\/noticiasbahia360.com.br\/index.php?rest_route=%2Fwp%2Fv2%2Fmedia&parent=91237"}],"wp:term":[{"taxonomy":"category","embeddable":true,"href":"https:\/\/noticiasbahia360.com.br\/index.php?rest_route=%2Fwp%2Fv2%2Fcategories&post=91237"},{"taxonomy":"post_tag","embeddable":true,"href":"https:\/\/noticiasbahia360.com.br\/index.php?rest_route=%2Fwp%2Fv2%2Ftags&post=91237"}],"curies":[{"name":"wp","href":"https:\/\/api.w.org\/{rel}","templated":true}]}}