{"id":91241,"date":"2025-06-27T06:34:53","date_gmt":"2025-06-27T09:34:53","guid":{"rendered":"https:\/\/noticiasbahia360.com.br\/?p=91241"},"modified":"2025-06-27T06:34:53","modified_gmt":"2025-06-27T09:34:53","slug":"policia-militar-distribui-agasalhos-em-comunidade-carente-de-feira-de-santana","status":"publish","type":"post","link":"https:\/\/noticiasbahia360.com.br\/?p=91241","title":{"rendered":"Pol\u00edcia Militar distribui agasalhos em comunidade carente de Feira de Santana"},"content":{"rendered":"<div>\n<div>\n<figure><img decoding=\"async\" src=\"http:\/\/noticiasbahia360.com.br\/wp-content\/uploads\/2025\/06\/policia-militar-entrega-agasalhos-em-Feira-de-Santana.jpg\" alt=\"major Allan Ara\u00fajo, comandante da 65\u00aa CIPM,\"><figcaption>Foto: PMBA<\/figcaption><\/figure>\n<\/div>\n<p>A Pol\u00edcia Militar de Feira de Santana, seguindo seu planejamento estrat\u00e9gico que engloba, n\u00e3o s\u00f3 policiamento ostensivo, mas tamb\u00e9m a\u00e7\u00f5es educativas, sociais e filantr\u00f3picas, realizou, na tarde de quinta-feira (26),  entrega de cobertores a moradores em situa\u00e7\u00e3o de vulnerabilidade social no bairro Avi\u00e1rio, em uma \u00e1rea conhecida como \u201cCidade do Pl\u00e1stico\u201d. A a\u00e7\u00e3o faz parte da Campanha do Agasalho 2025, coordenada pelo Col\u00e9gio da Pol\u00edcia Militar Diva Portela, com o apoio do Comando de Policiamento da Regi\u00e3o Leste e da 65\u00aa Companhia Independente de Pol\u00edcia Militar (CIPM).<\/p>\n<p>Conforme ressaltou o major Allan Ara\u00fajo, comandante da 65\u00aa CIPM, ao Acorda Cidade, a iniciativa tem como objetivo prestar apoio \u00e0s comunidades mais afetadas com a chegada do inverno, contribuindo para a prote\u00e7\u00e3o de pessoas em situa\u00e7\u00e3o de vulnerabilidade.<\/p>\n<p>As doa\u00e7\u00f5es distribu\u00eddas foram arrecadadas junto \u00e0 sociedade civil e ao setor privado. \u201cAs doa\u00e7\u00f5es foram realizadas por pessoas f\u00edsicas e empresas, pessoas jur\u00eddicas que abra\u00e7aram a causa. Entenderam a import\u00e2ncia da filantropia nesse momento de in\u00edcio do frio, do inverno. Foram pessoas que enxergaram a necessidade das pessoas carentes, especialmente as pessoas que residem no sub\u00farbio, as pessoas que est\u00e3o em condi\u00e7\u00e3o de vulnerabilidade que necessitam desse apoio nesse momento. Ent\u00e3o, fica aqui a oportunidade de agradecer a todas elas, especialmente as empresas que doaram a maior parcela, a maior quantidade de itens que est\u00e3o sendo doados agora, que est\u00e3o sendo repassados para a comunidade. Fica o nosso agradecimento\u201d, afirmou o major.<\/p>\n<p>A escolha da comunidade da Cidade do Pl\u00e1stico levou em considera\u00e7\u00e3o o contexto social e as dificuldades enfrentadas por seus moradores. \u201cAquela comunidade \u00e9 historicamente conhecida como uma \u00e1rea de extrema pobreza, uma comunidade que exige muito do olhar do poder p\u00fablico para sanar algumas dificuldades que existem ali\u201d, disse o comandante ao Acorda Cidade.<\/p>\n<p>O major tamb\u00e9m destacou os fatores que agravam a situa\u00e7\u00e3o local escolhido, como a umidade e a precariedade de estrutura e saneamento. \u201cNesse momento, essa comunidade foi observada, mas existem outros locais de Feira de Santana que certamente ser\u00e3o observados tamb\u00e9m\u201d, concluiu.<\/p>\n<p><em>Siga o Acorda Cidade no<\/em><a href=\"https:\/\/news.google.com\/search?q=acorda%20cidade&amp;hl=pt-BR&amp;gl=BR&amp;ceid=BR%3Apt-419\"><strong><em>\u00a0Google Not\u00edcias<\/em><\/strong><\/a><em>\u00a0e receba os principais destaques do dia. Participe tamb\u00e9m dos nossos canais no\u00a0<\/em><a href=\"https:\/\/www.whatsapp.com\/channel\/0029Va6Rb4v3WHTNnsh8WI3N\"><strong><em>WhatsApp<\/em><\/strong><\/a><em>\u00a0e\u00a0<\/em><a href=\"https:\/\/www.youtube.com\/@acordacidadenoticias\/videos\"><strong>Youtube<\/strong><\/a><em>\u00a0e grupo de\u00a0<\/em><a href=\"https:\/\/t.me\/+sSz0khrgARA0ZmRh\"><strong><em>Telegram<\/em><\/strong><\/a><em>.<\/em><\/p>\n<\/div>\n","protected":false},"excerpt":{"rendered":"<div>\n<div>\n<figure><img decoding=\"async\" src=\"https:\/\/uploads.acordacidade.com.br\/2025\/06\/policia-militar-entrega-agasalhos-em-Feira-de-Santana.jpg\" alt=\"major Allan Ara\u00fajo, comandante da 65\u00aa CIPM,\"><figcaption>Foto: PMBA<\/figcaption><\/figure>\n<\/div>\n<p>A Pol\u00edcia Militar de Feira de Santana, seguindo seu planejamento estrat\u00e9gico que engloba, n\u00e3o s\u00f3 policiamento ostensivo, mas tamb\u00e9m a\u00e7\u00f5es educativas, sociais e filantr\u00f3picas, realizou, na tarde de quinta-feira (26), entrega de cobertores a moradores em situa\u00e7\u00e3o de vulnerabilidade social no bairro Avi\u00e1rio, em uma \u00e1rea conhecida como \u201cCidade do Pl\u00e1stico\u201d. A a\u00e7\u00e3o faz parte [\u2026]<\/p><\/div>\n","protected":false},"author":1,"featured_media":91242,"comment_status":"closed","ping_status":"closed","sticky":false,"template":"","format":"gallery","meta":{"footnotes":""},"categories":[8,9,6,57,56,10],"tags":[],"class_list":["post-91241","post","type-post","status-publish","format-gallery","has-post-thumbnail","hentry","category-bahia","category-brasil","category-feira-de-santana","category-mundo","category-policia","category-politica","post_format-post-format-gallery"],"featured_image_urls":{"full":["https:\/\/noticiasbahia360.com.br\/wp-content\/uploads\/2025\/06\/policia-militar-entrega-agasalhos-em-Feira-de-Santana.jpg",1200,817,false],"thumbnail":["https:\/\/noticiasbahia360.com.br\/wp-content\/uploads\/2025\/06\/policia-militar-entrega-agasalhos-em-Feira-de-Santana-150x150.jpg",150,150,true],"medium":["https:\/\/noticiasbahia360.com.br\/wp-content\/uploads\/2025\/06\/policia-militar-entrega-agasalhos-em-Feira-de-Santana-300x204.jpg",300,204,true],"medium_large":["https:\/\/noticiasbahia360.com.br\/wp-content\/uploads\/2025\/06\/policia-militar-entrega-agasalhos-em-Feira-de-Santana-768x523.jpg",640,436,true],"large":["https:\/\/noticiasbahia360.com.br\/wp-content\/uploads\/2025\/06\/policia-militar-entrega-agasalhos-em-Feira-de-Santana-1024x697.jpg",640,436,true],"1536x1536":["https:\/\/noticiasbahia360.com.br\/wp-content\/uploads\/2025\/06\/policia-militar-entrega-agasalhos-em-Feira-de-Santana.jpg",1200,817,false],"2048x2048":["https:\/\/noticiasbahia360.com.br\/wp-content\/uploads\/2025\/06\/policia-militar-entrega-agasalhos-em-Feira-de-Santana.jpg",1200,817,false],"chromenews-featured":["https:\/\/noticiasbahia360.com.br\/wp-content\/uploads\/2025\/06\/policia-militar-entrega-agasalhos-em-Feira-de-Santana-1024x697.jpg",1024,697,true],"chromenews-large":["https:\/\/noticiasbahia360.com.br\/wp-content\/uploads\/2025\/06\/policia-militar-entrega-agasalhos-em-Feira-de-Santana-825x575.jpg",825,575,true],"chromenews-medium":["https:\/\/noticiasbahia360.com.br\/wp-content\/uploads\/2025\/06\/policia-militar-entrega-agasalhos-em-Feira-de-Santana-590x410.jpg",590,410,true]},"author_info":{"display_name":"noticiasbahia360.com.br","author_link":"https:\/\/noticiasbahia360.com.br\/?author=1"},"category_info":"<a href=\"https:\/\/noticiasbahia360.com.br\/?cat=8\" rel=\"category\">Bahia<\/a> <a href=\"https:\/\/noticiasbahia360.com.br\/?cat=9\" rel=\"category\">Brasil<\/a> <a href=\"https:\/\/noticiasbahia360.com.br\/?cat=6\" rel=\"category\">Feira de Santana<\/a> <a href=\"https:\/\/noticiasbahia360.com.br\/?cat=57\" rel=\"category\">Mundo<\/a> <a href=\"https:\/\/noticiasbahia360.com.br\/?cat=56\" rel=\"category\">Pol\u00edcia<\/a> <a href=\"https:\/\/noticiasbahia360.com.br\/?cat=10\" rel=\"category\">Pol\u00edtica<\/a>","tag_info":"Pol\u00edtica","comment_count":"0","_links":{"self":[{"href":"https:\/\/noticiasbahia360.com.br\/index.php?rest_route=\/wp\/v2\/posts\/91241","targetHints":{"allow":["GET"]}}],"collection":[{"href":"https:\/\/noticiasbahia360.com.br\/index.php?rest_route=\/wp\/v2\/posts"}],"about":[{"href":"https:\/\/noticiasbahia360.com.br\/index.php?rest_route=\/wp\/v2\/types\/post"}],"author":[{"embeddable":true,"href":"https:\/\/noticiasbahia360.com.br\/index.php?rest_route=\/wp\/v2\/users\/1"}],"replies":[{"embeddable":true,"href":"https:\/\/noticiasbahia360.com.br\/index.php?rest_route=%2Fwp%2Fv2%2Fcomments&post=91241"}],"version-history":[{"count":0,"href":"https:\/\/noticiasbahia360.com.br\/index.php?rest_route=\/wp\/v2\/posts\/91241\/revisions"}],"wp:featuredmedia":[{"embeddable":true,"href":"https:\/\/noticiasbahia360.com.br\/index.php?rest_route=\/wp\/v2\/media\/91242"}],"wp:attachment":[{"href":"https:\/\/noticiasbahia360.com.br\/index.php?rest_route=%2Fwp%2Fv2%2Fmedia&parent=91241"}],"wp:term":[{"taxonomy":"category","embeddable":true,"href":"https:\/\/noticiasbahia360.com.br\/index.php?rest_route=%2Fwp%2Fv2%2Fcategories&post=91241"},{"taxonomy":"post_tag","embeddable":true,"href":"https:\/\/noticiasbahia360.com.br\/index.php?rest_route=%2Fwp%2Fv2%2Ftags&post=91241"}],"curies":[{"name":"wp","href":"https:\/\/api.w.org\/{rel}","templated":true}]}}