{"id":91243,"date":"2025-06-27T07:20:04","date_gmt":"2025-06-27T10:20:04","guid":{"rendered":"https:\/\/noticiasbahia360.com.br\/?p=91243"},"modified":"2025-06-27T07:20:04","modified_gmt":"2025-06-27T10:20:04","slug":"mato-crescendo-e-esgoto-na-porta-moradores-denunciam-situacao-de-posto-de-saude","status":"publish","type":"post","link":"https:\/\/noticiasbahia360.com.br\/?p=91243","title":{"rendered":"Mato crescendo e esgoto na porta: moradores denunciam situa\u00e7\u00e3o de posto de sa\u00fade"},"content":{"rendered":"<div>\n<div>\n<figure><img decoding=\"async\" src=\"http:\/\/noticiasbahia360.com.br\/wp-content\/uploads\/2025\/06\/postodesaude_parquelagoasubae_foto_edsantos_acordacidade.jpg\" alt=\"Posto de Sa\u00fade do bairro Parque Lagoa Suba\u00e9\"><figcaption>Foto: Ed Santos\/Acorda Cidade<\/figcaption><\/figure>\n<\/div>\n<p>A situa\u00e7\u00e3o do posto de sa\u00fade do bairro Parque Lagoa Suba\u00e9, em Feira de Santana, preocupa quem precisa do servi\u00e7o. A reportagem do Acorda Cidade esteve no local na manh\u00e3 de quinta-feira (26) e conversou com um morador do bairro, que pontuou melhorias que precisam ser feitas na unidade como capina\u00e7\u00e3o e pintura.<\/p>\n<figure class=\"wp-block-image size-full\"><img fetchpriority=\"high\" data-dominant-color=\"6f8169\" data-has-transparency=\"false\" style=\"--dominant-color: #6f8169;\" fetchpriority=\"high\" decoding=\"async\" width=\"1200\" height=\"798\" sizes=\"(max-width: 1200px) 100vw, 1200px\" src=\"http:\/\/noticiasbahia360.com.br\/wp-content\/uploads\/2025\/06\/Qg2Cs5cO-postodesaude_parquelagoasubae_foto_edsantos_acordacidade_.webp\" alt=\"Posto de Sa\u00fade do bairro Parque Lagoa Suba\u00e9\" class=\"wp-image-569299 not-transparent\" srcset=\"https:\/\/uploads.acordacidade.com.br\/2025\/06\/Qg2Cs5cO-postodesaude_parquelagoasubae_foto_edsantos_acordacidade_-549x365.webp 549w, https:\/\/uploads.acordacidade.com.br\/2025\/06\/Qg2Cs5cO-postodesaude_parquelagoasubae_foto_edsantos_acordacidade_-1155x768.webp 1155w, https:\/\/uploads.acordacidade.com.br\/2025\/06\/Qg2Cs5cO-postodesaude_parquelagoasubae_foto_edsantos_acordacidade_-832x553.webp 832w, https:\/\/uploads.acordacidade.com.br\/2025\/06\/Qg2Cs5cO-postodesaude_parquelagoasubae_foto_edsantos_acordacidade_-150x100.webp 150w, http:\/\/noticiasbahia360.com.br\/wp-content\/uploads\/2025\/06\/Qg2Cs5cO-postodesaude_parquelagoasubae_foto_edsantos_acordacidade_.webp 1200w\"><figcaption class=\"wp-element-caption\">Foto: Ed Santos\/Acorda Cidade<\/figcaption><\/figure>\n<p>Robson da Silva Papa, reside no bairro h\u00e1 bastante tempo. Ele explicou que a estrutura do posto \u00e9 boa, mas faltam alguns cuidados b\u00e1sicos fundamentais para o bom funcionamento do local.<\/p>\n<p>Nas laterais da unidade, o mato est\u00e1 crescendo alto e segundo o morador, na parte interna falta manuten\u00e7\u00e3o de pintura. \u201cUma limpeza est\u00e1 faltando ao redor todo, a gente quer uma limpeza no posto de sa\u00fade, uma pintura que tem que ter.\u201d<\/p>\n<figure class=\"wp-block-image size-full\"><img data-dominant-color=\"798f54\" data-has-transparency=\"false\" style=\"--dominant-color: #798f54;\" decoding=\"async\" width=\"1200\" height=\"675\" sizes=\"(max-width: 1200px) 100vw, 1200px\" src=\"http:\/\/noticiasbahia360.com.br\/wp-content\/uploads\/2025\/06\/XhpSd85V-robsondasilva_postodesaude_parquelagoasubae_foto_edsantos_acordacidade.webp\" alt=\"Posto de Sa\u00fade do bairro Parque Lagoa Suba\u00e9\" class=\"wp-image-569301 not-transparent\" srcset=\"https:\/\/uploads.acordacidade.com.br\/2025\/06\/XhpSd85V-robsondasilva_postodesaude_parquelagoasubae_foto_edsantos_acordacidade-648x365.webp 648w, https:\/\/uploads.acordacidade.com.br\/2025\/06\/XhpSd85V-robsondasilva_postodesaude_parquelagoasubae_foto_edsantos_acordacidade-150x84.webp 150w, http:\/\/noticiasbahia360.com.br\/wp-content\/uploads\/2025\/06\/XhpSd85V-robsondasilva_postodesaude_parquelagoasubae_foto_edsantos_acordacidade.webp 1200w\"><figcaption class=\"wp-element-caption\">Robson da Silva, morador do bairro \u2013 Foto: Ed Santos\/Acorda Cidade<\/figcaption><\/figure>\n<p>Na frente do Posto de Sa\u00fade, uma grande po\u00e7a de \u00e1gua do esgoto se formou. Robson explicou que frequentemente equipes da Embasa v\u00e3o desentupir, mas com o cuidado paliativo, n\u00e3o demora e a situa\u00e7\u00e3o volta a acontecer.\u00a0<\/p>\n<p>\u201cBasta meia hora de uma chuvinha, mesma coisa de novo. Ent\u00e3o o que tem que fazer, \u00e9 vim um engenheiro da Embasa analisar para fazer um trabalho melhor.\u201d<\/p>\n<figure class=\"wp-block-image size-full\"><img data-dominant-color=\"848877\" data-has-transparency=\"false\" style=\"--dominant-color: #848877;\" decoding=\"async\" width=\"1200\" height=\"675\" sizes=\"(max-width: 1200px) 100vw, 1200px\" src=\"http:\/\/noticiasbahia360.com.br\/wp-content\/uploads\/2025\/06\/vbj0CSzK-postodesaude_parquelagoasubae_esgoto_foto_edsantos_acordacidade.webp\" alt=\"Posto de Sa\u00fade do bairro Parque Lagoa Suba\u00e9\" class=\"wp-image-569302 not-transparent\" srcset=\"https:\/\/uploads.acordacidade.com.br\/2025\/06\/vbj0CSzK-postodesaude_parquelagoasubae_esgoto_foto_edsantos_acordacidade-648x365.webp 648w, https:\/\/uploads.acordacidade.com.br\/2025\/06\/vbj0CSzK-postodesaude_parquelagoasubae_esgoto_foto_edsantos_acordacidade-150x84.webp 150w, http:\/\/noticiasbahia360.com.br\/wp-content\/uploads\/2025\/06\/vbj0CSzK-postodesaude_parquelagoasubae_esgoto_foto_edsantos_acordacidade.webp 1200w\"><figcaption class=\"wp-element-caption\">Foto: Ed Santos\/Acorda Cidade<\/figcaption><\/figure>\n<p>Segundo o morador, o problema \u00e9 frequente por falta de limpeza nas redes pluviais, que acabam entupindo com qualquer quantidade de chuva, o que abre precedentes para o surgimento do mosquito Aedes Aegypti, transmissor da dengue, por exemplo.<\/p>\n<p>\u201cTem que fazer limpeza pluvial. Porque n\u00e3o existe, uma \u00e1gua podre em frente de um Posto de Sa\u00fade. A minha menina vem pro col\u00e9gio tem que passar dentro da \u00e1gua. A limpeza do bairro est\u00e1 faltando.\u201d, ressaltou Robson.<\/p>\n<h2 class=\"wp-block-heading\" id=\"h-atendimento-odontologico\">Atendimento Odontol\u00f3gico<\/h2>\n<p>O morador tamb\u00e9m falou sobre o funcionamento operacional do posto. Ele relatou que para o atendimento odontol\u00f3gico, chegaram cadeiras novas, mas ainda n\u00e3o chegou ar-condicionado para as salas, e por isso o servi\u00e7o ainda n\u00e3o est\u00e1 funcionando.<\/p>\n<p>\u201cO Posto de Sa\u00fade tem uma boa estrutura. Chegou agora as cadeiras do dentista e est\u00e1 faltando o ar-condicionado. Para atender, tem que ter o ar-condicionado.\u201d<\/p>\n<p>Os moradores esperam maior aten\u00e7\u00e3o dos servi\u00e7os p\u00fablicos para os problemas que afetam o lugar de forma interna e externamente.<\/p>\n<p>O Acorda Cidade entrou em contato com a Prefeitura Municipal de Feira de Santana e aguarda retorno.<\/p>\n<p><em>Com informa\u00e7\u00f5es do rep\u00f3rter Ed Santos do Acorda Cidade<\/em><\/p>\n<p><em>Siga o Acorda Cidade no<\/em><a href=\"https:\/\/news.google.com\/search?q=acorda%20cidade&amp;hl=pt-BR&amp;gl=BR&amp;ceid=BR%3Apt-419\"><strong><em> Google Not\u00edcias<\/em><\/strong><\/a><em> e receba os principais destaques do dia. Participe tamb\u00e9m dos nossos canais no <\/em><a href=\"https:\/\/whatsapp.com\/channel\/0029Va6Rb4v3WHTNnsh8WI3N\"><strong><em>WhatsApp<\/em><\/strong><\/a><em> e <\/em><a href=\"https:\/\/www.youtube.com\/@acordacidadenoticias\/videos\"><strong>Youtube<\/strong><\/a><em> e grupo de <\/em><a href=\"https:\/\/t.me\/+sSz0khrgARA0ZmRh\"><strong><em>Telegram<\/em><\/strong><\/a><em>.<\/em><\/p>\n<\/div>\n","protected":false},"excerpt":{"rendered":"<div>\n<div>\n<figure><img decoding=\"async\" src=\"https:\/\/uploads.acordacidade.com.br\/2025\/06\/postodesaude_parquelagoasubae_foto_edsantos_acordacidade.jpg\" alt=\"Posto de Sa\u00fade do bairro Parque Lagoa Suba\u00e9\"><figcaption>Foto: Ed Santos\/Acorda Cidade<\/figcaption><\/figure>\n<\/div>\n<p>Moradores cobram mais aten\u00e7\u00e3o da prefeitura e Embasa para o local<\/p><\/div>\n","protected":false},"author":1,"featured_media":91244,"comment_status":"closed","ping_status":"closed","sticky":false,"template":"","format":"gallery","meta":{"footnotes":""},"categories":[8,9,6,57,56,10],"tags":[],"class_list":["post-91243","post","type-post","status-publish","format-gallery","has-post-thumbnail","hentry","category-bahia","category-brasil","category-feira-de-santana","category-mundo","category-policia","category-politica","post_format-post-format-gallery"],"featured_image_urls":{"full":["https:\/\/noticiasbahia360.com.br\/wp-content\/uploads\/2025\/06\/postodesaude_parquelagoasubae_foto_edsantos_acordacidade.jpg",1200,675,false],"thumbnail":["https:\/\/noticiasbahia360.com.br\/wp-content\/uploads\/2025\/06\/postodesaude_parquelagoasubae_foto_edsantos_acordacidade-150x150.jpg",150,150,true],"medium":["https:\/\/noticiasbahia360.com.br\/wp-content\/uploads\/2025\/06\/postodesaude_parquelagoasubae_foto_edsantos_acordacidade-300x169.jpg",300,169,true],"medium_large":["https:\/\/noticiasbahia360.com.br\/wp-content\/uploads\/2025\/06\/postodesaude_parquelagoasubae_foto_edsantos_acordacidade-768x432.jpg",640,360,true],"large":["https:\/\/noticiasbahia360.com.br\/wp-content\/uploads\/2025\/06\/postodesaude_parquelagoasubae_foto_edsantos_acordacidade-1024x576.jpg",640,360,true],"1536x1536":["https:\/\/noticiasbahia360.com.br\/wp-content\/uploads\/2025\/06\/postodesaude_parquelagoasubae_foto_edsantos_acordacidade.jpg",1200,675,false],"2048x2048":["https:\/\/noticiasbahia360.com.br\/wp-content\/uploads\/2025\/06\/postodesaude_parquelagoasubae_foto_edsantos_acordacidade.jpg",1200,675,false],"chromenews-featured":["https:\/\/noticiasbahia360.com.br\/wp-content\/uploads\/2025\/06\/postodesaude_parquelagoasubae_foto_edsantos_acordacidade-1024x576.jpg",1024,576,true],"chromenews-large":["https:\/\/noticiasbahia360.com.br\/wp-content\/uploads\/2025\/06\/postodesaude_parquelagoasubae_foto_edsantos_acordacidade-825x575.jpg",825,575,true],"chromenews-medium":["https:\/\/noticiasbahia360.com.br\/wp-content\/uploads\/2025\/06\/postodesaude_parquelagoasubae_foto_edsantos_acordacidade-590x410.jpg",590,410,true]},"author_info":{"display_name":"noticiasbahia360.com.br","author_link":"https:\/\/noticiasbahia360.com.br\/?author=1"},"category_info":"<a href=\"https:\/\/noticiasbahia360.com.br\/?cat=8\" rel=\"category\">Bahia<\/a> <a href=\"https:\/\/noticiasbahia360.com.br\/?cat=9\" rel=\"category\">Brasil<\/a> <a href=\"https:\/\/noticiasbahia360.com.br\/?cat=6\" rel=\"category\">Feira de Santana<\/a> <a href=\"https:\/\/noticiasbahia360.com.br\/?cat=57\" rel=\"category\">Mundo<\/a> <a href=\"https:\/\/noticiasbahia360.com.br\/?cat=56\" rel=\"category\">Pol\u00edcia<\/a> <a href=\"https:\/\/noticiasbahia360.com.br\/?cat=10\" rel=\"category\">Pol\u00edtica<\/a>","tag_info":"Pol\u00edtica","comment_count":"0","_links":{"self":[{"href":"https:\/\/noticiasbahia360.com.br\/index.php?rest_route=\/wp\/v2\/posts\/91243","targetHints":{"allow":["GET"]}}],"collection":[{"href":"https:\/\/noticiasbahia360.com.br\/index.php?rest_route=\/wp\/v2\/posts"}],"about":[{"href":"https:\/\/noticiasbahia360.com.br\/index.php?rest_route=\/wp\/v2\/types\/post"}],"author":[{"embeddable":true,"href":"https:\/\/noticiasbahia360.com.br\/index.php?rest_route=\/wp\/v2\/users\/1"}],"replies":[{"embeddable":true,"href":"https:\/\/noticiasbahia360.com.br\/index.php?rest_route=%2Fwp%2Fv2%2Fcomments&post=91243"}],"version-history":[{"count":0,"href":"https:\/\/noticiasbahia360.com.br\/index.php?rest_route=\/wp\/v2\/posts\/91243\/revisions"}],"wp:featuredmedia":[{"embeddable":true,"href":"https:\/\/noticiasbahia360.com.br\/index.php?rest_route=\/wp\/v2\/media\/91244"}],"wp:attachment":[{"href":"https:\/\/noticiasbahia360.com.br\/index.php?rest_route=%2Fwp%2Fv2%2Fmedia&parent=91243"}],"wp:term":[{"taxonomy":"category","embeddable":true,"href":"https:\/\/noticiasbahia360.com.br\/index.php?rest_route=%2Fwp%2Fv2%2Fcategories&post=91243"},{"taxonomy":"post_tag","embeddable":true,"href":"https:\/\/noticiasbahia360.com.br\/index.php?rest_route=%2Fwp%2Fv2%2Ftags&post=91243"}],"curies":[{"name":"wp","href":"https:\/\/api.w.org\/{rel}","templated":true}]}} 