{"id":91253,"date":"2025-06-27T08:36:44","date_gmt":"2025-06-27T11:36:44","guid":{"rendered":"https:\/\/noticiasbahia360.com.br\/?p=91253"},"modified":"2025-06-27T08:36:44","modified_gmt":"2025-06-27T11:36:44","slug":"chefe-de-gabinete-de-jose-ronaldo-recebe-alta-da-uti","status":"publish","type":"post","link":"https:\/\/noticiasbahia360.com.br\/?p=91253","title":{"rendered":"Chefe de Gabinete de Jos\u00e9 Ronaldo recebe alta da UTI"},"content":{"rendered":"<div>\n<div>\n<figure><img decoding=\"async\" src=\"http:\/\/noticiasbahia360.com.br\/wp-content\/uploads\/2025\/06\/mario-borges-chefe-de-gabinete-foto-divulgacao-assessoria.jpg\" alt=\"chefe do gabinete do prefeito\"><figcaption>M\u00e1rio Borges, chefe do gabinete do prefeito | Foto: Divulga\u00e7\u00e3o \/ Assessoria <\/figcaption><\/figure>\n<\/div>\n<p>A Prefeitura de Feira de Santana informa que o chefe de Gabinete do prefeito Jos\u00e9 Ronaldo, M\u00e1rio Borges, recebeu alta da Unidade de Terapia Intensiva (<a href=\"https:\/\/www.acordacidade.com.br\/tag\/leitos-de-uti\/\">UTI<\/a>) na tarde desta quinta-feira, 26 de junho, ap\u00f3s apresentar significativa melhora cl\u00ednica.<\/p>\n<p>M\u00e1rio Borges permanece internado na enfermaria do Hospital S\u00e3o Matheus, em processo de recupera\u00e7\u00e3o, ap\u00f3s ter sofrido um Acidente Vascular Cerebral (AVC) hemorr\u00e1gico na \u00faltima segunda-feira, dia 23. Desde o ocorrido, seu quadro de sa\u00fade vem sendo acompanhado de forma cont\u00ednua e intensiva pela equipe m\u00e9dica.<\/p>\n<p>Durante o per\u00edodo de recupera\u00e7\u00e3o, o prefeito Jos\u00e9 Ronaldo designou o secret\u00e1rio municipal de Governo, Luiz Carlos de Carvalho Bahia Neto (Neto Bahia), para responder interinamente pela Chefia de Gabinete.<\/p>\n<p>A Prefeitura agradece as manifesta\u00e7\u00f5es de apoio e solidariedade recebidas e refor\u00e7a sua confian\u00e7a na plena recupera\u00e7\u00e3o de M\u00e1rio Borges.<\/p>\n<p><em>As informa\u00e7\u00f5es s\u00e3o da Secretaria de Comunica\u00e7\u00e3o Social<\/em><\/p>\n<p><em>Siga o Acorda Cidade no<\/em><a href=\"https:\/\/news.google.com\/search?q=acorda%20cidade&amp;hl=pt-BR&amp;gl=BR&amp;ceid=BR%3Apt-419\"><strong><em> Google Not\u00edcias<\/em><\/strong><\/a><em> e receba os principais destaques do dia. Participe tamb\u00e9m dos nossos canais no <\/em><a href=\"https:\/\/whatsapp.com\/channel\/0029Va6Rb4v3WHTNnsh8WI3N\"><strong><em>WhatsApp<\/em><\/strong><\/a><em> e <\/em><a href=\"https:\/\/www.youtube.com\/@acordacidadenoticias\/videos\"><strong>Youtube<\/strong><\/a><em> e grupo de <\/em><a href=\"https:\/\/t.me\/+sSz0khrgARA0ZmRh\"><strong><em>Telegram<\/em><\/strong><\/a><em>.<\/em><\/p>\n<\/div>\n","protected":false},"excerpt":{"rendered":"<div>\n<div>\n<figure><img decoding=\"async\" src=\"https:\/\/uploads.acordacidade.com.br\/2024\/12\/mario-borges-chefe-de-gabinete-foto-divulgacao-assessoria.jpg\" alt=\"chefe do gabinete do prefeito\"><figcaption>M\u00e1rio Borges, chefe do gabinete do prefeito | Foto: Divulga\u00e7\u00e3o \/ Assessoria <\/figcaption><\/figure>\n<\/div>\n<p>Ele permanece internado na enfermaria do Hospital S\u00e3o Matheus.<\/p><\/div>\n","protected":false},"author":1,"featured_media":91254,"comment_status":"closed","ping_status":"closed","sticky":false,"template":"","format":"gallery","meta":{"footnotes":""},"categories":[8,9,6,57,56,10],"tags":[],"class_list":["post-91253","post","type-post","status-publish","format-gallery","has-post-thumbnail","hentry","category-bahia","category-brasil","category-feira-de-santana","category-mundo","category-policia","category-politica","post_format-post-format-gallery"],"featured_image_urls":{"full":["https:\/\/noticiasbahia360.com.br\/wp-content\/uploads\/2025\/06\/mario-borges-chefe-de-gabinete-foto-divulgacao-assessoria.jpg",640,360,false],"thumbnail":["https:\/\/noticiasbahia360.com.br\/wp-content\/uploads\/2025\/06\/mario-borges-chefe-de-gabinete-foto-divulgacao-assessoria-150x150.jpg",150,150,true],"medium":["https:\/\/noticiasbahia360.com.br\/wp-content\/uploads\/2025\/06\/mario-borges-chefe-de-gabinete-foto-divulgacao-assessoria-300x169.jpg",300,169,true],"medium_large":["https:\/\/noticiasbahia360.com.br\/wp-content\/uploads\/2025\/06\/mario-borges-chefe-de-gabinete-foto-divulgacao-assessoria.jpg",640,360,false],"large":["https:\/\/noticiasbahia360.com.br\/wp-content\/uploads\/2025\/06\/mario-borges-chefe-de-gabinete-foto-divulgacao-assessoria.jpg",640,360,false],"1536x1536":["https:\/\/noticiasbahia360.com.br\/wp-content\/uploads\/2025\/06\/mario-borges-chefe-de-gabinete-foto-divulgacao-assessoria.jpg",640,360,false],"2048x2048":["https:\/\/noticiasbahia360.com.br\/wp-content\/uploads\/2025\/06\/mario-borges-chefe-de-gabinete-foto-divulgacao-assessoria.jpg",640,360,false],"chromenews-featured":["https:\/\/noticiasbahia360.com.br\/wp-content\/uploads\/2025\/06\/mario-borges-chefe-de-gabinete-foto-divulgacao-assessoria.jpg",640,360,false],"chromenews-large":["https:\/\/noticiasbahia360.com.br\/wp-content\/uploads\/2025\/06\/mario-borges-chefe-de-gabinete-foto-divulgacao-assessoria.jpg",640,360,false],"chromenews-medium":["https:\/\/noticiasbahia360.com.br\/wp-content\/uploads\/2025\/06\/mario-borges-chefe-de-gabinete-foto-divulgacao-assessoria-590x360.jpg",590,360,true]},"author_info":{"display_name":"noticiasbahia360.com.br","author_link":"https:\/\/noticiasbahia360.com.br\/?author=1"},"category_info":"<a href=\"https:\/\/noticiasbahia360.com.br\/?cat=8\" rel=\"category\">Bahia<\/a> <a href=\"https:\/\/noticiasbahia360.com.br\/?cat=9\" rel=\"category\">Brasil<\/a> <a href=\"https:\/\/noticiasbahia360.com.br\/?cat=6\" rel=\"category\">Feira de Santana<\/a> <a href=\"https:\/\/noticiasbahia360.com.br\/?cat=57\" rel=\"category\">Mundo<\/a> <a href=\"https:\/\/noticiasbahia360.com.br\/?cat=56\" rel=\"category\">Pol\u00edcia<\/a> <a href=\"https:\/\/noticiasbahia360.com.br\/?cat=10\" rel=\"category\">Pol\u00edtica<\/a>","tag_info":"Pol\u00edtica","comment_count":"0","_links":{"self":[{"href":"https:\/\/noticiasbahia360.com.br\/index.php?rest_route=\/wp\/v2\/posts\/91253","targetHints":{"allow":["GET"]}}],"collection":[{"href":"https:\/\/noticiasbahia360.com.br\/index.php?rest_route=\/wp\/v2\/posts"}],"about":[{"href":"https:\/\/noticiasbahia360.com.br\/index.php?rest_route=\/wp\/v2\/types\/post"}],"author":[{"embeddable":true,"href":"https:\/\/noticiasbahia360.com.br\/index.php?rest_route=\/wp\/v2\/users\/1"}],"replies":[{"embeddable":true,"href":"https:\/\/noticiasbahia360.com.br\/index.php?rest_route=%2Fwp%2Fv2%2Fcomments&post=91253"}],"version-history":[{"count":0,"href":"https:\/\/noticiasbahia360.com.br\/index.php?rest_route=\/wp\/v2\/posts\/91253\/revisions"}],"wp:featuredmedia":[{"embeddable":true,"href":"https:\/\/noticiasbahia360.com.br\/index.php?rest_route=\/wp\/v2\/media\/91254"}],"wp:attachment":[{"href":"https:\/\/noticiasbahia360.com.br\/index.php?rest_route=%2Fwp%2Fv2%2Fmedia&parent=91253"}],"wp:term":[{"taxonomy":"category","embeddable":true,"href":"https:\/\/noticiasbahia360.com.br\/index.php?rest_route=%2Fwp%2Fv2%2Fcategories&post=91253"},{"taxonomy":"post_tag","embeddable":true,"href":"https:\/\/noticiasbahia360.com.br\/index.php?rest_route=%2Fwp%2Fv2%2Ftags&post=91253"}],"curies":[{"name":"wp","href":"https:\/\/api.w.org\/{rel}","templated":true}]}}