{"id":91255,"date":"2025-06-27T08:36:45","date_gmt":"2025-06-27T11:36:45","guid":{"rendered":"https:\/\/noticiasbahia360.com.br\/?p=91255"},"modified":"2025-06-27T08:36:45","modified_gmt":"2025-06-27T11:36:45","slug":"ultimos-dias-para-garantir-desconto-de-20-em-cota-unica-do-iptu-ceaf-funcionara-em-horario-especial","status":"publish","type":"post","link":"https:\/\/noticiasbahia360.com.br\/?p=91255","title":{"rendered":"\u00daltimos dias para garantir desconto de 20% em cota \u00fanica do IPTU; Ceaf funcionar\u00e1 em hor\u00e1rio especial"},"content":{"rendered":"<div>\n<div>\n<figure><img decoding=\"async\" src=\"http:\/\/noticiasbahia360.com.br\/wp-content\/uploads\/2025\/06\/ceaf_descontoiptu_2025_prefeituradefeira.jpg\" alt=\"Centro de Atendimento ao Feirense\"><figcaption>Foto: Secom da Prefeitura<\/figcaption><\/figure>\n<\/div>\n<p>Nos pr\u00f3ximos dias 27 de junho (sexta-feira) e 30 de junho (segunda-feira), o Centro de Atendimento ao Feirense (Ceaf) estar\u00e1 funcionando em hor\u00e1rio especial, das 08:00h \u00e0s 17:00h, para atender aos <a href=\"https:\/\/www.acordacidade.com.br\/tag\/contribuintes\/\">contribuintes<\/a> que desejam efetuar o pagamento do IPTU 2025.<\/p>\n<p>Estes s\u00e3o os \u00faltimos dias para quem deseja garantir o desconto de 20% no pagamento da cota \u00fanica do Imposto Predial e Territorial Urbano (IPTU) referente ao exerc\u00edcio de 2025. O prazo final para o pagamento com o desconto \u00e9 at\u00e9 30 de junho de 2025.<\/p>\n<h2 class=\"wp-block-heading\" id=\"h-como-quitar-o-iptu-2025\"><strong>Como quitar o IPTU 2025<\/strong><\/h2>\n<p>A Prefeitura de Feira de Santana facilitou o processo de quita\u00e7\u00e3o do tributo para os contribuintes. As guias de pagamento do IPTU 2025 est\u00e3o dispon\u00edveis nas seguintes op\u00e7\u00f5es:<\/p>\n<ul class=\"wp-block-list\">\n<li>Online: No site oficial da Secretaria Municipal da Fazenda (www.sefaz.feiradesantana.ba.gov.br)<\/li>\n<li>Presencial: No Centro de Atendimento ao Contribuinte (CEAF), localizado na Rua Bar\u00e3o de Cotegipe, n\u00ba 764, Centro.<\/li>\n<li>E-mail: Solicite a guia por meio do e-mail dat@sefaz.feiradesantana.ba.gov.br.<\/li>\n<\/ul>\n<p>Para maior conveni\u00eancia dos contribuintes, o pagamento pode ser realizado via PIX, uma forma r\u00e1pida e pr\u00e1tica de efetuar a quita\u00e7\u00e3o.<\/p>\n<p><em>Siga o Acorda Cidade no<\/em><a href=\"https:\/\/news.google.com\/search?q=acorda%20cidade&amp;hl=pt-BR&amp;gl=BR&amp;ceid=BR%3Apt-419\"><strong><em> Google Not\u00edcias<\/em><\/strong><\/a><em> e receba os principais destaques do dia. Participe tamb\u00e9m dos nossos canais no <\/em><a href=\"https:\/\/whatsapp.com\/channel\/0029Va6Rb4v3WHTNnsh8WI3N\"><strong><em>WhatsApp<\/em><\/strong><\/a><em> e <\/em><a href=\"https:\/\/www.youtube.com\/@acordacidadenoticias\/videos\"><strong>Youtube<\/strong><\/a><em> e grupo de <\/em><a href=\"https:\/\/t.me\/+sSz0khrgARA0ZmRh\"><strong><em>Telegram<\/em><\/strong><\/a><em>.<\/em><\/p>\n<\/div>\n","protected":false},"excerpt":{"rendered":"<div>\n<div>\n<figure><img decoding=\"async\" src=\"https:\/\/uploads.acordacidade.com.br\/2025\/06\/ceaf_descontoiptu_2025_prefeituradefeira.jpg\" alt=\"Centro de Atendimento ao Feirense\"><figcaption>Foto: Secom da Prefeitura<\/figcaption><\/figure>\n<\/div>\n<p>Prazo para adquirir o desconto \u00e9 at\u00e9 o dia 30 de junho, pr\u00f3xima segunda-feira<\/p><\/div>\n","protected":false},"author":1,"featured_media":91256,"comment_status":"closed","ping_status":"closed","sticky":false,"template":"","format":"gallery","meta":{"footnotes":""},"categories":[8,9,6,57,56,10],"tags":[],"class_list":["post-91255","post","type-post","status-publish","format-gallery","has-post-thumbnail","hentry","category-bahia","category-brasil","category-feira-de-santana","category-mundo","category-policia","category-politica","post_format-post-format-gallery"],"featured_image_urls":{"full":["https:\/\/noticiasbahia360.com.br\/wp-content\/uploads\/2025\/06\/ceaf_descontoiptu_2025_prefeituradefeira.jpg",1200,799,false],"thumbnail":["https:\/\/noticiasbahia360.com.br\/wp-content\/uploads\/2025\/06\/ceaf_descontoiptu_2025_prefeituradefeira-150x150.jpg",150,150,true],"medium":["https:\/\/noticiasbahia360.com.br\/wp-content\/uploads\/2025\/06\/ceaf_descontoiptu_2025_prefeituradefeira-300x200.jpg",300,200,true],"medium_large":["https:\/\/noticiasbahia360.com.br\/wp-content\/uploads\/2025\/06\/ceaf_descontoiptu_2025_prefeituradefeira-768x511.jpg",640,426,true],"large":["https:\/\/noticiasbahia360.com.br\/wp-content\/uploads\/2025\/06\/ceaf_descontoiptu_2025_prefeituradefeira-1024x682.jpg",640,426,true],"1536x1536":["https:\/\/noticiasbahia360.com.br\/wp-content\/uploads\/2025\/06\/ceaf_descontoiptu_2025_prefeituradefeira.jpg",1200,799,false],"2048x2048":["https:\/\/noticiasbahia360.com.br\/wp-content\/uploads\/2025\/06\/ceaf_descontoiptu_2025_prefeituradefeira.jpg",1200,799,false],"chromenews-featured":["https:\/\/noticiasbahia360.com.br\/wp-content\/uploads\/2025\/06\/ceaf_descontoiptu_2025_prefeituradefeira-1024x682.jpg",1024,682,true],"chromenews-large":["https:\/\/noticiasbahia360.com.br\/wp-content\/uploads\/2025\/06\/ceaf_descontoiptu_2025_prefeituradefeira-825x575.jpg",825,575,true],"chromenews-medium":["https:\/\/noticiasbahia360.com.br\/wp-content\/uploads\/2025\/06\/ceaf_descontoiptu_2025_prefeituradefeira-590x410.jpg",590,410,true]},"author_info":{"display_name":"noticiasbahia360.com.br","author_link":"https:\/\/noticiasbahia360.com.br\/?author=1"},"category_info":"<a href=\"https:\/\/noticiasbahia360.com.br\/?cat=8\" rel=\"category\">Bahia<\/a> <a href=\"https:\/\/noticiasbahia360.com.br\/?cat=9\" rel=\"category\">Brasil<\/a> <a href=\"https:\/\/noticiasbahia360.com.br\/?cat=6\" rel=\"category\">Feira de Santana<\/a> <a href=\"https:\/\/noticiasbahia360.com.br\/?cat=57\" rel=\"category\">Mundo<\/a> <a href=\"https:\/\/noticiasbahia360.com.br\/?cat=56\" rel=\"category\">Pol\u00edcia<\/a> <a href=\"https:\/\/noticiasbahia360.com.br\/?cat=10\" rel=\"category\">Pol\u00edtica<\/a>","tag_info":"Pol\u00edtica","comment_count":"0","_links":{"self":[{"href":"https:\/\/noticiasbahia360.com.br\/index.php?rest_route=\/wp\/v2\/posts\/91255","targetHints":{"allow":["GET"]}}],"collection":[{"href":"https:\/\/noticiasbahia360.com.br\/index.php?rest_route=\/wp\/v2\/posts"}],"about":[{"href":"https:\/\/noticiasbahia360.com.br\/index.php?rest_route=\/wp\/v2\/types\/post"}],"author":[{"embeddable":true,"href":"https:\/\/noticiasbahia360.com.br\/index.php?rest_route=\/wp\/v2\/users\/1"}],"replies":[{"embeddable":true,"href":"https:\/\/noticiasbahia360.com.br\/index.php?rest_route=%2Fwp%2Fv2%2Fcomments&post=91255"}],"version-history":[{"count":0,"href":"https:\/\/noticiasbahia360.com.br\/index.php?rest_route=\/wp\/v2\/posts\/91255\/revisions"}],"wp:featuredmedia":[{"embeddable":true,"href":"https:\/\/noticiasbahia360.com.br\/index.php?rest_route=\/wp\/v2\/media\/91256"}],"wp:attachment":[{"href":"https:\/\/noticiasbahia360.com.br\/index.php?rest_route=%2Fwp%2Fv2%2Fmedia&parent=91255"}],"wp:term":[{"taxonomy":"category","embeddable":true,"href":"https:\/\/noticiasbahia360.com.br\/index.php?rest_route=%2Fwp%2Fv2%2Fcategories&post=91255"},{"taxonomy":"post_tag","embeddable":true,"href":"https:\/\/noticiasbahia360.com.br\/index.php?rest_route=%2Fwp%2Fv2%2Ftags&post=91255"}],"curies":[{"name":"wp","href":"https:\/\/api.w.org\/{rel}","templated":true}]}}