{"id":91257,"date":"2025-06-27T08:49:41","date_gmt":"2025-06-27T11:49:41","guid":{"rendered":"https:\/\/noticiasbahia360.com.br\/?p=91257"},"modified":"2025-06-27T08:49:41","modified_gmt":"2025-06-27T11:49:41","slug":"nota-premiada-sorteio-contempla-moradores-de-29-cidades-baianas","status":"publish","type":"post","link":"https:\/\/noticiasbahia360.com.br\/?p=91257","title":{"rendered":"Nota Premiada: sorteio contempla moradores de 29 cidades baianas"},"content":{"rendered":"<div>\n<div>\n<figure><img decoding=\"async\" src=\"http:\/\/noticiasbahia360.com.br\/wp-content\/uploads\/2025\/06\/nota-premiada-bahia-foto_mateuspereira_govba.jpg\" alt=\"Nota Premiada Bahia\"><figcaption>Foto: Mateus Pereira\/Governo da Bahia<\/figcaption><\/figure>\n<\/div>\n<p>O sorteio de junho da Nota Premiada Bahia, campanha de cidadania fiscal do <a href=\"https:\/\/www.acordacidade.com.br\/tag\/governo-do-estado\/\">Governo do Estado<\/a>, marcou forte presen\u00e7a no interior, com ganhadores de 28 munic\u00edpios baianos, al\u00e9m de Salvador, totalizando vencedores de 29 cidades. O resultado foi divulgado nesta quinta-feira (26) pela Secretaria da Fazenda do Estado (Sefaz-BA), gestora da Nota Premiada. Dos 90 pr\u00eamios de R$ 10 mil, 54 foram para Salvador e 36 para o interior do estado. Tamb\u00e9m \u00e9 de Salvador o vencedor do pr\u00eamio de R$ 100 mil. Ao todo, as premia\u00e7\u00f5es somam R$ 1 milh\u00e3o.<\/p>\n<p>A rela\u00e7\u00e3o completa dos ganhadores do m\u00eas de junho pode ser conferida no\u00a0<a href=\"https:\/\/www.notapremiadabahia.ba.gov.br\/\">https:\/\/www.notapremiadabahia.ba.gov.br<\/a>, no Instagram @notapremiadabahia e nas redes sociais da Secretaria da Fazenda do Estado: @sefazbahia no Instagram, @sefaz.govba no Facebook e @sefazbahia no X, antigo Twitter.<\/p>\n<p>As cidades do interior contempladas foram Cama\u00e7ari, com tr\u00eas vencedores, Barreiras, Cruz das Almas, Itabuna, Lauro de Freitas, Luis Eduardo Magalh\u00e3es e Teixeira de Freitas com dois ganhadores cada uma. Os demais munic\u00edpios que tiveram um ganhador cada foram: Amargosa, Aracatu, Campo Formoso, Catu, D\u00e1rio Meira, Dias D\u2019\u00c1vila, Feira de Santana, Ibicara\u00ed, Ilh\u00e9us, Ipia\u00fa, Irec\u00ea, Jequi\u00e9, Miguel Calmon, Porto Seguro, Rodelas, Salinas das Margarinas, Santa B\u00e1rbara, S\u00e3o Sebasti\u00e3o do Pass\u00e9, Senhor do Bonfim, Tanquinho e Vit\u00f3ria da Conquista.<\/p>\n<p>A Nota Premiada Bahia conta atualmente com mais de 856,4 mil participantes inscritos. Desde fevereiro de 2018, os sorteios da campanha j\u00e1 premiaram 6.050 pessoas, das quais 3.625 moram na capital, 2.421 no interior e quatro fora do estado.<\/p>\n<p>O pr\u00f3ximo sorteio da Nota Premiada Bahia est\u00e1 marcado para o dia 17 de julho e ir\u00e1 premiar um \u00fanico participante com o valor de R$ 1 milh\u00e3o. Concorre quem est\u00e1 cadastrado na campanha e realizou compras inserindo o CPF na nota fiscal entre 1\u00ba de junho de 2024 at\u00e9 31 de maio de 2025.<\/p>\n<h2 class=\"wp-block-heading\" id=\"h-como-participar\"><strong>Como participar<\/strong><\/h2>\n<p>Para participar da Nota Premiada Bahia, basta se cadastrar uma \u00fanica vez no site\u00a0<a href=\"https:\/\/www.notapremiadabahia.ba.gov.br\/\">https:\/\/www.notapremiadabahia.ba.gov.br<\/a>\u00a0e preencher um formul\u00e1rio simples. No momento do cadastro, devem ser escolhidas at\u00e9 duas entidades filantr\u00f3picas, uma da \u00e1rea de sa\u00fade e outra da social, com as quais ser\u00e3o compartilhadas todas as notas eletr\u00f4nicas que forem associadas ao CPF cadastrado.<\/p>\n<p>Ap\u00f3s o cadastro, ao incluir o CPF nas notas, o participante estar\u00e1 concorrendo aos sorteios e tamb\u00e9m ajudando as institui\u00e7\u00f5es por ele escolhidas entre as vinculadas ao programa Sua Nota \u00e9 um Show de Solidariedade, que conta atualmente com 539 institui\u00e7\u00f5es ativas e regulares.<\/p>\n<p>A cada quatro meses, as notas compartilhadas transformam-se em repasses para as entidades do Sua Nota \u00e9 um Show de Solidariedade. O valor distribu\u00eddo entre as filantr\u00f3picas a cada quatro meses \u00e9 de R$ 5 milh\u00f5es.<\/p>\n<p><em>Siga o Acorda Cidade no<\/em><a href=\"https:\/\/news.google.com\/search?q=acorda%20cidade&amp;hl=pt-BR&amp;gl=BR&amp;ceid=BR%3Apt-419\"><strong><em> Google Not\u00edcias<\/em><\/strong><\/a><em> e receba os principais destaques do dia. Participe tamb\u00e9m dos nossos canais no <\/em><a href=\"https:\/\/whatsapp.com\/channel\/0029Va6Rb4v3WHTNnsh8WI3N\"><strong><em>WhatsApp<\/em><\/strong><\/a><em> e <\/em><a href=\"https:\/\/www.youtube.com\/@acordacidadenoticias\/videos\"><strong>Youtube<\/strong><\/a><em> e grupo de <\/em><a href=\"https:\/\/t.me\/+sSz0khrgARA0ZmRh\"><strong><em>Telegram<\/em><\/strong><\/a><em>.<\/em><\/p>\n<\/div>\n","protected":false},"excerpt":{"rendered":"<div>\n<div>\n<figure><img decoding=\"async\" src=\"https:\/\/uploads.acordacidade.com.br\/2025\/06\/nota-premiada-bahia-foto_mateuspereira_govba.jpg\" alt=\"Nota Premiada Bahia\"><figcaption>Foto: Mateus Pereira\/Governo da Bahia<\/figcaption><\/figure>\n<\/div>\n<p>O resultado do sorteio da campanha de cidadania fiscal do Governo do Estado foi divulgado nesta quinta (26). O pr\u00eamio de R$ 100 mil saiu para Salvador<\/p><\/div>\n","protected":false},"author":1,"featured_media":91258,"comment_status":"closed","ping_status":"closed","sticky":false,"template":"","format":"gallery","meta":{"footnotes":""},"categories":[8,9,6,57,56,10],"tags":[],"class_list":["post-91257","post","type-post","status-publish","format-gallery","has-post-thumbnail","hentry","category-bahia","category-brasil","category-feira-de-santana","category-mundo","category-policia","category-politica","post_format-post-format-gallery"],"featured_image_urls":{"full":["https:\/\/noticiasbahia360.com.br\/wp-content\/uploads\/2025\/06\/nota-premiada-bahia-foto_mateuspereira_govba.jpg",1200,604,false],"thumbnail":["https:\/\/noticiasbahia360.com.br\/wp-content\/uploads\/2025\/06\/nota-premiada-bahia-foto_mateuspereira_govba-150x150.jpg",150,150,true],"medium":["https:\/\/noticiasbahia360.com.br\/wp-content\/uploads\/2025\/06\/nota-premiada-bahia-foto_mateuspereira_govba-300x151.jpg",300,151,true],"medium_large":["https:\/\/noticiasbahia360.com.br\/wp-content\/uploads\/2025\/06\/nota-premiada-bahia-foto_mateuspereira_govba-768x387.jpg",640,323,true],"large":["https:\/\/noticiasbahia360.com.br\/wp-content\/uploads\/2025\/06\/nota-premiada-bahia-foto_mateuspereira_govba-1024x515.jpg",640,322,true],"1536x1536":["https:\/\/noticiasbahia360.com.br\/wp-content\/uploads\/2025\/06\/nota-premiada-bahia-foto_mateuspereira_govba.jpg",1200,604,false],"2048x2048":["https:\/\/noticiasbahia360.com.br\/wp-content\/uploads\/2025\/06\/nota-premiada-bahia-foto_mateuspereira_govba.jpg",1200,604,false],"chromenews-featured":["https:\/\/noticiasbahia360.com.br\/wp-content\/uploads\/2025\/06\/nota-premiada-bahia-foto_mateuspereira_govba-1024x515.jpg",1024,515,true],"chromenews-large":["https:\/\/noticiasbahia360.com.br\/wp-content\/uploads\/2025\/06\/nota-premiada-bahia-foto_mateuspereira_govba-825x575.jpg",825,575,true],"chromenews-medium":["https:\/\/noticiasbahia360.com.br\/wp-content\/uploads\/2025\/06\/nota-premiada-bahia-foto_mateuspereira_govba-590x410.jpg",590,410,true]},"author_info":{"display_name":"noticiasbahia360.com.br","author_link":"https:\/\/noticiasbahia360.com.br\/?author=1"},"category_info":"<a href=\"https:\/\/noticiasbahia360.com.br\/?cat=8\" rel=\"category\">Bahia<\/a> <a href=\"https:\/\/noticiasbahia360.com.br\/?cat=9\" rel=\"category\">Brasil<\/a> <a href=\"https:\/\/noticiasbahia360.com.br\/?cat=6\" rel=\"category\">Feira de Santana<\/a> <a href=\"https:\/\/noticiasbahia360.com.br\/?cat=57\" rel=\"category\">Mundo<\/a> <a href=\"https:\/\/noticiasbahia360.com.br\/?cat=56\" rel=\"category\">Pol\u00edcia<\/a> <a href=\"https:\/\/noticiasbahia360.com.br\/?cat=10\" rel=\"category\">Pol\u00edtica<\/a>","tag_info":"Pol\u00edtica","comment_count":"0","_links":{"self":[{"href":"https:\/\/noticiasbahia360.com.br\/index.php?rest_route=\/wp\/v2\/posts\/91257","targetHints":{"allow":["GET"]}}],"collection":[{"href":"https:\/\/noticiasbahia360.com.br\/index.php?rest_route=\/wp\/v2\/posts"}],"about":[{"href":"https:\/\/noticiasbahia360.com.br\/index.php?rest_route=\/wp\/v2\/types\/post"}],"author":[{"embeddable":true,"href":"https:\/\/noticiasbahia360.com.br\/index.php?rest_route=\/wp\/v2\/users\/1"}],"replies":[{"embeddable":true,"href":"https:\/\/noticiasbahia360.com.br\/index.php?rest_route=%2Fwp%2Fv2%2Fcomments&post=91257"}],"version-history":[{"count":0,"href":"https:\/\/noticiasbahia360.com.br\/index.php?rest_route=\/wp\/v2\/posts\/91257\/revisions"}],"wp:featuredmedia":[{"embeddable":true,"href":"https:\/\/noticiasbahia360.com.br\/index.php?rest_route=\/wp\/v2\/media\/91258"}],"wp:attachment":[{"href":"https:\/\/noticiasbahia360.com.br\/index.php?rest_route=%2Fwp%2Fv2%2Fmedia&parent=91257"}],"wp:term":[{"taxonomy":"category","embeddable":true,"href":"https:\/\/noticiasbahia360.com.br\/index.php?rest_route=%2Fwp%2Fv2%2Fcategories&post=91257"},{"taxonomy":"post_tag","embeddable":true,"href":"https:\/\/noticiasbahia360.com.br\/index.php?rest_route=%2Fwp%2Fv2%2Ftags&post=91257"}],"curies":[{"name":"wp","href":"https:\/\/api.w.org\/{rel}","templated":true}]}}