{"id":91261,"date":"2025-06-27T09:08:24","date_gmt":"2025-06-27T12:08:24","guid":{"rendered":"https:\/\/noticiasbahia360.com.br\/?p=91261"},"modified":"2025-06-27T09:08:24","modified_gmt":"2025-06-27T12:08:24","slug":"copa-2-de-julho-lancamento-acontece-no-estadio-de-pituacu-com-treino-da-selecao-brasileira","status":"publish","type":"post","link":"https:\/\/noticiasbahia360.com.br\/?p=91261","title":{"rendered":"Copa 2 de julho: lan\u00e7amento acontece no Est\u00e1dio de Pitua\u00e7u com treino da Sele\u00e7\u00e3o Brasileira"},"content":{"rendered":"<div>\n<div>\n<figure><img decoding=\"async\" src=\"http:\/\/noticiasbahia360.com.br\/wp-content\/uploads\/2025\/06\/copa2dejulho_foto_marcuscarneiro_ascom_sudesb.jpg\" alt=\"Copa 2 de julho\"><figcaption>Foto: Marcus Carneiro\/Ascom Sudesb<br \/>\n<\/figcaption><\/figure>\n<\/div>\n<p>A Copa 2 de Julho de Futebol Sub-15 de 2025 j\u00e1 est\u00e1 na porta! O pontap\u00e9 inicial ser\u00e1 dado como segue a tradi\u00e7\u00e3o no dia da Independ\u00eancia do Brasil na Bahia, na quarta-feira (02\/07). Mas, o lan\u00e7amento da 15\u00aa edi\u00e7\u00e3o do maior torneio sub-15 do pa\u00eds j\u00e1 acontece nesta segunda-feira, 30, \u00e0s 18h, na Tribuna de Honra do Est\u00e1dio de Pitua\u00e7u. O evento contar\u00e1 tamb\u00e9m com a presen\u00e7a da <a href=\"https:\/\/www.acordacidade.com.br\/tag\/selecao-brasileira\/\">Sele\u00e7\u00e3o Brasileira<\/a> Sub-15, que far\u00e1 um treinamento \u00e0s 19h no campo do equipamento do Governo do Estado.<\/p>\n<p>O ato apresentar\u00e1 ao p\u00fablico as equipes desta edi\u00e7\u00e3o, os seus respectivos grupos mais a programa\u00e7\u00e3o completa e a nova ilumina\u00e7\u00e3o do Est\u00e1dio de Pitua\u00e7u, que foi instalada para seguir os moldes da melhor tecnologia que existe no mundo, inclusive com ilumina\u00e7\u00e3o c\u00eanica. O investimento coloca o est\u00e1dio administrado pela Superintend\u00eancia dos Desportos do Estado da Bahia (Sudesb), autarquia da Secretaria do Trabalho, Emprego, Renda e Esporte (Setre), na ponta para receber as principais partidas durante a noite.<\/p>\n<h2 class=\"wp-block-heading\" id=\"h-15\u00aa-edicao\"><strong>15\u00aa Edi\u00e7\u00e3o<\/strong><\/h2>\n<p>As partidas do torneio promovido pelo Governo do Estado, por meio da Setre e da Sudesb, ser\u00e3o realizadas de 02 a 13 de julho em sete pra\u00e7as da Regi\u00e3o Metropolitana de Salvador (RMS) e do Rec\u00f4ncavo Baiano: Est\u00e1dio de Pitua\u00e7u, em Salvador; Est\u00e1dio Municipal de Lauro de Freitas; Centro de Treinamento do Bahia, em Dias D\u2019\u00c1vila; Est\u00e1dio de Itinga, em Lauro de Freitas; Vila Can\u00e1ria, em Salvador; Est\u00e1dio Municipal de Cachoeira; e Centro de Treinamento do Vit\u00f3ria, em Salvador.<\/p>\n<p>A Copa 2 de Julho vai seguir o mesmo formato que vem acontecendo h\u00e1 duas edi\u00e7\u00f5es com a divis\u00e3o por fases. Pelo terceiro ano seguido, a competi\u00e7\u00e3o teve as fases regionais, que, nesta edi\u00e7\u00e3o, contou com 256 equipes de todos os Territ\u00f3rios de Identidade da Bahia. Os 16 classificados foram as sele\u00e7\u00f5es de Catu, Dom Macedo, Eun\u00e1polis, Guanambi, Iramaia, Irec\u00ea, Itaberaba, Itabuna, Itagib\u00e1, Itapicuru, Jacobina, Paratinga, Ribeira do Pombal, Santa Rita de C\u00e1ssia, Senhor do Bonfim e Vit\u00f3ria da Conquista.<\/p>\n<p>Eles se somam aos times advindos da fase metropolitana e de times do pa\u00eds e fora dele para a fase nacional. Os representantes s\u00e3o grandes nomes do cen\u00e1rio nacional, como Atl\u00e9tico (MG), Bahia (BA), Botafogo (RJ), Cear\u00e1 (CE), Cruzeiro (MG), Goi\u00e1s (GO) \u2013 atual campe\u00e3o, Palmeiras (SP), Santos (SP) e Vit\u00f3ria (BA), e de representantes estrangeiros: Sele\u00e7\u00e3o Scout, da Bol\u00edvia; Reba\u00f1o Chivas, do M\u00e9xico; e Club Desportivo, do Equador.<\/p>\n<h2 class=\"wp-block-heading\" id=\"h-historia\"><strong>Hist\u00f3ria<\/strong><\/h2>\n<p>Criada em 2007, a Copa 2 de Julho se consolidou como uma das mais importantes no pa\u00eds, sempre contando com participa\u00e7\u00f5es de grandes clubes brasileiros, da Sele\u00e7\u00e3o Brasileira, bem como de equipes estrangeiras. Com o intuito de revelar jogadores, em 2015, a Copa 2 de Julho passou a ser disputada na categoria sub-15, que permitiu maior visibilidade. Os resultados foram a vasta revela\u00e7\u00e3o de craques e a aten\u00e7\u00e3o de olheiros das principais equipes dos pa\u00eds, gerando oportunidade de trabalho para os jovens baianos por meio do esporte.<\/p>\n<h2 class=\"wp-block-heading\" id=\"h-confira-a-tabela-completa-da-competicao-abaixo\"><strong>Confira a tabela completa da competi\u00e7\u00e3o abaixo:<\/strong><\/h2>\n<p>Grupo A \u2013 Est\u00e1dio de Pitua\u00e7u<br \/>\u2013 Dom Macedo-BA, Gal\u00edcia-BA, Jacobina-BA, Sele\u00e7\u00e3o Brasileira e Sele\u00e7\u00e3o Scout-BOL;<br \/>Grupo B \u2013 Est\u00e1dio de Pitua\u00e7u<br \/>\u2013 Botafogo-RJ, Conquista-BA, Estrela de Mar\u00e7o-BA, Itabuna-BA e Palmeiras-SP;<br \/>Grupo C \u2013 Est\u00e1dio Municipal de Lauro de Freitas<br \/>\u2013 Itaberaba-BA, Reba\u00f1o Chivas-MEX, Santa Rita de C\u00e1ssia-BA, Sele\u00e7\u00e3o de Lauro de Freitas-BA e SSA-BA;<br \/>Grupo D \u2013 CT do Bahia, Dias D\u2019\u00c1vila<br \/>\u2013 Atl\u00e2ntico-BA, Atl\u00e9tico-MG, Bahia-BA, Catu-BA e Eun\u00e1polis-BA;<br \/>Grupo E \u2013 Est\u00e1dio de Itinga<br \/>\u2013 Cama\u00e7ariense-BA, Cear\u00e1-CE, Iramaia-BA, Itapicuru-BA e Jacuipense-BA;<br \/>Grupo F \u2013 Vila Can\u00e1ria<br \/>\u2013 Cruzeiro-MG, Guanambi-BA, Santos-SP, Senhor do Bonfim-BA e Ypiranga-BA;<br \/>Grupo G \u2013 Est\u00e1dio Municipal de Cachoeira<br \/>\u2013 Catuense-BA, Irec\u00ea-BA, Le\u00f4nico-BA, Paratinga-BA e Sele\u00e7\u00e3o de Cachoeira-BA;<br \/>Grupo H \u2013 CT do Vit\u00f3ria<br \/>\u2013 Club Desportivo-EQU, Goi\u00e1s-GO, Itagib\u00e1-BA, Ribeira do Pombal-BA e Vit\u00f3ria-BA.<\/p>\n<p><em>Siga o Acorda Cidade no<\/em><a href=\"https:\/\/news.google.com\/search?q=acorda%20cidade&amp;hl=pt-BR&amp;gl=BR&amp;ceid=BR%3Apt-419\"><strong><em> Google Not\u00edcias<\/em><\/strong><\/a><em> e receba os principais destaques do dia. Participe tamb\u00e9m dos nossos canais no <\/em><a href=\"https:\/\/whatsapp.com\/channel\/0029Va6Rb4v3WHTNnsh8WI3N\"><strong><em>WhatsApp<\/em><\/strong><\/a><em> e <\/em><a href=\"https:\/\/www.youtube.com\/@acordacidadenoticias\/videos\"><strong>Youtube<\/strong><\/a><em> e grupo de <\/em><a href=\"https:\/\/t.me\/+sSz0khrgARA0ZmRh\"><strong><em>Telegram<\/em><\/strong><\/a><em>.<\/em><\/p>\n<\/div>\n","protected":false},"excerpt":{"rendered":"<div>\n<div>\n<figure><img decoding=\"async\" src=\"https:\/\/uploads.acordacidade.com.br\/2025\/06\/copa2dejulho_foto_marcuscarneiro_ascom_sudesb.jpg\" alt=\"Copa 2 de julho\"><figcaption>Foto: Marcus Carneiro\/Ascom Sudesb<br \/>\n<\/figcaption><\/figure>\n<\/div>\n<p>O pontap\u00e9 inicial da competi\u00e7\u00e3o promovida pelo Governo do Estado ser\u00e1 no simb\u00f3lico dia 2 de Julho<\/p><\/div>\n","protected":false},"author":1,"featured_media":91262,"comment_status":"closed","ping_status":"closed","sticky":false,"template":"","format":"gallery","meta":{"footnotes":""},"categories":[8,9,6,57,56,10],"tags":[],"class_list":["post-91261","post","type-post","status-publish","format-gallery","has-post-thumbnail","hentry","category-bahia","category-brasil","category-feira-de-santana","category-mundo","category-policia","category-politica","post_format-post-format-gallery"],"featured_image_urls":{"full":["https:\/\/noticiasbahia360.com.br\/wp-content\/uploads\/2025\/06\/copa2dejulho_foto_marcuscarneiro_ascom_sudesb.jpg",1200,800,false],"thumbnail":["https:\/\/noticiasbahia360.com.br\/wp-content\/uploads\/2025\/06\/copa2dejulho_foto_marcuscarneiro_ascom_sudesb-150x150.jpg",150,150,true],"medium":["https:\/\/noticiasbahia360.com.br\/wp-content\/uploads\/2025\/06\/copa2dejulho_foto_marcuscarneiro_ascom_sudesb-300x200.jpg",300,200,true],"medium_large":["https:\/\/noticiasbahia360.com.br\/wp-content\/uploads\/2025\/06\/copa2dejulho_foto_marcuscarneiro_ascom_sudesb-768x512.jpg",640,427,true],"large":["https:\/\/noticiasbahia360.com.br\/wp-content\/uploads\/2025\/06\/copa2dejulho_foto_marcuscarneiro_ascom_sudesb-1024x683.jpg",640,427,true],"1536x1536":["https:\/\/noticiasbahia360.com.br\/wp-content\/uploads\/2025\/06\/copa2dejulho_foto_marcuscarneiro_ascom_sudesb.jpg",1200,800,false],"2048x2048":["https:\/\/noticiasbahia360.com.br\/wp-content\/uploads\/2025\/06\/copa2dejulho_foto_marcuscarneiro_ascom_sudesb.jpg",1200,800,false],"chromenews-featured":["https:\/\/noticiasbahia360.com.br\/wp-content\/uploads\/2025\/06\/copa2dejulho_foto_marcuscarneiro_ascom_sudesb-1024x683.jpg",1024,683,true],"chromenews-large":["https:\/\/noticiasbahia360.com.br\/wp-content\/uploads\/2025\/06\/copa2dejulho_foto_marcuscarneiro_ascom_sudesb-825x575.jpg",825,575,true],"chromenews-medium":["https:\/\/noticiasbahia360.com.br\/wp-content\/uploads\/2025\/06\/copa2dejulho_foto_marcuscarneiro_ascom_sudesb-590x410.jpg",590,410,true]},"author_info":{"display_name":"noticiasbahia360.com.br","author_link":"https:\/\/noticiasbahia360.com.br\/?author=1"},"category_info":"<a href=\"https:\/\/noticiasbahia360.com.br\/?cat=8\" rel=\"category\">Bahia<\/a> <a href=\"https:\/\/noticiasbahia360.com.br\/?cat=9\" rel=\"category\">Brasil<\/a> <a href=\"https:\/\/noticiasbahia360.com.br\/?cat=6\" rel=\"category\">Feira de Santana<\/a> <a href=\"https:\/\/noticiasbahia360.com.br\/?cat=57\" rel=\"category\">Mundo<\/a> <a href=\"https:\/\/noticiasbahia360.com.br\/?cat=56\" rel=\"category\">Pol\u00edcia<\/a> <a href=\"https:\/\/noticiasbahia360.com.br\/?cat=10\" rel=\"category\">Pol\u00edtica<\/a>","tag_info":"Pol\u00edtica","comment_count":"0","_links":{"self":[{"href":"https:\/\/noticiasbahia360.com.br\/index.php?rest_route=\/wp\/v2\/posts\/91261","targetHints":{"allow":["GET"]}}],"collection":[{"href":"https:\/\/noticiasbahia360.com.br\/index.php?rest_route=\/wp\/v2\/posts"}],"about":[{"href":"https:\/\/noticiasbahia360.com.br\/index.php?rest_route=\/wp\/v2\/types\/post"}],"author":[{"embeddable":true,"href":"https:\/\/noticiasbahia360.com.br\/index.php?rest_route=\/wp\/v2\/users\/1"}],"replies":[{"embeddable":true,"href":"https:\/\/noticiasbahia360.com.br\/index.php?rest_route=%2Fwp%2Fv2%2Fcomments&post=91261"}],"version-history":[{"count":0,"href":"https:\/\/noticiasbahia360.com.br\/index.php?rest_route=\/wp\/v2\/posts\/91261\/revisions"}],"wp:featuredmedia":[{"embeddable":true,"href":"https:\/\/noticiasbahia360.com.br\/index.php?rest_route=\/wp\/v2\/media\/91262"}],"wp:attachment":[{"href":"https:\/\/noticiasbahia360.com.br\/index.php?rest_route=%2Fwp%2Fv2%2Fmedia&parent=91261"}],"wp:term":[{"taxonomy":"category","embeddable":true,"href":"https:\/\/noticiasbahia360.com.br\/index.php?rest_route=%2Fwp%2Fv2%2Fcategories&post=91261"},{"taxonomy":"post_tag","embeddable":true,"href":"https:\/\/noticiasbahia360.com.br\/index.php?rest_route=%2Fwp%2Fv2%2Ftags&post=91261"}],"curies":[{"name":"wp","href":"https:\/\/api.w.org\/{rel}","templated":true}]}}