{"id":91263,"date":"2025-06-27T09:26:33","date_gmt":"2025-06-27T12:26:33","guid":{"rendered":"https:\/\/noticiasbahia360.com.br\/?p=91263"},"modified":"2025-06-27T09:26:33","modified_gmt":"2025-06-27T12:26:33","slug":"suspeito-de-homicidio-do-proprio-tio-e-preso-em-pocoes","status":"publish","type":"post","link":"https:\/\/noticiasbahia360.com.br\/?p=91263","title":{"rendered":"Suspeito de homic\u00eddio do pr\u00f3prio tio \u00e9 preso em Po\u00e7\u00f5es"},"content":{"rendered":"<div>\n<div>\n<figure><img decoding=\"async\" src=\"http:\/\/noticiasbahia360.com.br\/wp-content\/uploads\/2025\/06\/preso_homicidiotio_pocoes_foto_guilhermesantos_ascom_PCBA.jpg\" alt=\"Preso suspeito por homic\u00eddio do tio em Po\u00e7\u00f5es\"><figcaption>Foto: Guilherme Santos\/Ascom PCBA<\/figcaption><\/figure>\n<\/div>\n<p>Um mandado de pris\u00e3o preventiva foi cumprido contra um homem de 28 anos, suspeito de matar o pr\u00f3prio tio, Cidelsino Graciliano dos Santos, de 76 anos. A pris\u00e3o ocorreu na manh\u00e3 desta quarta-feira (25), no bairro Bela Vista, no munic\u00edpio de Po\u00e7\u00f5es.<\/p>\n<p>O crime aconteceu no dia 12 de junho deste ano, na regi\u00e3o da Capad\u00f3cia, zona rural do munic\u00edpio. Conforme apontam as investiga\u00e7\u00f5es, a v\u00edtima foi atra\u00edda at\u00e9 a resid\u00eancia onde o suspeito vivia, por uma adolescente de 15 anos, companheira do suspeito. No local, o idoso foi atingido com golpes de machado na cabe\u00e7a. Em seguida, teve o corpo queimado e enterrado no fundo do im\u00f3vel.<\/p>\n<p>Ap\u00f3s o ocorrido, equipes da Delegacia Territorial (DT\/Po\u00e7\u00f5es) iniciaram dilig\u00eancias e oitivas na cidade, identificando os envolvidos. O suspeito foi localizado com apoio da <a href=\"https:\/\/www.acordacidade.com.br\/tag\/policia-militar\/\">Pol\u00edcia Militar<\/a>, na casa de familiares. J\u00e1 a adolescente teve o mandado de interna\u00e7\u00e3o decretado pela Vara da Crian\u00e7a e do Adolescente e est\u00e1 sendo procurada. O preso foi apresentado na unidade policial, passou por exames de corpo de delito e segue custodiado \u00e0 disposi\u00e7\u00e3o da Justi\u00e7a.<\/p>\n<p><em>Siga o Acorda Cidade no<\/em><a href=\"https:\/\/news.google.com\/search?q=acorda%20cidade&amp;hl=pt-BR&amp;gl=BR&amp;ceid=BR%3Apt-419\"><strong><em> Google Not\u00edcias<\/em><\/strong><\/a><em> e receba os principais destaques do dia. Participe tamb\u00e9m dos nossos canais no <\/em><a href=\"https:\/\/whatsapp.com\/channel\/0029Va6Rb4v3WHTNnsh8WI3N\"><strong><em>WhatsApp<\/em><\/strong><\/a><em> e <\/em><a href=\"https:\/\/www.youtube.com\/@acordacidadenoticias\/videos\"><strong>Youtube<\/strong><\/a><em> e grupo de <\/em><a href=\"https:\/\/t.me\/+sSz0khrgARA0ZmRh\"><strong><em>Telegram<\/em><\/strong><\/a><em>.<\/em><\/p>\n<\/div>\n","protected":false},"excerpt":{"rendered":"<div>\n<div>\n<figure><img decoding=\"async\" src=\"https:\/\/uploads.acordacidade.com.br\/2025\/06\/preso_homicidiotio_pocoes_foto_guilhermesantos_ascom_PCBA.jpg\" alt=\"Preso suspeito por homic\u00eddio do tio em Po\u00e7\u00f5es\"><figcaption>Foto: Guilherme Santos\/Ascom PCBA<\/figcaption><\/figure>\n<\/div>\n<p>O corpo da v\u00edtima foi enterrado no fundo da resid\u00eancia do investigado<\/p><\/div>\n","protected":false},"author":1,"featured_media":91264,"comment_status":"closed","ping_status":"closed","sticky":false,"template":"","format":"gallery","meta":{"footnotes":""},"categories":[8,9,6,57,56,10],"tags":[],"class_list":["post-91263","post","type-post","status-publish","format-gallery","has-post-thumbnail","hentry","category-bahia","category-brasil","category-feira-de-santana","category-mundo","category-policia","category-politica","post_format-post-format-gallery"],"featured_image_urls":{"full":["https:\/\/noticiasbahia360.com.br\/wp-content\/uploads\/2025\/06\/preso_homicidiotio_pocoes_foto_guilhermesantos_ascom_PCBA.jpg",1200,800,false],"thumbnail":["https:\/\/noticiasbahia360.com.br\/wp-content\/uploads\/2025\/06\/preso_homicidiotio_pocoes_foto_guilhermesantos_ascom_PCBA-150x150.jpg",150,150,true],"medium":["https:\/\/noticiasbahia360.com.br\/wp-content\/uploads\/2025\/06\/preso_homicidiotio_pocoes_foto_guilhermesantos_ascom_PCBA-300x200.jpg",300,200,true],"medium_large":["https:\/\/noticiasbahia360.com.br\/wp-content\/uploads\/2025\/06\/preso_homicidiotio_pocoes_foto_guilhermesantos_ascom_PCBA-768x512.jpg",640,427,true],"large":["https:\/\/noticiasbahia360.com.br\/wp-content\/uploads\/2025\/06\/preso_homicidiotio_pocoes_foto_guilhermesantos_ascom_PCBA-1024x683.jpg",640,427,true],"1536x1536":["https:\/\/noticiasbahia360.com.br\/wp-content\/uploads\/2025\/06\/preso_homicidiotio_pocoes_foto_guilhermesantos_ascom_PCBA.jpg",1200,800,false],"2048x2048":["https:\/\/noticiasbahia360.com.br\/wp-content\/uploads\/2025\/06\/preso_homicidiotio_pocoes_foto_guilhermesantos_ascom_PCBA.jpg",1200,800,false],"chromenews-featured":["https:\/\/noticiasbahia360.com.br\/wp-content\/uploads\/2025\/06\/preso_homicidiotio_pocoes_foto_guilhermesantos_ascom_PCBA-1024x683.jpg",1024,683,true],"chromenews-large":["https:\/\/noticiasbahia360.com.br\/wp-content\/uploads\/2025\/06\/preso_homicidiotio_pocoes_foto_guilhermesantos_ascom_PCBA-825x575.jpg",825,575,true],"chromenews-medium":["https:\/\/noticiasbahia360.com.br\/wp-content\/uploads\/2025\/06\/preso_homicidiotio_pocoes_foto_guilhermesantos_ascom_PCBA-590x410.jpg",590,410,true]},"author_info":{"display_name":"noticiasbahia360.com.br","author_link":"https:\/\/noticiasbahia360.com.br\/?author=1"},"category_info":"<a href=\"https:\/\/noticiasbahia360.com.br\/?cat=8\" rel=\"category\">Bahia<\/a> <a href=\"https:\/\/noticiasbahia360.com.br\/?cat=9\" rel=\"category\">Brasil<\/a> <a href=\"https:\/\/noticiasbahia360.com.br\/?cat=6\" rel=\"category\">Feira de Santana<\/a> <a href=\"https:\/\/noticiasbahia360.com.br\/?cat=57\" rel=\"category\">Mundo<\/a> <a href=\"https:\/\/noticiasbahia360.com.br\/?cat=56\" rel=\"category\">Pol\u00edcia<\/a> <a href=\"https:\/\/noticiasbahia360.com.br\/?cat=10\" rel=\"category\">Pol\u00edtica<\/a>","tag_info":"Pol\u00edtica","comment_count":"0","_links":{"self":[{"href":"https:\/\/noticiasbahia360.com.br\/index.php?rest_route=\/wp\/v2\/posts\/91263","targetHints":{"allow":["GET"]}}],"collection":[{"href":"https:\/\/noticiasbahia360.com.br\/index.php?rest_route=\/wp\/v2\/posts"}],"about":[{"href":"https:\/\/noticiasbahia360.com.br\/index.php?rest_route=\/wp\/v2\/types\/post"}],"author":[{"embeddable":true,"href":"https:\/\/noticiasbahia360.com.br\/index.php?rest_route=\/wp\/v2\/users\/1"}],"replies":[{"embeddable":true,"href":"https:\/\/noticiasbahia360.com.br\/index.php?rest_route=%2Fwp%2Fv2%2Fcomments&post=91263"}],"version-history":[{"count":0,"href":"https:\/\/noticiasbahia360.com.br\/index.php?rest_route=\/wp\/v2\/posts\/91263\/revisions"}],"wp:featuredmedia":[{"embeddable":true,"href":"https:\/\/noticiasbahia360.com.br\/index.php?rest_route=\/wp\/v2\/media\/91264"}],"wp:attachment":[{"href":"https:\/\/noticiasbahia360.com.br\/index.php?rest_route=%2Fwp%2Fv2%2Fmedia&parent=91263"}],"wp:term":[{"taxonomy":"category","embeddable":true,"href":"https:\/\/noticiasbahia360.com.br\/index.php?rest_route=%2Fwp%2Fv2%2Fcategories&post=91263"},{"taxonomy":"post_tag","embeddable":true,"href":"https:\/\/noticiasbahia360.com.br\/index.php?rest_route=%2Fwp%2Fv2%2Ftags&post=91263"}],"curies":[{"name":"wp","href":"https:\/\/api.w.org\/{rel}","templated":true}]}}