{"id":91267,"date":"2025-06-27T09:54:30","date_gmt":"2025-06-27T12:54:30","guid":{"rendered":"https:\/\/noticiasbahia360.com.br\/?p=91267"},"modified":"2025-06-27T09:54:30","modified_gmt":"2025-06-27T12:54:30","slug":"autopsia-indonesia-conclui-que-juliana-marins-morreu-de-hemorragia","status":"publish","type":"post","link":"https:\/\/noticiasbahia360.com.br\/?p=91267","title":{"rendered":"Aut\u00f3psia indon\u00e9sia conclui que Juliana Marins morreu de hemorragia"},"content":{"rendered":"<div>\n<div>\n<figure><img decoding=\"async\" src=\"http:\/\/noticiasbahia360.com.br\/wp-content\/uploads\/2025\/06\/julianamarins_brasileira_indonesia_foto_reproducao_instagram-3.jpg\" alt=\"Juliana Brasileira desaparecida em trilha na Indon\u00e9sia\"><figcaption>Juliana Marins &#8211; Foto: Reprodu\u00e7\u00e3o<\/figcaption><\/figure>\n<\/div>\n<p>Ag\u00eancia Brasil \u2013 A aut\u00f3psia realizada por legistas na Indon\u00e9sia concluiu que a <a href=\"https:\/\/www.acordacidade.com.br\/tag\/turista\/\">turista <\/a>brasileira Juliana Marins morreu em decorr\u00eancia de hemorragia, provocada por danos a \u00f3rg\u00e3os internos e fraturas \u00f3sseas. Segundo os legistas, os ferimentos foram provocados por traumas por contus\u00e3o, ocorridos algumas horas antes do resgate do corpo.<\/p>\n<p>Eles explicaram que depois do in\u00edcio da hemorragia, a morte levou menos de 20 minutos para ocorrer. A equipe tamb\u00e9m descartou morte por hipotermia, porque n\u00e3o h\u00e1 sinais de les\u00f5es teciduais nos dedos. O resultado final da aut\u00f3psia, que ainda incluir\u00e1 exames toxicol\u00f3gicos, dever\u00e1 sair em duas semanas.<\/p>\n<p>Juliana Marins fazia uma trilha no Monte Rinjani, na ilha de Lombok, na Indon\u00e9sia, no \u00faltimo s\u00e1bado (21), quando caiu na cratera do vulc\u00e3o. A brasileira esperou viva pelo resgate provavelmente por tr\u00eas ou quatro dias, mas quando as equipes de socorro chegaram at\u00e9 ela, constataram que j\u00e1 tinha morrido.<\/p>\n<p>Na noite de quinta-feira (26), no hor\u00e1rio do <a href=\"https:\/\/www.acordacidade.com.br\/brasil\/\">Brasil<\/a>, o pai de Juliana, Manoel Marins, disse que ainda estava em Lombok, esperando pelo atestado de \u00f3bito para trazer o corpo da filha de volta.<\/p>\n<p>Nesta sexta-feira (27), o <a href=\"https:\/\/www.acordacidade.com.br\/tag\/lula\/\">presidente Luiz In\u00e1cio Lula da Silva<\/a>, publicou, no Di\u00e1rio Oficial da Uni\u00e3o, decreto que permitir\u00e1 que o translado de Juliana Marins possa ser pago pelo governo brasileiro.<\/p>\n<p>\u201cO <a href=\"https:\/\/www.acordacidade.com.br\/tag\/governo-federal\/\">governo federal<\/a> prestar\u00e1 todo apoio necess\u00e1rio \u00e0 fam\u00edlia de Juliana Marins, inclusive o translado ao Brasil. Vou editar novo decreto para que o governo brasileiro assuma a responsabilidade de custear as despesas do translado para o Brasil da jovem Juliana para que seus familiares e amigos possam se despedir dela com todo carinho e amor merecidos\u201d, escreveu Lula em seu perfil na rede social <a href=\"https:\/\/www.acordacidade.com.br\/tag\/instagram\/\">Instagram<\/a>, nessa quinta-feira (26).<\/p>\n<p><em>Siga o Acorda Cidade no<\/em><a href=\"https:\/\/news.google.com\/search?q=acorda%20cidade&amp;hl=pt-BR&amp;gl=BR&amp;ceid=BR%3Apt-419\"><strong><em>\u00a0Google Not\u00edcias<\/em><\/strong><\/a><em>\u00a0e receba os principais destaques do dia. Participe tamb\u00e9m dos nossos canais no\u00a0<\/em><a href=\"https:\/\/www.whatsapp.com\/channel\/0029Va6Rb4v3WHTNnsh8WI3N\"><strong><em>WhatsApp<\/em><\/strong><\/a><em>\u00a0e\u00a0<\/em><a href=\"https:\/\/www.youtube.com\/@acordacidadenoticias\/videos\"><strong>Youtube<\/strong><\/a><em>\u00a0e grupo de\u00a0<\/em><a href=\"https:\/\/t.me\/+sSz0khrgARA0ZmRh\"><strong><em>Telegram<\/em><\/strong><\/a><em>.<\/em><\/p>\n<\/div>\n","protected":false},"excerpt":{"rendered":"<div>\n<div>\n<figure><img decoding=\"async\" src=\"https:\/\/uploads.acordacidade.com.br\/2025\/06\/julianamarins_brasileira_indonesia_foto_reproducao_instagram.jpg\" alt=\"Juliana Brasileira desaparecida em trilha na Indon\u00e9sia\"><figcaption>Juliana Marins &#8211; Foto: Reprodu\u00e7\u00e3o<\/figcaption><\/figure>\n<\/div>\n<p>Equipe descartou morte por hipotermia<\/p><\/div>\n","protected":false},"author":1,"featured_media":91268,"comment_status":"closed","ping_status":"closed","sticky":false,"template":"","format":"gallery","meta":{"footnotes":""},"categories":[8,9,6,57,56,10],"tags":[],"class_list":["post-91267","post","type-post","status-publish","format-gallery","has-post-thumbnail","hentry","category-bahia","category-brasil","category-feira-de-santana","category-mundo","category-policia","category-politica","post_format-post-format-gallery"],"featured_image_urls":{"full":["https:\/\/noticiasbahia360.com.br\/wp-content\/uploads\/2025\/06\/julianamarins_brasileira_indonesia_foto_reproducao_instagram-3.jpg",1200,718,false],"thumbnail":["https:\/\/noticiasbahia360.com.br\/wp-content\/uploads\/2025\/06\/julianamarins_brasileira_indonesia_foto_reproducao_instagram-3-150x150.jpg",150,150,true],"medium":["https:\/\/noticiasbahia360.com.br\/wp-content\/uploads\/2025\/06\/julianamarins_brasileira_indonesia_foto_reproducao_instagram-3-300x180.jpg",300,180,true],"medium_large":["https:\/\/noticiasbahia360.com.br\/wp-content\/uploads\/2025\/06\/julianamarins_brasileira_indonesia_foto_reproducao_instagram-3-768x460.jpg",640,383,true],"large":["https:\/\/noticiasbahia360.com.br\/wp-content\/uploads\/2025\/06\/julianamarins_brasileira_indonesia_foto_reproducao_instagram-3-1024x613.jpg",640,383,true],"1536x1536":["https:\/\/noticiasbahia360.com.br\/wp-content\/uploads\/2025\/06\/julianamarins_brasileira_indonesia_foto_reproducao_instagram-3.jpg",1200,718,false],"2048x2048":["https:\/\/noticiasbahia360.com.br\/wp-content\/uploads\/2025\/06\/julianamarins_brasileira_indonesia_foto_reproducao_instagram-3.jpg",1200,718,false],"chromenews-featured":["https:\/\/noticiasbahia360.com.br\/wp-content\/uploads\/2025\/06\/julianamarins_brasileira_indonesia_foto_reproducao_instagram-3-1024x613.jpg",1024,613,true],"chromenews-large":["https:\/\/noticiasbahia360.com.br\/wp-content\/uploads\/2025\/06\/julianamarins_brasileira_indonesia_foto_reproducao_instagram-3-825x575.jpg",825,575,true],"chromenews-medium":["https:\/\/noticiasbahia360.com.br\/wp-content\/uploads\/2025\/06\/julianamarins_brasileira_indonesia_foto_reproducao_instagram-3-590x410.jpg",590,410,true]},"author_info":{"display_name":"noticiasbahia360.com.br","author_link":"https:\/\/noticiasbahia360.com.br\/?author=1"},"category_info":"<a href=\"https:\/\/noticiasbahia360.com.br\/?cat=8\" rel=\"category\">Bahia<\/a> <a href=\"https:\/\/noticiasbahia360.com.br\/?cat=9\" rel=\"category\">Brasil<\/a> <a href=\"https:\/\/noticiasbahia360.com.br\/?cat=6\" rel=\"category\">Feira de Santana<\/a> <a href=\"https:\/\/noticiasbahia360.com.br\/?cat=57\" rel=\"category\">Mundo<\/a> <a href=\"https:\/\/noticiasbahia360.com.br\/?cat=56\" rel=\"category\">Pol\u00edcia<\/a> <a href=\"https:\/\/noticiasbahia360.com.br\/?cat=10\" rel=\"category\">Pol\u00edtica<\/a>","tag_info":"Pol\u00edtica","comment_count":"0","_links":{"self":[{"href":"https:\/\/noticiasbahia360.com.br\/index.php?rest_route=\/wp\/v2\/posts\/91267","targetHints":{"allow":["GET"]}}],"collection":[{"href":"https:\/\/noticiasbahia360.com.br\/index.php?rest_route=\/wp\/v2\/posts"}],"about":[{"href":"https:\/\/noticiasbahia360.com.br\/index.php?rest_route=\/wp\/v2\/types\/post"}],"author":[{"embeddable":true,"href":"https:\/\/noticiasbahia360.com.br\/index.php?rest_route=\/wp\/v2\/users\/1"}],"replies":[{"embeddable":true,"href":"https:\/\/noticiasbahia360.com.br\/index.php?rest_route=%2Fwp%2Fv2%2Fcomments&post=91267"}],"version-history":[{"count":0,"href":"https:\/\/noticiasbahia360.com.br\/index.php?rest_route=\/wp\/v2\/posts\/91267\/revisions"}],"wp:featuredmedia":[{"embeddable":true,"href":"https:\/\/noticiasbahia360.com.br\/index.php?rest_route=\/wp\/v2\/media\/91268"}],"wp:attachment":[{"href":"https:\/\/noticiasbahia360.com.br\/index.php?rest_route=%2Fwp%2Fv2%2Fmedia&parent=91267"}],"wp:term":[{"taxonomy":"category","embeddable":true,"href":"https:\/\/noticiasbahia360.com.br\/index.php?rest_route=%2Fwp%2Fv2%2Fcategories&post=91267"},{"taxonomy":"post_tag","embeddable":true,"href":"https:\/\/noticiasbahia360.com.br\/index.php?rest_route=%2Fwp%2Fv2%2Ftags&post=91267"}],"curies":[{"name":"wp","href":"https:\/\/api.w.org\/{rel}","templated":true}]}}