{"id":91275,"date":"2025-06-27T10:47:59","date_gmt":"2025-06-27T13:47:59","guid":{"rendered":"https:\/\/noticiasbahia360.com.br\/?p=91275"},"modified":"2025-06-27T10:47:59","modified_gmt":"2025-06-27T13:47:59","slug":"prefeitura-publica-resultado-final-e-homologacao-de-processo-seletivo-para-contratacao-de-500-cuidadores","status":"publish","type":"post","link":"https:\/\/noticiasbahia360.com.br\/?p=91275","title":{"rendered":"Prefeitura publica resultado final e homologa\u00e7\u00e3o de processo seletivo para contrata\u00e7\u00e3o de 500 cuidadores"},"content":{"rendered":"<div>\n<div>\n<figure><img decoding=\"async\" src=\"http:\/\/noticiasbahia360.com.br\/wp-content\/uploads\/2025\/06\/secretaria-de-educacao-de-feira-de-santana-foto-ed-santos-acorda-cidade-03.jpg\" alt=\"Secretaria de Educa\u00e7\u00e3o de Feira de Santana cuidadores\"><figcaption>Secretaria de Educa\u00e7\u00e3o de Feira de Santana | Foto: Ed Santos \/ Acorda Cidade <\/figcaption><\/figure>\n<\/div>\n<p>A Prefeitura de Feira de Santana publicou o resultado final e a homologa\u00e7\u00e3o do processo seletivo simplificado destinado \u00e0 contrata\u00e7\u00e3o tempor\u00e1ria de cuidadores em Regime Especial de Direito Administrativo (Reda). A rela\u00e7\u00e3o dos candidatos aprovados consta em <a href=\"https:\/\/www.diariooficial.feiradesantana.ba.gov.br\/detalhes.asp?st=1&amp;publicacao=1&amp;edicao=3272\" target=\"_blank\" rel=\"noreferrer noopener\">edi\u00e7\u00e3o do Di\u00e1rio Oficial Eletr\u00f4nico desta sexta-feira (27)<\/a>.<\/p>\n<p>O <a href=\"https:\/\/www.acordacidade.com.br\/tag\/processo-seletivo\/\">processo seletivo<\/a> foi realizado por an\u00e1lise curricular, conforme crit\u00e9rios estabelecidos no edital, com o objetivo de suprir a demanda por profissionais capacitados para atuar no cuidado direto a alunos at\u00edpicos da rede municipal de ensino.<\/p>\n<p>Os profissionais selecionados trabalhar\u00e3o com carga hor\u00e1ria de 40 horas semanais e remunera\u00e7\u00e3o mensal de R$ 2.000,00. O contrato inicial ter\u00e1 validade de 12 meses, podendo ser prorrogado por igual per\u00edodo, conforme a necessidade e o interesse da administra\u00e7\u00e3o p\u00fablica, em estrita observ\u00e2ncia da ordem classificat\u00f3ria.<\/p>\n<p>Atualmente, a rede municipal de ensino de <a href=\"https:\/\/www.acordacidade.com.br\/feira-de-santana\/\">Feira de Santana<\/a> conta com 4.297 alunos com defici\u00eancia matriculados, o que refor\u00e7a a import\u00e2ncia dessa iniciativa. Os cuidadores ter\u00e3o papel fundamental no acompanhamento di\u00e1rio dos estudantes, auxiliando nas atividades pedag\u00f3gicas, de mobilidade, higiene e alimenta\u00e7\u00e3o, garantindo a perman\u00eancia e o pleno desenvolvimento dos alunos nas unidades escolares.<\/p>\n<p>No total, 1.228 candidatos foram inscritos, sendo 500 aprovados e 728 habilitados para convoca\u00e7\u00f5es posteriores. A convoca\u00e7\u00e3o dos candidatos aprovados ser\u00e1 realizada gradualmente, conforme a necessidade dos equipamentos p\u00fablicos.<\/p>\n<p>Segundo o secret\u00e1rio de <a href=\"https:\/\/www.acordacidade.com.br\/educacao\/\">Educa\u00e7\u00e3o <\/a>e vice-prefeito, Pablo Roberto, a medida refor\u00e7a o compromisso da gest\u00e3o da gest\u00e3o com a equidade no ensino. \u201cEstamos investindo na inclus\u00e3o, com a\u00e7\u00f5es concretas que asseguram o direito \u00e0 educa\u00e7\u00e3o para todas as crian\u00e7as e adolescentes da nossa rede. Os cuidadores s\u00e3o parte essencial desse processo\u201d, destacou o gestor.<\/p>\n<p>O resultado final e demais informa\u00e7\u00f5es podem ser consultados nos sites oficiais da Prefeitura de Feira de Santana (<a href=\"http:\/\/www.feiradesantana.ba.gov.br\/\" target=\"_blank\" rel=\"noreferrer noopener\">www.feiradesantana.ba.gov.br<\/a>) e do Di\u00e1rio Oficial do Munic\u00edpio (<a href=\"https:\/\/www.diariooficial.feiradesantana.ba.gov.br\/\">www.diariooficial.feiradesantana.ba.gov.br<\/a>).<\/p>\n<p><em>Siga o Acorda Cidade no<\/em><a href=\"https:\/\/news.google.com\/search?q=acorda%20cidade&amp;hl=pt-BR&amp;gl=BR&amp;ceid=BR%3Apt-419\"><strong><em>\u00a0Google Not\u00edcias<\/em><\/strong><\/a><em>\u00a0e receba os principais destaques do dia. Participe tamb\u00e9m dos nossos canais no\u00a0<\/em><a href=\"https:\/\/www.whatsapp.com\/channel\/0029Va6Rb4v3WHTNnsh8WI3N\"><strong><em>WhatsApp<\/em><\/strong><\/a><em>\u00a0e\u00a0<\/em><a href=\"https:\/\/www.youtube.com\/@acordacidadenoticias\/videos\"><strong>YouTube<\/strong><\/a><em>\u00a0e grupo de\u00a0<\/em><a href=\"https:\/\/t.me\/+sSz0khrgARA0ZmRh\"><strong><em>Telegram<\/em><\/strong><\/a><em>.<\/em><\/p>\n<\/div>\n","protected":false},"excerpt":{"rendered":"<div>\n<div>\n<figure><img decoding=\"async\" src=\"https:\/\/uploads.acordacidade.com.br\/2025\/01\/secretaria-de-educacao-de-feira-de-santana-foto-ed-santos-acorda-cidade-03.jpg\" alt=\"Secretaria de Educa\u00e7\u00e3o de Feira de Santana cuidadores\"><figcaption>Secretaria de Educa\u00e7\u00e3o de Feira de Santana | Foto: Ed Santos \/ Acorda Cidade <\/figcaption><\/figure>\n<\/div>\n<p>Munic\u00edpio fortalece atendimento a estudantes com contrata\u00e7\u00e3o de profissionais<\/p><\/div>\n","protected":false},"author":1,"featured_media":91276,"comment_status":"closed","ping_status":"closed","sticky":false,"template":"","format":"gallery","meta":{"footnotes":""},"categories":[8,9,6,57,56,10],"tags":[],"class_list":["post-91275","post","type-post","status-publish","format-gallery","has-post-thumbnail","hentry","category-bahia","category-brasil","category-feira-de-santana","category-mundo","category-policia","category-politica","post_format-post-format-gallery"],"featured_image_urls":{"full":["https:\/\/noticiasbahia360.com.br\/wp-content\/uploads\/2025\/06\/secretaria-de-educacao-de-feira-de-santana-foto-ed-santos-acorda-cidade-03.jpg",640,480,false],"thumbnail":["https:\/\/noticiasbahia360.com.br\/wp-content\/uploads\/2025\/06\/secretaria-de-educacao-de-feira-de-santana-foto-ed-santos-acorda-cidade-03-150x150.jpg",150,150,true],"medium":["https:\/\/noticiasbahia360.com.br\/wp-content\/uploads\/2025\/06\/secretaria-de-educacao-de-feira-de-santana-foto-ed-santos-acorda-cidade-03-300x225.jpg",300,225,true],"medium_large":["https:\/\/noticiasbahia360.com.br\/wp-content\/uploads\/2025\/06\/secretaria-de-educacao-de-feira-de-santana-foto-ed-santos-acorda-cidade-03.jpg",640,480,false],"large":["https:\/\/noticiasbahia360.com.br\/wp-content\/uploads\/2025\/06\/secretaria-de-educacao-de-feira-de-santana-foto-ed-santos-acorda-cidade-03.jpg",640,480,false],"1536x1536":["https:\/\/noticiasbahia360.com.br\/wp-content\/uploads\/2025\/06\/secretaria-de-educacao-de-feira-de-santana-foto-ed-santos-acorda-cidade-03.jpg",640,480,false],"2048x2048":["https:\/\/noticiasbahia360.com.br\/wp-content\/uploads\/2025\/06\/secretaria-de-educacao-de-feira-de-santana-foto-ed-santos-acorda-cidade-03.jpg",640,480,false],"chromenews-featured":["https:\/\/noticiasbahia360.com.br\/wp-content\/uploads\/2025\/06\/secretaria-de-educacao-de-feira-de-santana-foto-ed-santos-acorda-cidade-03.jpg",640,480,false],"chromenews-large":["https:\/\/noticiasbahia360.com.br\/wp-content\/uploads\/2025\/06\/secretaria-de-educacao-de-feira-de-santana-foto-ed-santos-acorda-cidade-03.jpg",640,480,false],"chromenews-medium":["https:\/\/noticiasbahia360.com.br\/wp-content\/uploads\/2025\/06\/secretaria-de-educacao-de-feira-de-santana-foto-ed-santos-acorda-cidade-03-590x410.jpg",590,410,true]},"author_info":{"display_name":"noticiasbahia360.com.br","author_link":"https:\/\/noticiasbahia360.com.br\/?author=1"},"category_info":"<a href=\"https:\/\/noticiasbahia360.com.br\/?cat=8\" rel=\"category\">Bahia<\/a> <a href=\"https:\/\/noticiasbahia360.com.br\/?cat=9\" rel=\"category\">Brasil<\/a> <a href=\"https:\/\/noticiasbahia360.com.br\/?cat=6\" rel=\"category\">Feira de Santana<\/a> <a href=\"https:\/\/noticiasbahia360.com.br\/?cat=57\" rel=\"category\">Mundo<\/a> <a href=\"https:\/\/noticiasbahia360.com.br\/?cat=56\" rel=\"category\">Pol\u00edcia<\/a> <a href=\"https:\/\/noticiasbahia360.com.br\/?cat=10\" rel=\"category\">Pol\u00edtica<\/a>","tag_info":"Pol\u00edtica","comment_count":"0","_links":{"self":[{"href":"https:\/\/noticiasbahia360.com.br\/index.php?rest_route=\/wp\/v2\/posts\/91275","targetHints":{"allow":["GET"]}}],"collection":[{"href":"https:\/\/noticiasbahia360.com.br\/index.php?rest_route=\/wp\/v2\/posts"}],"about":[{"href":"https:\/\/noticiasbahia360.com.br\/index.php?rest_route=\/wp\/v2\/types\/post"}],"author":[{"embeddable":true,"href":"https:\/\/noticiasbahia360.com.br\/index.php?rest_route=\/wp\/v2\/users\/1"}],"replies":[{"embeddable":true,"href":"https:\/\/noticiasbahia360.com.br\/index.php?rest_route=%2Fwp%2Fv2%2Fcomments&post=91275"}],"version-history":[{"count":0,"href":"https:\/\/noticiasbahia360.com.br\/index.php?rest_route=\/wp\/v2\/posts\/91275\/revisions"}],"wp:featuredmedia":[{"embeddable":true,"href":"https:\/\/noticiasbahia360.com.br\/index.php?rest_route=\/wp\/v2\/media\/91276"}],"wp:attachment":[{"href":"https:\/\/noticiasbahia360.com.br\/index.php?rest_route=%2Fwp%2Fv2%2Fmedia&parent=91275"}],"wp:term":[{"taxonomy":"category","embeddable":true,"href":"https:\/\/noticiasbahia360.com.br\/index.php?rest_route=%2Fwp%2Fv2%2Fcategories&post=91275"},{"taxonomy":"post_tag","embeddable":true,"href":"https:\/\/noticiasbahia360.com.br\/index.php?rest_route=%2Fwp%2Fv2%2Ftags&post=91275"}],"curies":[{"name":"wp","href":"https:\/\/api.w.org\/{rel}","templated":true}]}}