{"id":91286,"date":"2025-06-27T14:14:40","date_gmt":"2025-06-27T17:14:40","guid":{"rendered":"https:\/\/noticiasbahia360.com.br\/?p=91286"},"modified":"2025-06-27T14:14:40","modified_gmt":"2025-06-27T17:14:40","slug":"caminhao-desgovernado-arremessa-carro-de-ponte-na-bahia","status":"publish","type":"post","link":"https:\/\/noticiasbahia360.com.br\/?p=91286","title":{"rendered":"Caminh\u00e3o desgovernado arremessa carro de ponte na Bahia"},"content":{"rendered":"<div>\n<div>\n<figure><img decoding=\"async\" src=\"http:\/\/noticiasbahia360.com.br\/wp-content\/uploads\/2025\/06\/Caminhao-desgovernado-270625.jpg\" alt=\"Caminh\u00e3o desgovernado arremessa carro de ponte na Bahia\"><figcaption>Foto: Reprodu\u00e7\u00e3o\/ Redes Sociais<\/figcaption><\/figure>\n<\/div>\n<p>Na tarde da \u00faltima quinta-feira (26), um caminh\u00e3o desgovernado provocou um grave acidente no km 909 da BR-116, em C\u00e2ndido Sales, no <a href=\"https:\/\/www.acordacidade.com.br\/tag\/sudoeste-da-bahia\/\">sudoeste da Bahia<\/a>.<\/p>\n<p>Imagens de uma c\u00e2mera de seguran\u00e7a registraram o momento exato em que o caminh\u00e3o faz zigue-zague em uma ponte e acaba atingindo um carro que \u00e9 arremessado para fora.<\/p>\n<p><strong>Veja o v\u00eddeo:<\/strong><\/p>\n<figure class=\"wp-block-embed is-type-video is-provider-youtube wp-block-embed-youtube wp-embed-aspect-16-9 wp-has-aspect-ratio\">\n<div class=\"wp-block-embed__wrapper\">\n<iframe class=\"aspect-9x16\" loading=\"lazy\" title=\"Caminh\u00e3o desgovernado arremessa carro de ponte na Bahia\" width=\"500\" height=\"281\" src=\"https:\/\/www.youtube.com\/embed\/XbB9-R-yIps?feature=oembed\" frameborder=\"0\" allow=\"accelerometer; autoplay; clipboard-write; encrypted-media; gyroscope; picture-in-picture; web-share\" referrerpolicy=\"strict-origin-when-cross-origin\" allowfullscreen><\/iframe>\n<\/div>\n<\/figure>\n<p>Em seguida o ve\u00edculo sem dire\u00e7\u00e3o atinge uma carreta, com o impacto a carga de madeira transportada pelo caminh\u00e3o desgovernado se espalhou pela rodovia, logo depois o mesmo despencou de um barranco. Parte da mercadoria foi saqueada. <\/p>\n<p>De acordo a apura\u00e7\u00e3o do Achei Sudoeste, site parceiro do Acorda Cidade, a Pol\u00edcia Rodovi\u00e1ria Federal (PRF), que esteve no local, informou que cinco pessoas ficaram feridas, todas ocupantes do carro de passeio arremessado da ponte.<\/p>\n<figure class=\"wp-block-image size-full\"><img fetchpriority=\"high\" data-dominant-color=\"817c6a\" data-has-transparency=\"false\" style=\"--dominant-color: #817c6a;\" fetchpriority=\"high\" decoding=\"async\" width=\"1200\" height=\"750\" sizes=\"(max-width: 1200px) 100vw, 1200px\" src=\"http:\/\/noticiasbahia360.com.br\/wp-content\/uploads\/2025\/06\/1suaIgy2-Carro-cai-de-ponte-270625.webp\" alt=\"Caminh\u00e3o desgovernado arremessa carro de ponte na Bahia\" class=\"wp-image-569668 not-transparent\" srcset=\"https:\/\/uploads.acordacidade.com.br\/2025\/06\/1suaIgy2-Carro-cai-de-ponte-270625-584x365.webp 584w, https:\/\/uploads.acordacidade.com.br\/2025\/06\/1suaIgy2-Carro-cai-de-ponte-270625-885x553.webp 885w, https:\/\/uploads.acordacidade.com.br\/2025\/06\/1suaIgy2-Carro-cai-de-ponte-270625-150x94.webp 150w, http:\/\/noticiasbahia360.com.br\/wp-content\/uploads\/2025\/06\/1suaIgy2-Carro-cai-de-ponte-270625.webp 1200w\"><figcaption class=\"wp-element-caption\">Foto: Reprodu\u00e7\u00e3o \u2013 Achei Sudoeste\/ Redes Sociais<\/figcaption><\/figure>\n<p>A principal suspeita \u00e9 de falha nos freios do caminh\u00e3o que provocou o acidente. A PRF iniciou a per\u00edcia e aguarda o laudo t\u00e9cnico para confirma\u00e7\u00e3o da causa exata.<\/p>\n<p><em>Siga o Acorda Cidade no<\/em><a href=\"https:\/\/news.google.com\/search?q=acorda%20cidade&amp;hl=pt-BR&amp;gl=BR&amp;ceid=BR%3Apt-419\"><strong><em>\u00a0Google Not\u00edcias<\/em><\/strong><\/a><em>\u00a0e receba os principais destaques do dia. Participe tamb\u00e9m dos nossos canais no\u00a0<\/em><a href=\"https:\/\/www.whatsapp.com\/channel\/0029Va6Rb4v3WHTNnsh8WI3N\"><strong><em>WhatsApp<\/em><\/strong><\/a><em>\u00a0e\u00a0<\/em><a href=\"https:\/\/www.youtube.com\/@acordacidadenoticias\/videos\"><strong>YouTube<\/strong><\/a><em>\u00a0e do grupo no\u00a0<\/em><a href=\"https:\/\/t.me\/+sSz0khrgARA0ZmRh\"><strong><em>Telegram<\/em><\/strong><\/a><\/p>\n<\/div>\n","protected":false},"excerpt":{"rendered":"<div>\n<div>\n<figure><img decoding=\"async\" src=\"https:\/\/uploads.acordacidade.com.br\/2025\/06\/Caminhao-desgovernado-270625.jpg\" alt=\"Caminh\u00e3o desgovernado arremessa carro de ponte na Bahia\"><figcaption>Foto: Reprodu\u00e7\u00e3o\/ Redes Sociais<\/figcaption><\/figure>\n<\/div>\n<p>A principal suspeita \u00e9 de falha nos freios do caminh\u00e3o que provocou o acidente. A PRF iniciou a per\u00edcia e aguarda o laudo t\u00e9cnico para confirma\u00e7\u00e3o da causa exata.<\/p><\/div>\n","protected":false},"author":1,"featured_media":91287,"comment_status":"closed","ping_status":"closed","sticky":false,"template":"","format":"gallery","meta":{"footnotes":""},"categories":[8,9,6,57,56,10],"tags":[],"class_list":["post-91286","post","type-post","status-publish","format-gallery","has-post-thumbnail","hentry","category-bahia","category-brasil","category-feira-de-santana","category-mundo","category-policia","category-politica","post_format-post-format-gallery"],"featured_image_urls":{"full":["https:\/\/noticiasbahia360.com.br\/wp-content\/uploads\/2025\/06\/Caminhao-desgovernado-270625.jpg",1200,675,false],"thumbnail":["https:\/\/noticiasbahia360.com.br\/wp-content\/uploads\/2025\/06\/Caminhao-desgovernado-270625-150x150.jpg",150,150,true],"medium":["https:\/\/noticiasbahia360.com.br\/wp-content\/uploads\/2025\/06\/Caminhao-desgovernado-270625-300x169.jpg",300,169,true],"medium_large":["https:\/\/noticiasbahia360.com.br\/wp-content\/uploads\/2025\/06\/Caminhao-desgovernado-270625-768x432.jpg",640,360,true],"large":["https:\/\/noticiasbahia360.com.br\/wp-content\/uploads\/2025\/06\/Caminhao-desgovernado-270625-1024x576.jpg",640,360,true],"1536x1536":["https:\/\/noticiasbahia360.com.br\/wp-content\/uploads\/2025\/06\/Caminhao-desgovernado-270625.jpg",1200,675,false],"2048x2048":["https:\/\/noticiasbahia360.com.br\/wp-content\/uploads\/2025\/06\/Caminhao-desgovernado-270625.jpg",1200,675,false],"chromenews-featured":["https:\/\/noticiasbahia360.com.br\/wp-content\/uploads\/2025\/06\/Caminhao-desgovernado-270625-1024x576.jpg",1024,576,true],"chromenews-large":["https:\/\/noticiasbahia360.com.br\/wp-content\/uploads\/2025\/06\/Caminhao-desgovernado-270625-825x575.jpg",825,575,true],"chromenews-medium":["https:\/\/noticiasbahia360.com.br\/wp-content\/uploads\/2025\/06\/Caminhao-desgovernado-270625-590x410.jpg",590,410,true]},"author_info":{"display_name":"noticiasbahia360.com.br","author_link":"https:\/\/noticiasbahia360.com.br\/?author=1"},"category_info":"<a href=\"https:\/\/noticiasbahia360.com.br\/?cat=8\" rel=\"category\">Bahia<\/a> <a href=\"https:\/\/noticiasbahia360.com.br\/?cat=9\" rel=\"category\">Brasil<\/a> <a href=\"https:\/\/noticiasbahia360.com.br\/?cat=6\" rel=\"category\">Feira de Santana<\/a> <a href=\"https:\/\/noticiasbahia360.com.br\/?cat=57\" rel=\"category\">Mundo<\/a> <a href=\"https:\/\/noticiasbahia360.com.br\/?cat=56\" rel=\"category\">Pol\u00edcia<\/a> <a href=\"https:\/\/noticiasbahia360.com.br\/?cat=10\" rel=\"category\">Pol\u00edtica<\/a>","tag_info":"Pol\u00edtica","comment_count":"0","_links":{"self":[{"href":"https:\/\/noticiasbahia360.com.br\/index.php?rest_route=\/wp\/v2\/posts\/91286","targetHints":{"allow":["GET"]}}],"collection":[{"href":"https:\/\/noticiasbahia360.com.br\/index.php?rest_route=\/wp\/v2\/posts"}],"about":[{"href":"https:\/\/noticiasbahia360.com.br\/index.php?rest_route=\/wp\/v2\/types\/post"}],"author":[{"embeddable":true,"href":"https:\/\/noticiasbahia360.com.br\/index.php?rest_route=\/wp\/v2\/users\/1"}],"replies":[{"embeddable":true,"href":"https:\/\/noticiasbahia360.com.br\/index.php?rest_route=%2Fwp%2Fv2%2Fcomments&post=91286"}],"version-history":[{"count":0,"href":"https:\/\/noticiasbahia360.com.br\/index.php?rest_route=\/wp\/v2\/posts\/91286\/revisions"}],"wp:featuredmedia":[{"embeddable":true,"href":"https:\/\/noticiasbahia360.com.br\/index.php?rest_route=\/wp\/v2\/media\/91287"}],"wp:attachment":[{"href":"https:\/\/noticiasbahia360.com.br\/index.php?rest_route=%2Fwp%2Fv2%2Fmedia&parent=91286"}],"wp:term":[{"taxonomy":"category","embeddable":true,"href":"https:\/\/noticiasbahia360.com.br\/index.php?rest_route=%2Fwp%2Fv2%2Fcategories&post=91286"},{"taxonomy":"post_tag","embeddable":true,"href":"https:\/\/noticiasbahia360.com.br\/index.php?rest_route=%2Fwp%2Fv2%2Ftags&post=91286"}],"curies":[{"name":"wp","href":"https:\/\/api.w.org\/{rel}","templated":true}]}}