{"id":91290,"date":"2025-06-27T14:35:33","date_gmt":"2025-06-27T17:35:33","guid":{"rendered":"https:\/\/noticiasbahia360.com.br\/?p=91290"},"modified":"2025-06-27T14:35:33","modified_gmt":"2025-06-27T17:35:33","slug":"fio-de-alta-tensao-mata-pai-e-filho-eletrocutados-em-feira-de-santana-2","status":"publish","type":"post","link":"https:\/\/noticiasbahia360.com.br\/?p=91290","title":{"rendered":"Fio de alta tens\u00e3o mata pai e filho eletrocutados em Feira de Santana"},"content":{"rendered":"<div>\n<div>\n<figure><img decoding=\"async\" src=\"http:\/\/noticiasbahia360.com.br\/wp-content\/uploads\/2025\/06\/Pai-e-filho-morrem-Foto-Ed-Santos-Acorda-Cidade-1-1.jpg\" alt=\"Pai e filho\"><figcaption>Foto: Ed Santos\/Acorda Cidade <\/figcaption><\/figure>\n<\/div>\n<p>Uma trag\u00e9dia comoveu moradores do povoado <strong>Olhos D\u2019\u00c1gua<\/strong> da Formiga, distrito de Maria Quit\u00e9ria, em <a href=\"https:\/\/www.acordacidade.com.br\/tag\/feira-de-santana\/\"><strong>Feira de Santana<\/strong><\/a>, na manh\u00e3 desta sexta-feira (27). Pai e filho morreram eletrocutados ap\u00f3s um acidente envolvendo um caminh\u00e3o ba\u00fa e um fio de alta tens\u00e3o. As v\u00edtimas foram identificadas como Jonathas Lima de Jesus e o pequeno Bernardo, de apenas dois anos.<\/p>\n<p>O caso ocorreu por volta das 10h23 e foi registrado pelo plant\u00e3o central da 1\u00aa Coordenadoria Regional de Pol\u00edcia do Interior (Coorpin), por meio do Centro Integrado de Comunica\u00e7\u00f5es (Cicom).<\/p>\n<p>Segundo relatos de moradores e testemunhas, Jonathas realizava uma manobra em marcha \u00e0 r\u00e9 com o caminh\u00e3o ba\u00fa quando o ve\u00edculo encostou em um fio de alta tens\u00e3o, que segundo moradores j\u00e1 estava prestes a cair, provocando uma descarga el\u00e9trica que resultou na morte de pai e filho. O caminh\u00e3o n\u00e3o sofreu nenhum impacto.<\/p>\n<h2 class=\"wp-block-heading\" id=\"h-pai-e-filho-foram-eletrocutados-tia-se-salvou\">Pai e filho foram eletrocutados, tia se salvou <\/h2>\n<p>Na tentativa de socorrer o filho, que havia descido do ve\u00edculo e possivelmente foi atingido pela descarga el\u00e9trica, Jonathas tamb\u00e9m acabou sendo eletrocutado. Ambos morreram no local. A tia da crian\u00e7a, que tamb\u00e9m estava no caminh\u00e3o e n\u00e3o desceu do ve\u00edculo, sobreviveu.<\/p>\n<p>Jailson da Silva Miranda, comerciante que trabalha pr\u00f3ximo ao local do <a href=\"https:\/\/www.acordacidade.com.br\/tag\/acidente\/\"><strong>acidente<\/strong><\/a>, contou ao Acorda Cidade que a situa\u00e7\u00e3o do poste e da fia\u00e7\u00e3o j\u00e1 havia sido denunciada \u00e0 Coelba h\u00e1 semanas. Ele afirmou que t\u00e9cnicos da empresa estiveram no local na noite anterior, filmaram a estrutura e prometeram retornar com outra equipe o que, segundo ele, n\u00e3o aconteceu.<\/p>\n<p>\u201cEsse poste da <a href=\"https:\/\/www.acordacidade.com.br\/tag\/coelba\/\"><strong>Coelba<\/strong><\/a> est\u00e1 assim h\u00e1 muito tempo. A galera vem cobrando sobre esse problema h\u00e1 muito tempo. Ontem \u00e0 noite a equipe veio, viu o problema, filmou e disse que voltaria com outra equipe. N\u00e3o voltaram. Hoje, perdemos duas vidas por isso\u201d, lamentou Jailson.<\/p>\n<p>Segundo o comerciante, o bra\u00e7o de sustenta\u00e7\u00e3o do poste j\u00e1 apresentava risco de queda h\u00e1 semanas, e v\u00e1rios pedidos de manuten\u00e7\u00e3o haviam sido feitos.<\/p>\n<p>\u201cJ\u00e1 tem mais de 30 dias que a gente reclama disso. E agora estamos sem energia\u201d, disse Jailson.<\/p>\n<p>Ao Acorda Cidade, Jailson relatou ainda que tentou ajudar com baldes d\u2019\u00e1gua ao ver o caminh\u00e3o pegando fogo, mas foi contido por vizinhos temendo que tamb\u00e9m sofresse uma descarga el\u00e9trica.<\/p>\n<p>\u201cPensei que o caminh\u00e3o estava pegando fogo todo. Peguei uns dois baldes d\u2019\u00e1gua, mas o pessoal me segurou com medo da energia me atingir. Os corpos j\u00e1 estavam ca\u00eddos no ch\u00e3o. Foi uma cena desesperadora.\u201d<\/p>\n<p>Jos\u00e9 Carlos, irm\u00e3o de Valdira (a tia da crian\u00e7a) e tio de Jonathas, tamb\u00e9m falou com a reportagem do Acorda Cidade. Ele contou que o caminh\u00e3o pertencia a um primo da fam\u00edlia e que Jonathas seguia para carregar o ve\u00edculo em um atacad\u00e3o da cidade.<\/p>\n<p>\u201cEle ia deixar a crian\u00e7a na casa da av\u00f3, como fazia sempre, e depois seguiria para carregar o caminh\u00e3o. Na hora da r\u00e9, houve a colis\u00e3o. O fio tocou no caminh\u00e3o e causou tudo isso. Minha irm\u00e3 gritava, os corpos ainda estavam em chamas e ningu\u00e9m podia se aproximar por causa do risco.\u201d<\/p>\n<p>Equipes da Pol\u00edcia Civil, do Departamento de Pol\u00edcia T\u00e9cnica (DPT) e da pr\u00f3pria Coelba foram acionadas e estiveram no local para apurar as circunst\u00e2ncias da trag\u00e9dia. A concession\u00e1ria de energia ainda n\u00e3o se pronunciou oficialmente sobre o caso.<\/p>\n<p>O acidente aconteceu a cerca de 150 metros da pra\u00e7a principal do povoado. As circunst\u00e2ncias do ocorrido ainda ser\u00e3o investigadas pelas autoridades. O vel\u00f3rio e sepultamento das v\u00edtimas ainda n\u00e3o tiveram detalhes divulgados.<\/p>\n<p><em>A produ\u00e7\u00e3o do Acorda Cidade entrou em contato com a Coelba e aguarda um retorno. <\/em><\/p>\n<p><em>Com informa\u00e7\u00f5es do rep\u00f3rter Ed Santos do Acorda Cidade<\/em><\/p>\n<\/p>\n<p><em>Siga o Acorda Cidade no<\/em><a href=\"https:\/\/news.google.com\/search?q=acorda%20cidade&amp;hl=pt-BR&amp;gl=BR&amp;ceid=BR%3Apt-419\"><strong><em>\u00a0Google Not\u00edcias<\/em><\/strong><\/a><em>\u00a0e receba os principais destaques do dia. Participe tamb\u00e9m dos nossos canais no\u00a0<\/em><a href=\"https:\/\/www.whatsapp.com\/channel\/0029Va6Rb4v3WHTNnsh8WI3N\"><strong><em>WhatsApp<\/em><\/strong><\/a><em>\u00a0e\u00a0<\/em><a href=\"https:\/\/www.youtube.com\/@acordacidadenoticias\/videos\"><strong>Youtube<\/strong><\/a><em>\u00a0e grupo de\u00a0<\/em><a href=\"https:\/\/t.me\/+sSz0khrgARA0ZmRh\"><strong><em>Telegram<\/em><\/strong><\/a><em>.<\/em><\/p>\n<\/div>\n","protected":false},"excerpt":{"rendered":"<div>\n<div>\n<figure><img decoding=\"async\" src=\"https:\/\/uploads.acordacidade.com.br\/2025\/06\/Pai-e-filho-morrem-Foto-Ed-Santos-Acorda-Cidade-.jpg\" alt=\"Pai e filho\"><figcaption>Foto: Ed Santos\/Acorda Cidade <\/figcaption><\/figure>\n<\/div>\n<p>O acidente aconteceu a cerca de 150 metros da pra\u00e7a principal do povoado. As circunst\u00e2ncias do ocorrido ainda ser\u00e3o investigadas pelas autoridades.<\/p><\/div>\n","protected":false},"author":1,"featured_media":91292,"comment_status":"closed","ping_status":"closed","sticky":false,"template":"","format":"gallery","meta":{"footnotes":""},"categories":[8,9,6,57,56,10],"tags":[],"class_list":["post-91290","post","type-post","status-publish","format-gallery","has-post-thumbnail","hentry","category-bahia","category-brasil","category-feira-de-santana","category-mundo","category-policia","category-politica","post_format-post-format-gallery"],"featured_image_urls":{"full":["https:\/\/noticiasbahia360.com.br\/wp-content\/uploads\/2025\/06\/Pai-e-filho-morrem-Foto-Ed-Santos-Acorda-Cidade-1-1.jpg",1200,675,false],"thumbnail":["https:\/\/noticiasbahia360.com.br\/wp-content\/uploads\/2025\/06\/Pai-e-filho-morrem-Foto-Ed-Santos-Acorda-Cidade-1-1-150x150.jpg",150,150,true],"medium":["https:\/\/noticiasbahia360.com.br\/wp-content\/uploads\/2025\/06\/Pai-e-filho-morrem-Foto-Ed-Santos-Acorda-Cidade-1-1-300x169.jpg",300,169,true],"medium_large":["https:\/\/noticiasbahia360.com.br\/wp-content\/uploads\/2025\/06\/Pai-e-filho-morrem-Foto-Ed-Santos-Acorda-Cidade-1-1-768x432.jpg",640,360,true],"large":["https:\/\/noticiasbahia360.com.br\/wp-content\/uploads\/2025\/06\/Pai-e-filho-morrem-Foto-Ed-Santos-Acorda-Cidade-1-1-1024x576.jpg",640,360,true],"1536x1536":["https:\/\/noticiasbahia360.com.br\/wp-content\/uploads\/2025\/06\/Pai-e-filho-morrem-Foto-Ed-Santos-Acorda-Cidade-1-1.jpg",1200,675,false],"2048x2048":["https:\/\/noticiasbahia360.com.br\/wp-content\/uploads\/2025\/06\/Pai-e-filho-morrem-Foto-Ed-Santos-Acorda-Cidade-1-1.jpg",1200,675,false],"chromenews-featured":["https:\/\/noticiasbahia360.com.br\/wp-content\/uploads\/2025\/06\/Pai-e-filho-morrem-Foto-Ed-Santos-Acorda-Cidade-1-1-1024x576.jpg",1024,576,true],"chromenews-large":["https:\/\/noticiasbahia360.com.br\/wp-content\/uploads\/2025\/06\/Pai-e-filho-morrem-Foto-Ed-Santos-Acorda-Cidade-1-1-825x575.jpg",825,575,true],"chromenews-medium":["https:\/\/noticiasbahia360.com.br\/wp-content\/uploads\/2025\/06\/Pai-e-filho-morrem-Foto-Ed-Santos-Acorda-Cidade-1-1-590x410.jpg",590,410,true]},"author_info":{"display_name":"noticiasbahia360.com.br","author_link":"https:\/\/noticiasbahia360.com.br\/?author=1"},"category_info":"<a href=\"https:\/\/noticiasbahia360.com.br\/?cat=8\" rel=\"category\">Bahia<\/a> <a href=\"https:\/\/noticiasbahia360.com.br\/?cat=9\" rel=\"category\">Brasil<\/a> <a href=\"https:\/\/noticiasbahia360.com.br\/?cat=6\" rel=\"category\">Feira de Santana<\/a> <a href=\"https:\/\/noticiasbahia360.com.br\/?cat=57\" rel=\"category\">Mundo<\/a> <a href=\"https:\/\/noticiasbahia360.com.br\/?cat=56\" rel=\"category\">Pol\u00edcia<\/a> <a href=\"https:\/\/noticiasbahia360.com.br\/?cat=10\" rel=\"category\">Pol\u00edtica<\/a>","tag_info":"Pol\u00edtica","comment_count":"0","_links":{"self":[{"href":"https:\/\/noticiasbahia360.com.br\/index.php?rest_route=\/wp\/v2\/posts\/91290","targetHints":{"allow":["GET"]}}],"collection":[{"href":"https:\/\/noticiasbahia360.com.br\/index.php?rest_route=\/wp\/v2\/posts"}],"about":[{"href":"https:\/\/noticiasbahia360.com.br\/index.php?rest_route=\/wp\/v2\/types\/post"}],"author":[{"embeddable":true,"href":"https:\/\/noticiasbahia360.com.br\/index.php?rest_route=\/wp\/v2\/users\/1"}],"replies":[{"embeddable":true,"href":"https:\/\/noticiasbahia360.com.br\/index.php?rest_route=%2Fwp%2Fv2%2Fcomments&post=91290"}],"version-history":[{"count":0,"href":"https:\/\/noticiasbahia360.com.br\/index.php?rest_route=\/wp\/v2\/posts\/91290\/revisions"}],"wp:featuredmedia":[{"embeddable":true,"href":"https:\/\/noticiasbahia360.com.br\/index.php?rest_route=\/wp\/v2\/media\/91292"}],"wp:attachment":[{"href":"https:\/\/noticiasbahia360.com.br\/index.php?rest_route=%2Fwp%2Fv2%2Fmedia&parent=91290"}],"wp:term":[{"taxonomy":"category","embeddable":true,"href":"https:\/\/noticiasbahia360.com.br\/index.php?rest_route=%2Fwp%2Fv2%2Fcategories&post=91290"},{"taxonomy":"post_tag","embeddable":true,"href":"https:\/\/noticiasbahia360.com.br\/index.php?rest_route=%2Fwp%2Fv2%2Ftags&post=91290"}],"curies":[{"name":"wp","href":"https:\/\/api.w.org\/{rel}","templated":true}]}} 