{"id":91303,"date":"2025-06-27T14:49:55","date_gmt":"2025-06-27T17:49:55","guid":{"rendered":"https:\/\/noticiasbahia360.com.br\/?p=91303"},"modified":"2025-06-27T14:49:55","modified_gmt":"2025-06-27T17:49:55","slug":"onde-assistir-bahia-de-feira-e-ypiranga-pela-serie-b","status":"publish","type":"post","link":"https:\/\/noticiasbahia360.com.br\/?p=91303","title":{"rendered":"Onde assistir Bahia de Feira e Ypiranga pela S\u00e9rie B?"},"content":{"rendered":"<div>\n<div>\n<figure><img decoding=\"async\" src=\"http:\/\/noticiasbahia360.com.br\/wp-content\/uploads\/2025\/06\/transmissao-jogo-de-futebol-270627.jpg\" alt=\"Onde assistir Bahia de Feira e Ypiranga pela S\u00e9rie B?\"><figcaption>Foto: Divulga\u00e7\u00e3o <\/figcaption><\/figure>\n<\/div>\n<p>Bahia de Feira e Ypiranga se enfrentam neste domingo (29), \u00e0s 15h, pela nona e \u00faltima rodada da primeira fase da S\u00e9rie B do <a href=\"https:\/\/www.acordacidade.com.br\/tag\/campeonato-baiano\/\">Campeonato Baiano<\/a>. A TVE transmite o jogo a partir das 14h45 (pr\u00e9-jogo), direto da Arena Cajueiro, em Feira de Santana. O confronto ser\u00e1 transmitido pela TV aberta e tamb\u00e9m poder\u00e1 ser acompanhado ao vivo pelo <a href=\"https:\/\/www.youtube.com\/tvebahia\" target=\"_blank\" rel=\"noreferrer noopener\">canal do YouTube da TVE Bahia<\/a>.<\/p>\n<p>Com oito vit\u00f3rias, dois empates e uma derrota, o Tremend\u00e3o soma 17 pontos e \u00e9 vice-l\u00edder do campeonato. O time j\u00e1 tem vaga garantida para a pr\u00f3xima etapa da competi\u00e7\u00e3o e depende apenas do resultado da partida para conhecer seu advers\u00e1rio da semifinal. J\u00e1 o Aurinegro entra em campo em busca de um triunfo para conseguir avan\u00e7ar no campeonato. Com 13 pontos, o clube precisa de um resultado positivo para entrar no G4 e garantir vaga na semifinal. A disputa direta \u00e9 com o Gal\u00edcia, atual quarto colocado com 15 pontos, que n\u00e3o joga mais nesta rodada. Se vencer, o Ypiranga chega a 16 pontos e ultrapassa o rival na tabela, conquistando a classifica\u00e7\u00e3o.<\/p>\n<p>A cobertura ter\u00e1 narra\u00e7\u00e3o de Valter Lima, com coment\u00e1rios de Rodrigo Ara\u00fajo e reportagem de Marina Arag\u00e3o. Tem ainda conte\u00fados exclusivos no instagram.com\/tvebahia, tiktok.com\/@tvebahia e twitter.com\/tvebahia. Os torcedores poder\u00e3o participar tamb\u00e9m pelo WhatsApp 71 99626 0307. Os programas TVE Esporte (segunda-feira, \u00e0s 19h), TVE Revista (diariamente \u00e0s 12h) e TVE Not\u00edcias (diariamente \u00e0s 18h30) fazem a cobertura especial da competi\u00e7\u00e3o.<\/p>\n<p><strong>Servi\u00e7o:<\/strong><\/p>\n<p><strong>Bahia de Feira e Ypiranga pela S\u00e9rie B do Baian\u00e3o na TVE<br \/>Quando:<\/strong> domingo (29), \u00e0s 14h45 (pr\u00e9-jogo).<br \/><strong>Onde:<\/strong> TVE e youtube.com\/tvebahia<\/p>\n<p><em>Siga o Acorda Cidade no<\/em><a href=\"https:\/\/news.google.com\/search?q=acorda%20cidade&amp;hl=pt-BR&amp;gl=BR&amp;ceid=BR%3Apt-419\"><strong><em>\u00a0Google Not\u00edcias<\/em><\/strong><\/a><em>\u00a0e receba os principais destaques do dia. Participe tamb\u00e9m dos nossos canais no\u00a0<\/em><a href=\"https:\/\/www.whatsapp.com\/channel\/0029Va6Rb4v3WHTNnsh8WI3N\"><strong><em>WhatsApp<\/em><\/strong><\/a><em>\u00a0e\u00a0<\/em><a href=\"https:\/\/www.youtube.com\/@acordacidadenoticias\/videos\"><strong>YouTube<\/strong><\/a><em>\u00a0e do grupo no\u00a0<\/em><a href=\"https:\/\/t.me\/+sSz0khrgARA0ZmRh\"><strong><em>Telegram<\/em><\/strong><\/a><\/p>\n<\/div>\n","protected":false},"excerpt":{"rendered":"<div>\n<div>\n<figure><img decoding=\"async\" src=\"https:\/\/uploads.acordacidade.com.br\/2025\/06\/transmissao-jogo-de-futebol-270627.jpg\" alt=\"Onde assistir Bahia de Feira e Ypiranga pela S\u00e9rie B?\"><figcaption>Foto: Divulga\u00e7\u00e3o <\/figcaption><\/figure>\n<\/div>\n<p>A cobertura ter\u00e1 narra\u00e7\u00e3o de Valter Lima, com coment\u00e1rios de Rodrigo Ara\u00fajo e reportagem de Marina Arag\u00e3o.<\/p><\/div>\n","protected":false},"author":1,"featured_media":91305,"comment_status":"closed","ping_status":"closed","sticky":false,"template":"","format":"gallery","meta":{"footnotes":""},"categories":[8,9,6,57,56,10],"tags":[],"class_list":["post-91303","post","type-post","status-publish","format-gallery","has-post-thumbnail","hentry","category-bahia","category-brasil","category-feira-de-santana","category-mundo","category-policia","category-politica","post_format-post-format-gallery"],"featured_image_urls":{"full":["https:\/\/noticiasbahia360.com.br\/wp-content\/uploads\/2025\/06\/transmissao-jogo-de-futebol-270627.jpg",1200,800,false],"thumbnail":["https:\/\/noticiasbahia360.com.br\/wp-content\/uploads\/2025\/06\/transmissao-jogo-de-futebol-270627-150x150.jpg",150,150,true],"medium":["https:\/\/noticiasbahia360.com.br\/wp-content\/uploads\/2025\/06\/transmissao-jogo-de-futebol-270627-300x200.jpg",300,200,true],"medium_large":["https:\/\/noticiasbahia360.com.br\/wp-content\/uploads\/2025\/06\/transmissao-jogo-de-futebol-270627-768x512.jpg",640,427,true],"large":["https:\/\/noticiasbahia360.com.br\/wp-content\/uploads\/2025\/06\/transmissao-jogo-de-futebol-270627-1024x683.jpg",640,427,true],"1536x1536":["https:\/\/noticiasbahia360.com.br\/wp-content\/uploads\/2025\/06\/transmissao-jogo-de-futebol-270627.jpg",1200,800,false],"2048x2048":["https:\/\/noticiasbahia360.com.br\/wp-content\/uploads\/2025\/06\/transmissao-jogo-de-futebol-270627.jpg",1200,800,false],"chromenews-featured":["https:\/\/noticiasbahia360.com.br\/wp-content\/uploads\/2025\/06\/transmissao-jogo-de-futebol-270627-1024x683.jpg",1024,683,true],"chromenews-large":["https:\/\/noticiasbahia360.com.br\/wp-content\/uploads\/2025\/06\/transmissao-jogo-de-futebol-270627-825x575.jpg",825,575,true],"chromenews-medium":["https:\/\/noticiasbahia360.com.br\/wp-content\/uploads\/2025\/06\/transmissao-jogo-de-futebol-270627-590x410.jpg",590,410,true]},"author_info":{"display_name":"noticiasbahia360.com.br","author_link":"https:\/\/noticiasbahia360.com.br\/?author=1"},"category_info":"<a href=\"https:\/\/noticiasbahia360.com.br\/?cat=8\" rel=\"category\">Bahia<\/a> <a href=\"https:\/\/noticiasbahia360.com.br\/?cat=9\" rel=\"category\">Brasil<\/a> <a href=\"https:\/\/noticiasbahia360.com.br\/?cat=6\" rel=\"category\">Feira de Santana<\/a> <a href=\"https:\/\/noticiasbahia360.com.br\/?cat=57\" rel=\"category\">Mundo<\/a> <a href=\"https:\/\/noticiasbahia360.com.br\/?cat=56\" rel=\"category\">Pol\u00edcia<\/a> <a href=\"https:\/\/noticiasbahia360.com.br\/?cat=10\" rel=\"category\">Pol\u00edtica<\/a>","tag_info":"Pol\u00edtica","comment_count":"0","_links":{"self":[{"href":"https:\/\/noticiasbahia360.com.br\/index.php?rest_route=\/wp\/v2\/posts\/91303","targetHints":{"allow":["GET"]}}],"collection":[{"href":"https:\/\/noticiasbahia360.com.br\/index.php?rest_route=\/wp\/v2\/posts"}],"about":[{"href":"https:\/\/noticiasbahia360.com.br\/index.php?rest_route=\/wp\/v2\/types\/post"}],"author":[{"embeddable":true,"href":"https:\/\/noticiasbahia360.com.br\/index.php?rest_route=\/wp\/v2\/users\/1"}],"replies":[{"embeddable":true,"href":"https:\/\/noticiasbahia360.com.br\/index.php?rest_route=%2Fwp%2Fv2%2Fcomments&post=91303"}],"version-history":[{"count":0,"href":"https:\/\/noticiasbahia360.com.br\/index.php?rest_route=\/wp\/v2\/posts\/91303\/revisions"}],"wp:featuredmedia":[{"embeddable":true,"href":"https:\/\/noticiasbahia360.com.br\/index.php?rest_route=\/wp\/v2\/media\/91305"}],"wp:attachment":[{"href":"https:\/\/noticiasbahia360.com.br\/index.php?rest_route=%2Fwp%2Fv2%2Fmedia&parent=91303"}],"wp:term":[{"taxonomy":"category","embeddable":true,"href":"https:\/\/noticiasbahia360.com.br\/index.php?rest_route=%2Fwp%2Fv2%2Fcategories&post=91303"},{"taxonomy":"post_tag","embeddable":true,"href":"https:\/\/noticiasbahia360.com.br\/index.php?rest_route=%2Fwp%2Fv2%2Ftags&post=91303"}],"curies":[{"name":"wp","href":"https:\/\/api.w.org\/{rel}","templated":true}]}} 