{"id":91307,"date":"2025-06-27T15:10:01","date_gmt":"2025-06-27T18:10:01","guid":{"rendered":"https:\/\/noticiasbahia360.com.br\/?p=91307"},"modified":"2025-06-27T15:10:01","modified_gmt":"2025-06-27T18:10:01","slug":"decreto-permite-traslado-de-corpo-de-brasileiros-do-exterior","status":"publish","type":"post","link":"https:\/\/noticiasbahia360.com.br\/?p=91307","title":{"rendered":"Decreto permite traslado de corpo de brasileiros do exterior"},"content":{"rendered":"<div>\n<div>\n<figure><img decoding=\"async\" src=\"http:\/\/noticiasbahia360.com.br\/wp-content\/uploads\/2025\/06\/Juliana-Marins-270625.jpg\" alt=\"\"><figcaption>Foto: Reprodu\u00e7\u00e3o\/ Redes Sociais <\/figcaption><\/figure>\n<\/div>\n<p>Ag\u00eancia Brasil \u2013 Decreto assinado pelo presidente Luiz In\u00e1cio Lula da Silva e publicado nesta sexta-feira (27) no <a href=\"https:\/\/www.in.gov.br\/en\/web\/dou\/-\/decreto-n-12.535-de-26-de-junho-de-2025-638428603\" target=\"_blank\" rel=\"noreferrer noopener\">Di\u00e1rio Oficial da Uni\u00e3o<\/a> permite o custeio, pelo governo federal, do traslado de corpos de brasileiros falecidos no exterior.<\/p>\n<p>A publica\u00e7\u00e3o ocorre um dia depois de <a href=\"https:\/\/www.acordacidade.com.br\/tag\/lula\/\">Lula<\/a> conversar, por telefone, com o pai da brasileira Juliana Marins, morta ap\u00f3s cair da encosta de um vulc\u00e3o na Indon\u00e9sia, e assumir o compromisso de auxiliar no traslado do corpo da jovem para o Brasil.<\/p>\n<p>A norma publicada hoje altera o Decreto n\u00ba 9.199, de 20 de novembro de 2017, e prev\u00ea hip\u00f3tese excepcional de custeio, pelo governo federal, de traslado de corpo de nacional falecido no exterior.<\/p>\n<h2 class=\"wp-block-heading\" id=\"h-entenda\">Entenda<\/h2>\n<p>O decreto determina que, em car\u00e1ter excepcional e motivado, a proibi\u00e7\u00e3o do traslado de corpos de nacionais custeada pelo Estado pode deixar de valer nas seguintes situa\u00e7\u00f5es:<\/p>\n<ul class=\"wp-block-list\">\n<li>se a fam\u00edlia comprovar incapacidade financeira para o custeio das despesas com o traslado;<\/li>\n<li>se as despesas com o traslado n\u00e3o estiverem cobertas por seguro contratado pelo falecido em favor dele, ou previstas em contrato de trabalho se o deslocamento para o exterior tiver ocorrido a servi\u00e7o;<\/li>\n<li>se o falecimento ocorrer em circunst\u00e2ncias que causem como\u00e7\u00e3o;<\/li>\n<li>se houver disponibilidade or\u00e7ament\u00e1ria e financeira.<\/li>\n<\/ul>\n<p><em>Siga o Acorda Cidade no<\/em><a href=\"https:\/\/news.google.com\/search?q=acorda%20cidade&amp;hl=pt-BR&amp;gl=BR&amp;ceid=BR%3Apt-419\"><strong><em>\u00a0Google Not\u00edcias<\/em><\/strong><\/a><em>\u00a0e receba os principais destaques do dia. Participe tamb\u00e9m dos nossos canais no\u00a0<\/em><a href=\"https:\/\/www.whatsapp.com\/channel\/0029Va6Rb4v3WHTNnsh8WI3N\"><strong><em>WhatsApp<\/em><\/strong><\/a><em>\u00a0e\u00a0<\/em><a href=\"https:\/\/www.youtube.com\/@acordacidadenoticias\/videos\"><strong>YouTube<\/strong><\/a><em>\u00a0e do grupo no\u00a0<\/em><a href=\"https:\/\/t.me\/+sSz0khrgARA0ZmRh\"><strong><em>Telegram<\/em><\/strong><\/a><\/p>\n<\/div>\n","protected":false},"excerpt":{"rendered":"<div>\n<div>\n<figure><img decoding=\"async\" src=\"https:\/\/uploads.acordacidade.com.br\/2025\/06\/Juliana-Marins-270625.jpg\" alt=\"\"><figcaption>Foto: Reprodu\u00e7\u00e3o\/ Redes Sociais <\/figcaption><\/figure>\n<\/div>\n<p>Norma foi publicada nesta sexta-feira no Di\u00e1rio Oficial da Uni\u00e3o.<\/p><\/div>\n","protected":false},"author":1,"featured_media":91308,"comment_status":"closed","ping_status":"closed","sticky":false,"template":"","format":"gallery","meta":{"footnotes":""},"categories":[8,9,6,57,56,10],"tags":[],"class_list":["post-91307","post","type-post","status-publish","format-gallery","has-post-thumbnail","hentry","category-bahia","category-brasil","category-feira-de-santana","category-mundo","category-policia","category-politica","post_format-post-format-gallery"],"featured_image_urls":{"full":["https:\/\/noticiasbahia360.com.br\/wp-content\/uploads\/2025\/06\/Juliana-Marins-270625.jpg",1200,718,false],"thumbnail":["https:\/\/noticiasbahia360.com.br\/wp-content\/uploads\/2025\/06\/Juliana-Marins-270625-150x150.jpg",150,150,true],"medium":["https:\/\/noticiasbahia360.com.br\/wp-content\/uploads\/2025\/06\/Juliana-Marins-270625-300x180.jpg",300,180,true],"medium_large":["https:\/\/noticiasbahia360.com.br\/wp-content\/uploads\/2025\/06\/Juliana-Marins-270625-768x460.jpg",640,383,true],"large":["https:\/\/noticiasbahia360.com.br\/wp-content\/uploads\/2025\/06\/Juliana-Marins-270625-1024x613.jpg",640,383,true],"1536x1536":["https:\/\/noticiasbahia360.com.br\/wp-content\/uploads\/2025\/06\/Juliana-Marins-270625.jpg",1200,718,false],"2048x2048":["https:\/\/noticiasbahia360.com.br\/wp-content\/uploads\/2025\/06\/Juliana-Marins-270625.jpg",1200,718,false],"chromenews-featured":["https:\/\/noticiasbahia360.com.br\/wp-content\/uploads\/2025\/06\/Juliana-Marins-270625-1024x613.jpg",1024,613,true],"chromenews-large":["https:\/\/noticiasbahia360.com.br\/wp-content\/uploads\/2025\/06\/Juliana-Marins-270625-825x575.jpg",825,575,true],"chromenews-medium":["https:\/\/noticiasbahia360.com.br\/wp-content\/uploads\/2025\/06\/Juliana-Marins-270625-590x410.jpg",590,410,true]},"author_info":{"display_name":"noticiasbahia360.com.br","author_link":"https:\/\/noticiasbahia360.com.br\/?author=1"},"category_info":"<a href=\"https:\/\/noticiasbahia360.com.br\/?cat=8\" rel=\"category\">Bahia<\/a> <a href=\"https:\/\/noticiasbahia360.com.br\/?cat=9\" rel=\"category\">Brasil<\/a> <a href=\"https:\/\/noticiasbahia360.com.br\/?cat=6\" rel=\"category\">Feira de Santana<\/a> <a href=\"https:\/\/noticiasbahia360.com.br\/?cat=57\" rel=\"category\">Mundo<\/a> <a href=\"https:\/\/noticiasbahia360.com.br\/?cat=56\" rel=\"category\">Pol\u00edcia<\/a> <a href=\"https:\/\/noticiasbahia360.com.br\/?cat=10\" rel=\"category\">Pol\u00edtica<\/a>","tag_info":"Pol\u00edtica","comment_count":"0","_links":{"self":[{"href":"https:\/\/noticiasbahia360.com.br\/index.php?rest_route=\/wp\/v2\/posts\/91307","targetHints":{"allow":["GET"]}}],"collection":[{"href":"https:\/\/noticiasbahia360.com.br\/index.php?rest_route=\/wp\/v2\/posts"}],"about":[{"href":"https:\/\/noticiasbahia360.com.br\/index.php?rest_route=\/wp\/v2\/types\/post"}],"author":[{"embeddable":true,"href":"https:\/\/noticiasbahia360.com.br\/index.php?rest_route=\/wp\/v2\/users\/1"}],"replies":[{"embeddable":true,"href":"https:\/\/noticiasbahia360.com.br\/index.php?rest_route=%2Fwp%2Fv2%2Fcomments&post=91307"}],"version-history":[{"count":0,"href":"https:\/\/noticiasbahia360.com.br\/index.php?rest_route=\/wp\/v2\/posts\/91307\/revisions"}],"wp:featuredmedia":[{"embeddable":true,"href":"https:\/\/noticiasbahia360.com.br\/index.php?rest_route=\/wp\/v2\/media\/91308"}],"wp:attachment":[{"href":"https:\/\/noticiasbahia360.com.br\/index.php?rest_route=%2Fwp%2Fv2%2Fmedia&parent=91307"}],"wp:term":[{"taxonomy":"category","embeddable":true,"href":"https:\/\/noticiasbahia360.com.br\/index.php?rest_route=%2Fwp%2Fv2%2Fcategories&post=91307"},{"taxonomy":"post_tag","embeddable":true,"href":"https:\/\/noticiasbahia360.com.br\/index.php?rest_route=%2Fwp%2Fv2%2Ftags&post=91307"}],"curies":[{"name":"wp","href":"https:\/\/api.w.org\/{rel}","templated":true}]}}