{"id":91309,"date":"2025-06-27T15:19:57","date_gmt":"2025-06-27T18:19:57","guid":{"rendered":"https:\/\/noticiasbahia360.com.br\/?p=91309"},"modified":"2025-06-27T15:19:57","modified_gmt":"2025-06-27T18:19:57","slug":"colgate-descontinua-pasta-de-dente-apos-relatos-de-reacoes-adversas","status":"publish","type":"post","link":"https:\/\/noticiasbahia360.com.br\/?p=91309","title":{"rendered":"Colgate descontinua pasta de dente ap\u00f3s relatos de rea\u00e7\u00f5es adversas"},"content":{"rendered":"<div>\n<div>\n<figure><img decoding=\"async\" src=\"http:\/\/noticiasbahia360.com.br\/wp-content\/uploads\/2025\/06\/Colgate-270625.jpg\" alt=\"Colgate descontinua pasta de dente ap\u00f3s relatos de rea\u00e7\u00f5es adversas\"><figcaption>Foto: Colgate\/ Divulga\u00e7\u00e3o <\/figcaption><\/figure>\n<\/div>\n<p>Ag\u00eancia Brasil \u2013 A Colgate-Palmolive Brasil informou que est\u00e1 descontinuando o <a href=\"https:\/\/www.acordacidade.com.br\/tag\/creme-dental\/\">creme dental<\/a> Colgate Total Preven\u00e7\u00e3o Ativa Clean Mint, que chegou a ser interditada cautelarmente pela Ag\u00eancia Nacional de Vigil\u00e2ncia Sanit\u00e1ria (Anvisa) ap\u00f3s relatos de efeitos adversos como incha\u00e7o nos l\u00e1bios.<\/p>\n<p>Em nota, a empresa informou que o creme dental, cuja distribui\u00e7\u00e3o para as lojas foi interrompida no final de mar\u00e7o, n\u00e3o apresenta problemas de qualidade. \u201cA decis\u00e3o \u00e9 incentivada pela investiga\u00e7\u00e3o conduzida em aten\u00e7\u00e3o aos consumidores brasileiros e \u00e0 Anvisa, tendo por objeto os n\u00edveis de aromatizante do produto\u201d.<\/p>\n<p>Na resolu\u00e7\u00e3o em que suspendeu os lotes do produto, a Anvisa destacou que uma das possibilidades \u00e9 que a inclus\u00e3o da subst\u00e2ncia fluoreto de estanho na f\u00f3rmula possa ser a causadora das rea\u00e7\u00f5es, que incluem:<\/p>\n<ul class=\"wp-block-list\">\n<li>Les\u00f5es bucais<\/li>\n<li>Sensa\u00e7\u00f5es dolorosas<\/li>\n<li>Sensa\u00e7\u00e3o de queima\u00e7\u00e3o\/ard\u00eancia<\/li>\n<li>Inflama\u00e7\u00e3o gengival<\/li>\n<li>Edema labial<\/li>\n<\/ul>\n<p>Em comunicado, a empresa recomendou que, caso o consumidor perceba \u201cqualquer tipo de desconforto, irrita\u00e7\u00e3o ou altera\u00e7\u00e3o incomum ao utilizar o produto, suspenda o uso imediatamente e entre em contato com o seu dentista\u201d, citando os seguintes canais de atendimento:<\/p>\n<ul class=\"wp-block-list\">\n<li>Site: https:\/\/www.colgatepalmolive.com.br\/contact-us#<\/li>\n<li>WhatsApp: +55 11 972768642<\/li>\n<\/ul>\n<p><em>Siga o Acorda Cidade no<\/em><a href=\"https:\/\/news.google.com\/search?q=acorda%20cidade&amp;hl=pt-BR&amp;gl=BR&amp;ceid=BR%3Apt-419\"><strong><em>\u00a0Google Not\u00edcias<\/em><\/strong><\/a><em>\u00a0e receba os principais destaques do dia. Participe tamb\u00e9m dos nossos canais no\u00a0<\/em><a href=\"https:\/\/www.whatsapp.com\/channel\/0029Va6Rb4v3WHTNnsh8WI3N\"><strong><em>WhatsApp<\/em><\/strong><\/a><em>\u00a0e\u00a0<\/em><a href=\"https:\/\/www.youtube.com\/@acordacidadenoticias\/videos\"><strong>YouTube<\/strong><\/a><em>\u00a0e do grupo no\u00a0<\/em><a href=\"https:\/\/t.me\/+sSz0khrgARA0ZmRh\"><strong><em>Telegram<\/em><\/strong><\/a><\/p>\n<\/div>\n","protected":false},"excerpt":{"rendered":"<div>\n<div>\n<figure><img decoding=\"async\" src=\"https:\/\/uploads.acordacidade.com.br\/2025\/06\/Colgate-270625.jpg\" alt=\"Colgate descontinua pasta de dente ap\u00f3s relatos de rea\u00e7\u00f5es adversas\"><figcaption>Foto: Colgate\/ Divulga\u00e7\u00e3o <\/figcaption><\/figure>\n<\/div>\n<p>O produto \u00e9 o creme dental Colgate Total Preven\u00e7\u00e3o Ativa Clean Mint.<\/p><\/div>\n","protected":false},"author":1,"featured_media":91310,"comment_status":"closed","ping_status":"closed","sticky":false,"template":"","format":"gallery","meta":{"footnotes":""},"categories":[8,9,6,57,56,10],"tags":[],"class_list":["post-91309","post","type-post","status-publish","format-gallery","has-post-thumbnail","hentry","category-bahia","category-brasil","category-feira-de-santana","category-mundo","category-policia","category-politica","post_format-post-format-gallery"],"featured_image_urls":{"full":["https:\/\/noticiasbahia360.com.br\/wp-content\/uploads\/2025\/06\/Colgate-270625.jpg",1200,718,false],"thumbnail":["https:\/\/noticiasbahia360.com.br\/wp-content\/uploads\/2025\/06\/Colgate-270625-150x150.jpg",150,150,true],"medium":["https:\/\/noticiasbahia360.com.br\/wp-content\/uploads\/2025\/06\/Colgate-270625-300x180.jpg",300,180,true],"medium_large":["https:\/\/noticiasbahia360.com.br\/wp-content\/uploads\/2025\/06\/Colgate-270625-768x460.jpg",640,383,true],"large":["https:\/\/noticiasbahia360.com.br\/wp-content\/uploads\/2025\/06\/Colgate-270625-1024x613.jpg",640,383,true],"1536x1536":["https:\/\/noticiasbahia360.com.br\/wp-content\/uploads\/2025\/06\/Colgate-270625.jpg",1200,718,false],"2048x2048":["https:\/\/noticiasbahia360.com.br\/wp-content\/uploads\/2025\/06\/Colgate-270625.jpg",1200,718,false],"chromenews-featured":["https:\/\/noticiasbahia360.com.br\/wp-content\/uploads\/2025\/06\/Colgate-270625-1024x613.jpg",1024,613,true],"chromenews-large":["https:\/\/noticiasbahia360.com.br\/wp-content\/uploads\/2025\/06\/Colgate-270625-825x575.jpg",825,575,true],"chromenews-medium":["https:\/\/noticiasbahia360.com.br\/wp-content\/uploads\/2025\/06\/Colgate-270625-590x410.jpg",590,410,true]},"author_info":{"display_name":"noticiasbahia360.com.br","author_link":"https:\/\/noticiasbahia360.com.br\/?author=1"},"category_info":"<a href=\"https:\/\/noticiasbahia360.com.br\/?cat=8\" rel=\"category\">Bahia<\/a> <a href=\"https:\/\/noticiasbahia360.com.br\/?cat=9\" rel=\"category\">Brasil<\/a> <a href=\"https:\/\/noticiasbahia360.com.br\/?cat=6\" rel=\"category\">Feira de Santana<\/a> <a href=\"https:\/\/noticiasbahia360.com.br\/?cat=57\" rel=\"category\">Mundo<\/a> <a href=\"https:\/\/noticiasbahia360.com.br\/?cat=56\" rel=\"category\">Pol\u00edcia<\/a> <a href=\"https:\/\/noticiasbahia360.com.br\/?cat=10\" rel=\"category\">Pol\u00edtica<\/a>","tag_info":"Pol\u00edtica","comment_count":"0","_links":{"self":[{"href":"https:\/\/noticiasbahia360.com.br\/index.php?rest_route=\/wp\/v2\/posts\/91309","targetHints":{"allow":["GET"]}}],"collection":[{"href":"https:\/\/noticiasbahia360.com.br\/index.php?rest_route=\/wp\/v2\/posts"}],"about":[{"href":"https:\/\/noticiasbahia360.com.br\/index.php?rest_route=\/wp\/v2\/types\/post"}],"author":[{"embeddable":true,"href":"https:\/\/noticiasbahia360.com.br\/index.php?rest_route=\/wp\/v2\/users\/1"}],"replies":[{"embeddable":true,"href":"https:\/\/noticiasbahia360.com.br\/index.php?rest_route=%2Fwp%2Fv2%2Fcomments&post=91309"}],"version-history":[{"count":0,"href":"https:\/\/noticiasbahia360.com.br\/index.php?rest_route=\/wp\/v2\/posts\/91309\/revisions"}],"wp:featuredmedia":[{"embeddable":true,"href":"https:\/\/noticiasbahia360.com.br\/index.php?rest_route=\/wp\/v2\/media\/91310"}],"wp:attachment":[{"href":"https:\/\/noticiasbahia360.com.br\/index.php?rest_route=%2Fwp%2Fv2%2Fmedia&parent=91309"}],"wp:term":[{"taxonomy":"category","embeddable":true,"href":"https:\/\/noticiasbahia360.com.br\/index.php?rest_route=%2Fwp%2Fv2%2Fcategories&post=91309"},{"taxonomy":"post_tag","embeddable":true,"href":"https:\/\/noticiasbahia360.com.br\/index.php?rest_route=%2Fwp%2Fv2%2Ftags&post=91309"}],"curies":[{"name":"wp","href":"https:\/\/api.w.org\/{rel}","templated":true}]}}