{"id":91313,"date":"2025-06-27T15:36:44","date_gmt":"2025-06-27T18:36:44","guid":{"rendered":"https:\/\/noticiasbahia360.com.br\/?p=91313"},"modified":"2025-06-27T15:36:44","modified_gmt":"2025-06-27T18:36:44","slug":"de-minas-a-sao-paulo-ciclista-feirense-inicia-jornada-pela-estrada-real-e-caminho-da-fe","status":"publish","type":"post","link":"https:\/\/noticiasbahia360.com.br\/?p=91313","title":{"rendered":"De Minas a S\u00e3o Paulo: ciclista feirense inicia jornada pela Estrada Real e Caminho da F\u00e9"},"content":{"rendered":"<div>\n<div>\n<figure><img decoding=\"async\" src=\"http:\/\/noticiasbahia360.com.br\/wp-content\/uploads\/2025\/06\/Jose-Augusto-Foto-arquivo-pessoal-1-1.jpg\" alt=\"Jos\u00e9 Augusto - Foto - arquivo pessoal ---\"><figcaption>Foto: Arquivo pessoal <\/figcaption><\/figure>\n<\/div>\n<p>Voc\u00ea se lembra do podcast que realizamos com os ciclistas feirenses<em><strong> <\/strong><\/em><a href=\"https:\/\/www.youtube.com\/watch?v=kFiXu4UmF3w\"><strong>Ivan Pereira de Oliveira, e Jos\u00e9 Augusto Gomes, dois aposentados que transformaram o ciclismo em estilo de vida?<\/strong><\/a> Na ocasi\u00e3o, eles contaram como a paix\u00e3o pelas bicicletas os levou at\u00e9 Santiago de Compostela, na Espanha, em uma jornada de f\u00e9, supera\u00e7\u00e3o e amizade. Agora, um novo cap\u00edtulo come\u00e7a.<\/p>\n<p>Nesta sexta-feira, 27 de junho de 2025, o engenheiro <strong>Jos\u00e9 Augusto Gomes<\/strong> parte para mais uma <a href=\"https:\/\/www.acordacidade.com.br\/tag\/jornada\/\">jornada<\/a> espiritual sobre duas rodas, desta vez no Brasil. <strong>Ele ir\u00e1 percorrer mais de 700 quil\u00f4metros atravessando os estados de Minas Gerais e S\u00e3o Paulo, unindo dois dos percursos mais ic\u00f4nicos do cicloturismo nacional: a Estrada Real (Caminho dos Diamantes) e o Caminho da F\u00e9.<\/strong><\/p>\n<p>A jornada tem in\u00edcio na cidade hist\u00f3rica de <strong>Diamantina<\/strong> (MG), com destino final na Bas\u00edlica de Nossa Senhora Aparecida (SP). O percurso \u00e9 repleto de trilhas, estradas rurais, paisagens de tirar o f\u00f4lego e oscila\u00e7\u00f5es no terreno que exige preparo f\u00edsico e emocional, desafios que <strong>Jos\u00e9 Augusto<\/strong> encara com coragem, f\u00e9 e gratid\u00e3o.<\/p>\n<figure class=\"wp-block-image size-full is-resized\"><img fetchpriority=\"high\" data-dominant-color=\"878586\" data-has-transparency=\"false\" fetchpriority=\"high\" decoding=\"async\" width=\"724\" height=\"406\" sizes=\"(max-width: 724px) 100vw, 724px\" src=\"http:\/\/noticiasbahia360.com.br\/wp-content\/uploads\/2025\/06\/UUgVhXN9-Jose-Augusto-Foto-arquivo-pessoal.webp\" alt=\"Ciclista - Jos\u00e9 Augusto - Foto - arquivo pessoal ---\" class=\"wp-image-569728 not-transparent\" style=\"--dominant-color: #878586; width:840px;height:auto\" srcset=\"https:\/\/uploads.acordacidade.com.br\/2025\/06\/UUgVhXN9-Jose-Augusto-Foto-arquivo-pessoal-648x363.webp 648w, https:\/\/uploads.acordacidade.com.br\/2025\/06\/UUgVhXN9-Jose-Augusto-Foto-arquivo-pessoal-150x84.webp 150w, http:\/\/noticiasbahia360.com.br\/wp-content\/uploads\/2025\/06\/UUgVhXN9-Jose-Augusto-Foto-arquivo-pessoal.webp 724w\"><figcaption class=\"wp-element-caption\">Foto: Arquivo pessoal <\/figcaption><\/figure>\n<p>\u201cEstou partindo para mais uma jornada, diretamente de <strong>Diamantina<\/strong>. Ser\u00e1 uma jornada, ali\u00e1s duas, de muitos desafios, mas com f\u00e9 em Deus, cumprirei mais essa miss\u00e3o. Obrigado a todos pelas correntes de ora\u00e7\u00f5es e incentivos. Vamos l\u00e1, eu e a magrela!\u201d, compartilhou ao Acorda Cidade, usando o apelido carinhoso para sua bicicleta.<\/p>\n<p>Essa nova aventura \u00e9, segundo ele, a continua\u00e7\u00e3o do prop\u00f3sito iniciado no ano passado, quando pedalou 900 km no Caminho de Santiago, na Espanha. \u201cFoi um percurso cheio de adversidades, mas muito prazeroso e gratificante. Desta vez, n\u00e3o ser\u00e1 diferente\u201d, disse.<\/p>\n<blockquote class=\"instagram-media\" data-instgrm-captioned data-instgrm-permalink=\"https:\/\/www.instagram.com\/p\/DLVpj8ByUS-\/?utm_source=ig_embed&amp;utm_campaign=loading\" data-instgrm-version=\"14\" style=\" background:#FFF; border:0; border-radius:3px; box-shadow:0 0 1px 0 rgba(0,0,0,0.5),0 1px 10px 0 rgba(0,0,0,0.15); margin: 1px; max-width:540px; min-width:326px; padding:0; width:99.375%; width:-webkit-calc(100% - 2px); width:calc(100% - 2px);\">\n<div style=\"padding:16px;\"> <a href=\"https:\/\/www.instagram.com\/p\/DLVpj8ByUS-\/?utm_source=ig_embed&amp;utm_campaign=loading\" style=\" background:#FFFFFF; line-height:0; padding:0 0; text-align:center; text-decoration:none; width:100%;\" target=\"_blank\"> <\/p>\n<div style=\" display: flex; flex-direction: row; align-items: center;\">\n<div style=\"background-color: #F4F4F4; border-radius: 50%; flex-grow: 0; height: 40px; margin-right: 14px; width: 40px;\"><\/div>\n<div style=\"display: flex; flex-direction: column; flex-grow: 1; justify-content: center;\">\n<div style=\" background-color: #F4F4F4; border-radius: 4px; flex-grow: 0; height: 14px; margin-bottom: 6px; width: 100px;\"><\/div>\n<div style=\" background-color: #F4F4F4; border-radius: 4px; flex-grow: 0; height: 14px; width: 60px;\"><\/div>\n<\/div>\n<\/div>\n<div style=\"padding: 19% 0;\"><\/div>\n<div style=\"display:block; height:50px; margin:0 auto 12px; width:50px;\"><svg width=\"50px\" height=\"50px\" viewbox=\"0 0 60 60\" version=\"1.1\" xmlns=\"https:\/\/www.w3.org\/2000\/svg\" xmlns:xlink=\"https:\/\/www.w3.org\/1999\/xlink\"><g stroke=\"none\" stroke-width=\"1\" fill=\"none\" fill-rule=\"evenodd\"><g transform=\"translate(-511.000000, -20.000000)\" fill=\"#000000\"><g><path d=\"M556.869,30.41 C554.814,30.41 553.148,32.076 553.148,34.131 C553.148,36.186 554.814,37.852 556.869,37.852 C558.924,37.852 560.59,36.186 560.59,34.131 C560.59,32.076 558.924,30.41 556.869,30.41 M541,60.657 C535.114,60.657 530.342,55.887 530.342,50 C530.342,44.114 535.114,39.342 541,39.342 C546.887,39.342 551.658,44.114 551.658,50 C551.658,55.887 546.887,60.657 541,60.657 M541,33.886 C532.1,33.886 524.886,41.1 524.886,50 C524.886,58.899 532.1,66.113 541,66.113 C549.9,66.113 557.115,58.899 557.115,50 C557.115,41.1 549.9,33.886 541,33.886 M565.378,62.101 C565.244,65.022 564.756,66.606 564.346,67.663 C563.803,69.06 563.154,70.057 562.106,71.106 C561.058,72.155 560.06,72.803 558.662,73.347 C557.607,73.757 556.021,74.244 553.102,74.378 C549.944,74.521 548.997,74.552 541,74.552 C533.003,74.552 532.056,74.521 528.898,74.378 C525.979,74.244 524.393,73.757 523.338,73.347 C521.94,72.803 520.942,72.155 519.894,71.106 C518.846,70.057 518.197,69.06 517.654,67.663 C517.244,66.606 516.755,65.022 516.623,62.101 C516.479,58.943 516.448,57.996 516.448,50 C516.448,42.003 516.479,41.056 516.623,37.899 C516.755,34.978 517.244,33.391 517.654,32.338 C518.197,30.938 518.846,29.942 519.894,28.894 C520.942,27.846 521.94,27.196 523.338,26.654 C524.393,26.244 525.979,25.756 528.898,25.623 C532.057,25.479 533.004,25.448 541,25.448 C548.997,25.448 549.943,25.479 553.102,25.623 C556.021,25.756 557.607,26.244 558.662,26.654 C560.06,27.196 561.058,27.846 562.106,28.894 C563.154,29.942 563.803,30.938 564.346,32.338 C564.756,33.391 565.244,34.978 565.378,37.899 C565.522,41.056 565.552,42.003 565.552,50 C565.552,57.996 565.522,58.943 565.378,62.101 M570.82,37.631 C570.674,34.438 570.167,32.258 569.425,30.349 C568.659,28.377 567.633,26.702 565.965,25.035 C564.297,23.368 562.623,22.342 560.652,21.575 C558.743,20.834 556.562,20.326 553.369,20.18 C550.169,20.033 549.148,20 541,20 C532.853,20 531.831,20.033 528.631,20.18 C525.438,20.326 523.257,20.834 521.349,21.575 C519.376,22.342 517.703,23.368 516.035,25.035 C514.368,26.702 513.342,28.377 512.574,30.349 C511.834,32.258 511.326,34.438 511.181,37.631 C511.035,40.831 511,41.851 511,50 C511,58.147 511.035,59.17 511.181,62.369 C511.326,65.562 511.834,67.743 512.574,69.651 C513.342,71.625 514.368,73.296 516.035,74.965 C517.703,76.634 519.376,77.658 521.349,78.425 C523.257,79.167 525.438,79.673 528.631,79.82 C531.831,79.965 532.853,80.001 541,80.001 C549.148,80.001 550.169,79.965 553.369,79.82 C556.562,79.673 558.743,79.167 560.652,78.425 C562.623,77.658 564.297,76.634 565.965,74.965 C567.633,73.296 568.659,71.625 569.425,69.651 C570.167,67.743 570.674,65.562 570.82,62.369 C570.966,59.17 571,58.147 571,50 C571,41.851 570.966,40.831 570.82,37.631\"><\/path><\/g><\/g><\/g><\/svg><\/div>\n<div style=\"padding-top: 8px;\">\n<div style=\" color:#3897f0; font-family:Arial,sans-serif; font-size:14px; font-style:normal; font-weight:550; line-height:18px;\">Ver esta publica\u00e7\u00e3o no Instagram<\/div>\n<\/div>\n<div style=\"padding: 12.5% 0;\"><\/div>\n<div style=\"display: flex; flex-direction: row; margin-bottom: 14px; align-items: center;\">\n<div>\n<div style=\"background-color: #F4F4F4; border-radius: 50%; height: 12.5px; width: 12.5px; transform: translateX(0px) translateY(7px);\"><\/div>\n<div style=\"background-color: #F4F4F4; height: 12.5px; transform: rotate(-45deg) translateX(3px) translateY(1px); width: 12.5px; flex-grow: 0; margin-right: 14px; margin-left: 2px;\"><\/div>\n<div style=\"background-color: #F4F4F4; border-radius: 50%; height: 12.5px; width: 12.5px; transform: translateX(9px) translateY(-18px);\"><\/div>\n<\/div>\n<div style=\"margin-left: 8px;\">\n<div style=\" background-color: #F4F4F4; border-radius: 50%; flex-grow: 0; height: 20px; width: 20px;\"><\/div>\n<div style=\" width: 0; height: 0; border-top: 2px solid transparent; border-left: 6px solid #f4f4f4; border-bottom: 2px solid transparent; transform: translateX(16px) translateY(-4px) rotate(30deg)\"><\/div>\n<\/div>\n<div style=\"margin-left: auto;\">\n<div style=\" width: 0px; border-top: 8px solid #F4F4F4; border-right: 8px solid transparent; transform: translateY(16px);\"><\/div>\n<div style=\" background-color: #F4F4F4; flex-grow: 0; height: 12px; width: 16px; transform: translateY(-4px);\"><\/div>\n<div style=\" width: 0; height: 0; border-top: 8px solid #F4F4F4; border-left: 8px solid transparent; transform: translateY(-4px) translateX(8px);\"><\/div>\n<\/div>\n<\/div>\n<div style=\"display: flex; flex-direction: column; flex-grow: 1; justify-content: center; margin-bottom: 24px;\">\n<div style=\" background-color: #F4F4F4; border-radius: 4px; flex-grow: 0; height: 14px; margin-bottom: 6px; width: 224px;\"><\/div>\n<div style=\" background-color: #F4F4F4; border-radius: 4px; flex-grow: 0; height: 14px; width: 144px;\"><\/div>\n<\/div>\n<p><\/a><\/p>\n<p style=\" color:#c9c8cd; font-family:Arial,sans-serif; font-size:14px; line-height:17px; margin-bottom:0; margin-top:8px; overflow:hidden; padding:8px 0 7px; text-align:center; text-overflow:ellipsis; white-space:nowrap;\"><a href=\"https:\/\/www.instagram.com\/p\/DLVpj8ByUS-\/?utm_source=ig_embed&amp;utm_campaign=loading\" style=\" color:#c9c8cd; font-family:Arial,sans-serif; font-size:14px; font-style:normal; font-weight:normal; line-height:17px; text-decoration:none;\" target=\"_blank\">Uma publica\u00e7\u00e3o partilhada por Jos\u00e9 Augusto Raphael Gomes (@joseaugustoraphaelgomes)<\/a><\/p>\n<\/div>\n<\/blockquote>\n<p><script async src=\"\/\/www.instagram.com\/embed.js\"><\/script><\/p>\n<p>Durante o percurso, <strong>Jos\u00e9 Augusto<\/strong> pretende registrar os momentos mais marcantes em suas redes sociais, com o objetivo de inspirar outros ciclistas e peregrinos. Uma jornada de f\u00e9, resili\u00eancia e prop\u00f3sito, em que cada pedalada \u00e9 tamb\u00e9m uma ora\u00e7\u00e3o.<\/p>\n<h2 class=\"wp-block-heading\" id=\"h-a-historia-por-tras-dos-caminhos-que-esperam-o-cliclista\">A hist\u00f3ria por tr\u00e1s dos caminhos que esperam o cliclista<\/h2>\n<p>Os caminhos escolhidos por <strong>Jos\u00e9 Augusto<\/strong> guardam profundas ra\u00edzes hist\u00f3ricas e religiosas. A <strong>Estrada Real<\/strong>, mais especificamente o <strong>Caminho dos Diamantes<\/strong>, surgiu no s\u00e9culo XVII, quando a Coroa Portuguesa oficializou as rotas utilizadas para transportar ouro e diamantes extra\u00eddos em Minas Gerais at\u00e9 os portos do Rio de Janeiro. Era o Brasil Col\u00f4nia, e essas trilhas foram fundamentais para a economia da \u00e9poca. Dos quatro caminhos que comp\u00f5em a <strong>Estrada Real<\/strong>, o <strong>Caminho dos Diamantes<\/strong>, que liga <strong>Diamantina a Ouro Preto<\/strong>, \u00e9 um dos mais desafiadores e belos, passando por cidades coloniais cercadas por trilhas, vales e montanhas deslumbrantes.<\/p>\n<figure class=\"wp-block-image size-large\"><img data-dominant-color=\"979c8f\" data-has-transparency=\"false\" style=\"--dominant-color: #979c8f;\" decoding=\"async\" width=\"1023\" height=\"768\" sizes=\"(max-width: 1023px) 100vw, 1023px\" src=\"http:\/\/noticiasbahia360.com.br\/wp-content\/uploads\/2025\/06\/nITMMmIA-Jose-Augusto-Foto-arquivo-pessoal-1023x768-1.webp\" alt=\"Ciclista - Jos\u00e9 Augusto - Foto - arquivo pessoal ---\" class=\"wp-image-569726 not-transparent\" srcset=\"https:\/\/uploads.acordacidade.com.br\/2025\/06\/nITMMmIA-Jose-Augusto-Foto-arquivo-pessoal--486x365.webp 486w, http:\/\/noticiasbahia360.com.br\/wp-content\/uploads\/2025\/06\/nITMMmIA-Jose-Augusto-Foto-arquivo-pessoal-1023x768-1.webp 1023w, https:\/\/uploads.acordacidade.com.br\/2025\/06\/nITMMmIA-Jose-Augusto-Foto-arquivo-pessoal--737x553.webp 737w, https:\/\/uploads.acordacidade.com.br\/2025\/06\/nITMMmIA-Jose-Augusto-Foto-arquivo-pessoal--150x113.webp 150w, https:\/\/uploads.acordacidade.com.br\/2025\/06\/nITMMmIA-Jose-Augusto-Foto-arquivo-pessoal-.webp 1200w\"><figcaption class=\"wp-element-caption\">Foto: Arquivo pessoal <\/figcaption><\/figure>\n<p>J\u00e1 a <strong>Bas\u00edlica de Nossa Senhora Aparecida<\/strong>, destino final da jornada, \u00e9 o maior santu\u00e1rio mariano do Brasil e um dos maiores do mundo. Localizada no interior de S\u00e3o Paulo, em <strong>Aparecida<\/strong>, ela atrai milh\u00f5es de fi\u00e9is todos os anos. A igreja abriga a imagem da santa padroeira do Brasil, encontrada por pescadores no s\u00e9culo XVIII, e tornou-se s\u00edmbolo de devo\u00e7\u00e3o nacional.<\/p>\n<\/p>\n<p><strong>Leia tamb\u00e9m: <\/strong><a href=\"https:\/\/www.acordacidade.com.br\/podcasts\/aposentados-aventureiros-conheca-a-historia-dos-amigos-ciclistas-e-sua-jornada-a-santiago-de-compostela\/\" target=\"_blank\" rel=\"noreferrer noopener\">Aposentados aventureiros: conhe\u00e7a a hist\u00f3ria dos amigos ciclistas e sua jornada a Santiago de Compostela<\/a><\/p>\n<\/p>\n<p><em>Siga o Acorda Cidade no<\/em><a href=\"https:\/\/news.google.com\/search?q=acorda%20cidade&amp;hl=pt-BR&amp;gl=BR&amp;ceid=BR%3Apt-419\"><strong><em>\u00a0Google Not\u00edcias<\/em><\/strong><\/a><em>\u00a0e receba os principais destaques do dia. Participe tamb\u00e9m dos nossos canais no\u00a0<\/em><a href=\"https:\/\/www.whatsapp.com\/channel\/0029Va6Rb4v3WHTNnsh8WI3N\"><strong><em>WhatsApp<\/em><\/strong><\/a><em>\u00a0e\u00a0<\/em><a href=\"https:\/\/www.youtube.com\/@acordacidadenoticias\/videos\"><strong>YouTube<\/strong><\/a><em>\u00a0e grupo de\u00a0<\/em><a href=\"https:\/\/t.me\/+sSz0khrgARA0ZmRh\"><strong><em>Telegram<\/em><\/strong><\/a><em>.<\/em><\/p>\n<\/p>\n<p> <\/p>\n<\/div>\n","protected":false},"excerpt":{"rendered":"<div>\n<div>\n<figure><img decoding=\"async\" src=\"https:\/\/uploads.acordacidade.com.br\/2025\/06\/Jose-Augusto-Foto-arquivo-pessoal-1-1.jpg\" alt=\"Jos\u00e9 Augusto - Foto - arquivo pessoal ---\"><figcaption>Foto: Arquivo pessoal <\/figcaption><\/figure>\n<\/div>\n<p>O ciclista Jos\u00e9 Augusto ir\u00e1 percorrer mais de 700 quil\u00f4metros atravessando os estados de Minas Gerais e S\u00e3o Paulo, unindo dois dos percursos mais ic\u00f4nicos do cicloturismo nacional: a Estrada Real (Caminho dos Diamantes) e o Caminho da F\u00e9.<\/p><\/div>\n","protected":false},"author":1,"featured_media":91314,"comment_status":"closed","ping_status":"closed","sticky":false,"template":"","format":"gallery","meta":{"footnotes":""},"categories":[8,9,6,57,56,10],"tags":[],"class_list":["post-91313","post","type-post","status-publish","format-gallery","has-post-thumbnail","hentry","category-bahia","category-brasil","category-feira-de-santana","category-mundo","category-policia","category-politica","post_format-post-format-gallery"],"featured_image_urls":{"full":["https:\/\/noticiasbahia360.com.br\/wp-content\/uploads\/2025\/06\/Jose-Augusto-Foto-arquivo-pessoal-1-1.jpg",1200,901,false],"thumbnail":["https:\/\/noticiasbahia360.com.br\/wp-content\/uploads\/2025\/06\/Jose-Augusto-Foto-arquivo-pessoal-1-1-150x150.jpg",150,150,true],"medium":["https:\/\/noticiasbahia360.com.br\/wp-content\/uploads\/2025\/06\/Jose-Augusto-Foto-arquivo-pessoal-1-1-300x225.jpg",300,225,true],"medium_large":["https:\/\/noticiasbahia360.com.br\/wp-content\/uploads\/2025\/06\/Jose-Augusto-Foto-arquivo-pessoal-1-1-768x577.jpg",640,481,true],"large":["https:\/\/noticiasbahia360.com.br\/wp-content\/uploads\/2025\/06\/Jose-Augusto-Foto-arquivo-pessoal-1-1-1024x769.jpg",640,481,true],"1536x1536":["https:\/\/noticiasbahia360.com.br\/wp-content\/uploads\/2025\/06\/Jose-Augusto-Foto-arquivo-pessoal-1-1.jpg",1200,901,false],"2048x2048":["https:\/\/noticiasbahia360.com.br\/wp-content\/uploads\/2025\/06\/Jose-Augusto-Foto-arquivo-pessoal-1-1.jpg",1200,901,false],"chromenews-featured":["https:\/\/noticiasbahia360.com.br\/wp-content\/uploads\/2025\/06\/Jose-Augusto-Foto-arquivo-pessoal-1-1-1024x769.jpg",1024,769,true],"chromenews-large":["https:\/\/noticiasbahia360.com.br\/wp-content\/uploads\/2025\/06\/Jose-Augusto-Foto-arquivo-pessoal-1-1-825x575.jpg",825,575,true],"chromenews-medium":["https:\/\/noticiasbahia360.com.br\/wp-content\/uploads\/2025\/06\/Jose-Augusto-Foto-arquivo-pessoal-1-1-590x410.jpg",590,410,true]},"author_info":{"display_name":"noticiasbahia360.com.br","author_link":"https:\/\/noticiasbahia360.com.br\/?author=1"},"category_info":"<a href=\"https:\/\/noticiasbahia360.com.br\/?cat=8\" rel=\"category\">Bahia<\/a> <a href=\"https:\/\/noticiasbahia360.com.br\/?cat=9\" rel=\"category\">Brasil<\/a> <a href=\"https:\/\/noticiasbahia360.com.br\/?cat=6\" rel=\"category\">Feira de Santana<\/a> <a href=\"https:\/\/noticiasbahia360.com.br\/?cat=57\" rel=\"category\">Mundo<\/a> <a href=\"https:\/\/noticiasbahia360.com.br\/?cat=56\" rel=\"category\">Pol\u00edcia<\/a> <a href=\"https:\/\/noticiasbahia360.com.br\/?cat=10\" rel=\"category\">Pol\u00edtica<\/a>","tag_info":"Pol\u00edtica","comment_count":"0","_links":{"self":[{"href":"https:\/\/noticiasbahia360.com.br\/index.php?rest_route=\/wp\/v2\/posts\/91313","targetHints":{"allow":["GET"]}}],"collection":[{"href":"https:\/\/noticiasbahia360.com.br\/index.php?rest_route=\/wp\/v2\/posts"}],"about":[{"href":"https:\/\/noticiasbahia360.com.br\/index.php?rest_route=\/wp\/v2\/types\/post"}],"author":[{"embeddable":true,"href":"https:\/\/noticiasbahia360.com.br\/index.php?rest_route=\/wp\/v2\/users\/1"}],"replies":[{"embeddable":true,"href":"https:\/\/noticiasbahia360.com.br\/index.php?rest_route=%2Fwp%2Fv2%2Fcomments&post=91313"}],"version-history":[{"count":0,"href":"https:\/\/noticiasbahia360.com.br\/index.php?rest_route=\/wp\/v2\/posts\/91313\/revisions"}],"wp:featuredmedia":[{"embeddable":true,"href":"https:\/\/noticiasbahia360.com.br\/index.php?rest_route=\/wp\/v2\/media\/91314"}],"wp:attachment":[{"href":"https:\/\/noticiasbahia360.com.br\/index.php?rest_route=%2Fwp%2Fv2%2Fmedia&parent=91313"}],"wp:term":[{"taxonomy":"category","embeddable":true,"href":"https:\/\/noticiasbahia360.com.br\/index.php?rest_route=%2Fwp%2Fv2%2Fcategories&post=91313"},{"taxonomy":"post_tag","embeddable":true,"href":"https:\/\/noticiasbahia360.com.br\/index.php?rest_route=%2Fwp%2Fv2%2Ftags&post=91313"}],"curies":[{"name":"wp","href":"https:\/\/api.w.org\/{rel}","templated":true}]}}