{"id":91317,"date":"2025-06-27T15:36:50","date_gmt":"2025-06-27T18:36:50","guid":{"rendered":"https:\/\/noticiasbahia360.com.br\/?p=91317"},"modified":"2025-06-27T15:36:50","modified_gmt":"2025-06-27T18:36:50","slug":"juros-do-cartao-de-credito-sobem-a-4499-ao-ano","status":"publish","type":"post","link":"https:\/\/noticiasbahia360.com.br\/?p=91317","title":{"rendered":"Juros do cart\u00e3o de cr\u00e9dito sobem a 449,9% ao ano"},"content":{"rendered":"<div>\n<div>\n<figure><img decoding=\"async\" src=\"http:\/\/noticiasbahia360.com.br\/wp-content\/uploads\/2025\/06\/cartao-de-credito.jpg\" alt=\"cart\u00e3o de cr\u00e9dito juros\"><figcaption>Foto: Reprodu\u00e7\u00e3o\/ Jornal Nacional<\/figcaption><\/figure>\n<\/div>\n<p>Ag\u00eancia Brasil \u2013 Os juros m\u00e9dios cobrados em maio pelas empresas de <a href=\"https:\/\/www.acordacidade.com.br\/tag\/cartao-de-credito\/\">cart\u00e3o de cr\u00e9dito<\/a> rotativo est\u00e3o mais altos no Brasil, enquanto os do cheque especial e do cr\u00e9dito consignado ca\u00edram. \u00c9 o que informam as Estat\u00edsticas Monet\u00e1rias e de Cr\u00e9dito, divulgadas nesta sexta-feira (27) pelo Banco Central (BC).<\/p>\n<p>De acordo com o BC, em maio, os juros m\u00e9dios dos cart\u00f5es de cr\u00e9dito rotativo chegaram a 449,9% ao ano, o que representa alta de 5,7 pontos percentuais (p.p.), na compara\u00e7\u00e3o com o m\u00eas anterior (444,2%).<\/p>\n<p>A cobran\u00e7a do rotativo \u00e9 feita quando o valor total da fatura n\u00e3o \u00e9 pago at\u00e9 a data de vencimento do cart\u00e3o de cr\u00e9dito, levando o cliente a ter de parcelar o que \u00e9 devido.<\/p>\n<p>J\u00e1 os juros m\u00e9dios cobrados pelo cheque especial ficaram em 134,7% ao ano. Em abril, a taxa estava 2,7 p.p. abaixo da observada em maio (137,4%).<\/p>\n<h2 class=\"wp-block-heading\" id=\"h-consignado\">Consignado<\/h2>\n<p>Outra modalidade de cr\u00e9dito que tem sido muito usada pelos brasileiros \u00e9 a do <a href=\"https:\/\/www.acordacidade.com.br\/tag\/credito-consignado\/\">consignado<\/a>. Segundo o BC, no m\u00eas de maio houve queda de 0,4 p.p. na modalidade, na compara\u00e7\u00e3o com o m\u00eas anterior, ficando em 26,5% (consignado total).<\/p>\n<p>No caso do consignado cobrado em maio na folha de <a href=\"https:\/\/www.acordacidade.com.br\/tag\/servidores-publicos\/\">servidores p\u00fablicos<\/a> (mais barato em fun\u00e7\u00e3o das garantias dadas pela estabilidade no emprego), os juros cobrados ficaram em 24,8% ao ano. Para o consignado dos trabalhadores do setor privado, o percentual sobe para 55,6% ao ano.<\/p>\n<p>Nos consignados adquiridos por benefici\u00e1rios do Instituto Nacional do Seguro Social (<a href=\"https:\/\/www.acordacidade.com.br\/tag\/inss\/\">INSS<\/a>), o juro cobrado estava em 24,3%, tamb\u00e9m tendo como maio como m\u00eas de refer\u00eancia.<\/p>\n<p><em>Siga o Acorda Cidade no<\/em><a href=\"https:\/\/news.google.com\/search?q=acorda%20cidade&amp;hl=pt-BR&amp;gl=BR&amp;ceid=BR%3Apt-419\"><strong><em>\u00a0Google Not\u00edcias<\/em><\/strong><\/a><em>\u00a0e receba os principais destaques do dia. Participe tamb\u00e9m dos nossos canais no\u00a0<\/em><a href=\"https:\/\/www.whatsapp.com\/channel\/0029Va6Rb4v3WHTNnsh8WI3N\"><strong><em>WhatsApp<\/em><\/strong><\/a><em>\u00a0e\u00a0<\/em><a href=\"https:\/\/www.youtube.com\/@acordacidadenoticias\/videos\"><strong>Youtube<\/strong><\/a><em>\u00a0e grupo de\u00a0<\/em><a href=\"https:\/\/t.me\/+sSz0khrgARA0ZmRh\"><strong><em>Telegram<\/em><\/strong><\/a><em>.<\/em><\/p>\n<\/div>\n","protected":false},"excerpt":{"rendered":"<div>\n<div>\n<figure><img decoding=\"async\" src=\"https:\/\/uploads.acordacidade.com.br\/2025\/01\/cartao-de-credito.jpg\" alt=\"cart\u00e3o de cr\u00e9dito juros\"><figcaption>Foto: Reprodu\u00e7\u00e3o\/ Jornal Nacional<\/figcaption><\/figure>\n<\/div>\n<p>Cheque especial e consignados reduzem percentuais cobrados, diz BC<\/p><\/div>\n","protected":false},"author":1,"featured_media":91318,"comment_status":"closed","ping_status":"closed","sticky":false,"template":"","format":"gallery","meta":{"footnotes":""},"categories":[8,9,6,57,56,10],"tags":[],"class_list":["post-91317","post","type-post","status-publish","format-gallery","has-post-thumbnail","hentry","category-bahia","category-brasil","category-feira-de-santana","category-mundo","category-policia","category-politica","post_format-post-format-gallery"],"featured_image_urls":{"full":["https:\/\/noticiasbahia360.com.br\/wp-content\/uploads\/2025\/06\/cartao-de-credito.jpg",640,352,false],"thumbnail":["https:\/\/noticiasbahia360.com.br\/wp-content\/uploads\/2025\/06\/cartao-de-credito-150x150.jpg",150,150,true],"medium":["https:\/\/noticiasbahia360.com.br\/wp-content\/uploads\/2025\/06\/cartao-de-credito-300x165.jpg",300,165,true],"medium_large":["https:\/\/noticiasbahia360.com.br\/wp-content\/uploads\/2025\/06\/cartao-de-credito.jpg",640,352,false],"large":["https:\/\/noticiasbahia360.com.br\/wp-content\/uploads\/2025\/06\/cartao-de-credito.jpg",640,352,false],"1536x1536":["https:\/\/noticiasbahia360.com.br\/wp-content\/uploads\/2025\/06\/cartao-de-credito.jpg",640,352,false],"2048x2048":["https:\/\/noticiasbahia360.com.br\/wp-content\/uploads\/2025\/06\/cartao-de-credito.jpg",640,352,false],"chromenews-featured":["https:\/\/noticiasbahia360.com.br\/wp-content\/uploads\/2025\/06\/cartao-de-credito.jpg",640,352,false],"chromenews-large":["https:\/\/noticiasbahia360.com.br\/wp-content\/uploads\/2025\/06\/cartao-de-credito.jpg",640,352,false],"chromenews-medium":["https:\/\/noticiasbahia360.com.br\/wp-content\/uploads\/2025\/06\/cartao-de-credito-590x352.jpg",590,352,true]},"author_info":{"display_name":"noticiasbahia360.com.br","author_link":"https:\/\/noticiasbahia360.com.br\/?author=1"},"category_info":"<a href=\"https:\/\/noticiasbahia360.com.br\/?cat=8\" rel=\"category\">Bahia<\/a> <a href=\"https:\/\/noticiasbahia360.com.br\/?cat=9\" rel=\"category\">Brasil<\/a> <a href=\"https:\/\/noticiasbahia360.com.br\/?cat=6\" rel=\"category\">Feira de Santana<\/a> <a href=\"https:\/\/noticiasbahia360.com.br\/?cat=57\" rel=\"category\">Mundo<\/a> <a href=\"https:\/\/noticiasbahia360.com.br\/?cat=56\" rel=\"category\">Pol\u00edcia<\/a> <a href=\"https:\/\/noticiasbahia360.com.br\/?cat=10\" rel=\"category\">Pol\u00edtica<\/a>","tag_info":"Pol\u00edtica","comment_count":"0","_links":{"self":[{"href":"https:\/\/noticiasbahia360.com.br\/index.php?rest_route=\/wp\/v2\/posts\/91317","targetHints":{"allow":["GET"]}}],"collection":[{"href":"https:\/\/noticiasbahia360.com.br\/index.php?rest_route=\/wp\/v2\/posts"}],"about":[{"href":"https:\/\/noticiasbahia360.com.br\/index.php?rest_route=\/wp\/v2\/types\/post"}],"author":[{"embeddable":true,"href":"https:\/\/noticiasbahia360.com.br\/index.php?rest_route=\/wp\/v2\/users\/1"}],"replies":[{"embeddable":true,"href":"https:\/\/noticiasbahia360.com.br\/index.php?rest_route=%2Fwp%2Fv2%2Fcomments&post=91317"}],"version-history":[{"count":0,"href":"https:\/\/noticiasbahia360.com.br\/index.php?rest_route=\/wp\/v2\/posts\/91317\/revisions"}],"wp:featuredmedia":[{"embeddable":true,"href":"https:\/\/noticiasbahia360.com.br\/index.php?rest_route=\/wp\/v2\/media\/91318"}],"wp:attachment":[{"href":"https:\/\/noticiasbahia360.com.br\/index.php?rest_route=%2Fwp%2Fv2%2Fmedia&parent=91317"}],"wp:term":[{"taxonomy":"category","embeddable":true,"href":"https:\/\/noticiasbahia360.com.br\/index.php?rest_route=%2Fwp%2Fv2%2Fcategories&post=91317"},{"taxonomy":"post_tag","embeddable":true,"href":"https:\/\/noticiasbahia360.com.br\/index.php?rest_route=%2Fwp%2Fv2%2Ftags&post=91317"}],"curies":[{"name":"wp","href":"https:\/\/api.w.org\/{rel}","templated":true}]}}