{"id":91319,"date":"2025-06-27T15:45:51","date_gmt":"2025-06-27T18:45:51","guid":{"rendered":"https:\/\/noticiasbahia360.com.br\/?p=91319"},"modified":"2025-06-27T15:45:51","modified_gmt":"2025-06-27T18:45:51","slug":"ipva-com-desconto-de-8-termina-segunda-feira-30-para-veiculos-com-final-de-placa-8","status":"publish","type":"post","link":"https:\/\/noticiasbahia360.com.br\/?p=91319","title":{"rendered":"IPVA com desconto de 8% termina segunda-feira (30) para ve\u00edculos com final de placa 8"},"content":{"rendered":"<div>\n<div>\n<figure><img decoding=\"async\" src=\"http:\/\/noticiasbahia360.com.br\/wp-content\/uploads\/2025\/06\/wHGAcdTC-IPVA.webp\" alt=\"IPVA: propriet\u00e1rios de ve\u00edculos com placas de finais 5 e 6 t\u00eam desconto de 8%\"><figcaption>Foto: Jo\u00e1 Souza\/GOVBA<\/figcaption><\/figure>\n<\/div>\n<p>Termina na pr\u00f3xima segunda-feira (30) o prazo para os donos de <a href=\"https:\/\/www.acordacidade.com.br\/tag\/veiculos\/\">ve\u00edculos <\/a>com placas de final 8 quitarem a cota \u00fanica do IPVA com desconto de 8%. O calend\u00e1rio completo est\u00e1 dispon\u00edvel no site da Secretaria da Fazenda do Estado (Sefaz-BA), no endere\u00e7o <a href=\"https:\/\/www.sefaz.ba.gov.br\/\" target=\"_blank\" rel=\"noreferrer noopener\">https:\/\/www.sefaz.ba.gov.br<\/a>, canal Inspetoria Eletr\u00f4nica.<\/p>\n<p>O pagamento do tributo pode ser feito via Pix, acessando o portal www.ba.gov.br. Para isso, basta entrar com usu\u00e1rio, senha e solicitar o servi\u00e7o \u201cPagar licenciamento cota \u00fanica \u2013 emiss\u00e3o do DAE\u201d. O pagamento tamb\u00e9m pode ser feito pelos canais das institui\u00e7\u00f5es parceiras da Sefaz-BA: Banco do Brasil, Bradesco ou Banco Sicoob.<\/p>\n<p>Existe ainda a op\u00e7\u00e3o de quitar o IPVA em cinco vezes. Para aderir ao parcelamento, o pagamento da primeira cota deve ser feito na mesma data do vencimento do desconto de 8%, isto \u00e9, 30 de junho para placa final 8. Caso o contribuinte prefira quitar o imposto em cota \u00fanica, sem desconto, o prazo para a placa 8 \u00e9 at\u00e9 31 de outubro.<\/p>\n<h2 class=\"wp-block-heading\" id=\"h-outros-prazos\">Outros prazos<\/h2>\n<p>Vencem ainda, em junho, as cotas mensais para os donos de ve\u00edculos com placas de finais 1, 2, 3, 4, 5 e 6 que dividiram o tributo em cinco vezes. Quem possui ve\u00edculo com placa de final 5 ou 6 e parcelou o IPVA precisa quitar a segunda cota. Vence tamb\u00e9m neste m\u00eas a terceira cota para os propriet\u00e1rios de ve\u00edculos com placas de finais 3 e 4, e a quarta para autom\u00f3veis de placas 1 e 2. As datas s\u00e3o 27, para placas de finais 1, 3 e 5, e 30 de junho, para placas 2, 4 e 6.<\/p>\n<p>De acordo com o Departamento Estadual de Tr\u00e2nsito da Bahia (Detran-Ba), o contribuinte deve estar atento pois o licenciamento completo do ve\u00edculo engloba outros itens al\u00e9m do IPVA, ou seja, para o autom\u00f3vel estar regularizado \u00e9 necess\u00e1rio quitar tamb\u00e9m d\u00e9bitos do licenciamento anual e <a href=\"https:\/\/www.acordacidade.com.br\/tag\/multas\/\">multas<\/a>, se houver. O prazo para ficar em dia com a documenta\u00e7\u00e3o do ve\u00edculo termina na data do vencimento da quinta parcela do imposto.<\/p>\n<p>Para mais informa\u00e7\u00f5es, o contribuinte pode utilizar o atendimento do Balc\u00e3o Virtual, tamb\u00e9m no site <a href=\"https:\/\/www.sefaz.ba.gov.br\/\" target=\"_blank\" rel=\"noreferrer noopener\">https:\/\/www.sefaz.ba.gov.br<\/a> , enviar e-mail para faleconosco@sefaz.ba.gov.br ou ligar para o call center, no 0800 071 0071 (para liga\u00e7\u00f5es de telefone fixo) ou no 71 3319-2500 ou 2501 (para liga\u00e7\u00f5es de celular ou de telefone fixo).<\/p>\n<p><em>Siga o Acorda Cidade no<\/em><a href=\"https:\/\/news.google.com\/search?q=acorda%20cidade&amp;hl=pt-BR&amp;gl=BR&amp;ceid=BR%3Apt-419\"><strong><em>\u00a0Google Not\u00edcias<\/em><\/strong><\/a><em>\u00a0e receba os principais destaques do dia. Participe tamb\u00e9m dos nossos canais no\u00a0<\/em><a href=\"https:\/\/www.whatsapp.com\/channel\/0029Va6Rb4v3WHTNnsh8WI3N\"><strong><em>WhatsApp<\/em><\/strong><\/a><em>\u00a0e\u00a0<\/em><a href=\"https:\/\/www.youtube.com\/@acordacidadenoticias\/videos\"><strong>Youtube<\/strong><\/a><em>\u00a0e grupo de\u00a0<\/em><a href=\"https:\/\/t.me\/+sSz0khrgARA0ZmRh\"><strong><em>Telegram<\/em><\/strong><\/a><em>.<\/em><\/p>\n<\/div>\n","protected":false},"excerpt":{"rendered":"<div>\n<div>\n<figure><img decoding=\"async\" src=\"https:\/\/uploads.acordacidade.com.br\/2025\/03\/wHGAcdTC-IPVA.webp\" alt=\"IPVA: propriet\u00e1rios de ve\u00edculos com placas de finais 5 e 6 t\u00eam desconto de 8%\"><figcaption>Foto: Jo\u00e1 Souza\/GOVBA<\/figcaption><\/figure>\n<\/div>\n<p>O abatimento \u00e9 v\u00e1lido para o pagamento em cota \u00fanica. O contribuinte pode quitar o tributo via Pix, por meio do portal www.ba.gov.br<\/p><\/div>\n","protected":false},"author":1,"featured_media":91320,"comment_status":"closed","ping_status":"closed","sticky":false,"template":"","format":"gallery","meta":{"footnotes":""},"categories":[8,9,6,57,56,10],"tags":[],"class_list":["post-91319","post","type-post","status-publish","format-gallery","has-post-thumbnail","hentry","category-bahia","category-brasil","category-feira-de-santana","category-mundo","category-policia","category-politica","post_format-post-format-gallery"],"featured_image_urls":{"full":["https:\/\/noticiasbahia360.com.br\/wp-content\/uploads\/2025\/06\/wHGAcdTC-IPVA.webp",1200,801,false],"thumbnail":["https:\/\/noticiasbahia360.com.br\/wp-content\/uploads\/2025\/06\/wHGAcdTC-IPVA-150x150.webp",150,150,true],"medium":["https:\/\/noticiasbahia360.com.br\/wp-content\/uploads\/2025\/06\/wHGAcdTC-IPVA-300x200.webp",300,200,true],"medium_large":["https:\/\/noticiasbahia360.com.br\/wp-content\/uploads\/2025\/06\/wHGAcdTC-IPVA-768x513.webp",640,428,true],"large":["https:\/\/noticiasbahia360.com.br\/wp-content\/uploads\/2025\/06\/wHGAcdTC-IPVA-1024x684.webp",640,428,true],"1536x1536":["https:\/\/noticiasbahia360.com.br\/wp-content\/uploads\/2025\/06\/wHGAcdTC-IPVA.webp",1200,801,false],"2048x2048":["https:\/\/noticiasbahia360.com.br\/wp-content\/uploads\/2025\/06\/wHGAcdTC-IPVA.webp",1200,801,false],"chromenews-featured":["https:\/\/noticiasbahia360.com.br\/wp-content\/uploads\/2025\/06\/wHGAcdTC-IPVA-1024x684.webp",1024,684,true],"chromenews-large":["https:\/\/noticiasbahia360.com.br\/wp-content\/uploads\/2025\/06\/wHGAcdTC-IPVA-825x575.webp",825,575,true],"chromenews-medium":["https:\/\/noticiasbahia360.com.br\/wp-content\/uploads\/2025\/06\/wHGAcdTC-IPVA-590x410.webp",590,410,true]},"author_info":{"display_name":"noticiasbahia360.com.br","author_link":"https:\/\/noticiasbahia360.com.br\/?author=1"},"category_info":"<a href=\"https:\/\/noticiasbahia360.com.br\/?cat=8\" rel=\"category\">Bahia<\/a> <a href=\"https:\/\/noticiasbahia360.com.br\/?cat=9\" rel=\"category\">Brasil<\/a> <a href=\"https:\/\/noticiasbahia360.com.br\/?cat=6\" rel=\"category\">Feira de Santana<\/a> <a href=\"https:\/\/noticiasbahia360.com.br\/?cat=57\" rel=\"category\">Mundo<\/a> <a href=\"https:\/\/noticiasbahia360.com.br\/?cat=56\" rel=\"category\">Pol\u00edcia<\/a> <a href=\"https:\/\/noticiasbahia360.com.br\/?cat=10\" rel=\"category\">Pol\u00edtica<\/a>","tag_info":"Pol\u00edtica","comment_count":"0","_links":{"self":[{"href":"https:\/\/noticiasbahia360.com.br\/index.php?rest_route=\/wp\/v2\/posts\/91319","targetHints":{"allow":["GET"]}}],"collection":[{"href":"https:\/\/noticiasbahia360.com.br\/index.php?rest_route=\/wp\/v2\/posts"}],"about":[{"href":"https:\/\/noticiasbahia360.com.br\/index.php?rest_route=\/wp\/v2\/types\/post"}],"author":[{"embeddable":true,"href":"https:\/\/noticiasbahia360.com.br\/index.php?rest_route=\/wp\/v2\/users\/1"}],"replies":[{"embeddable":true,"href":"https:\/\/noticiasbahia360.com.br\/index.php?rest_route=%2Fwp%2Fv2%2Fcomments&post=91319"}],"version-history":[{"count":0,"href":"https:\/\/noticiasbahia360.com.br\/index.php?rest_route=\/wp\/v2\/posts\/91319\/revisions"}],"wp:featuredmedia":[{"embeddable":true,"href":"https:\/\/noticiasbahia360.com.br\/index.php?rest_route=\/wp\/v2\/media\/91320"}],"wp:attachment":[{"href":"https:\/\/noticiasbahia360.com.br\/index.php?rest_route=%2Fwp%2Fv2%2Fmedia&parent=91319"}],"wp:term":[{"taxonomy":"category","embeddable":true,"href":"https:\/\/noticiasbahia360.com.br\/index.php?rest_route=%2Fwp%2Fv2%2Fcategories&post=91319"},{"taxonomy":"post_tag","embeddable":true,"href":"https:\/\/noticiasbahia360.com.br\/index.php?rest_route=%2Fwp%2Fv2%2Ftags&post=91319"}],"curies":[{"name":"wp","href":"https:\/\/api.w.org\/{rel}","templated":true}]}}